{"id":18866,"date":"2013-12-06T14:26:10","date_gmt":"2013-12-06T11:26:10","guid":{"rendered":"https:\/\/www.enerjigazetesi.ist\/?p=18866"},"modified":"2013-12-06T14:26:10","modified_gmt":"2013-12-06T11:26:10","slug":"siemensin-enerji-verimliligi-tiri-turkiye-turunu-tamamladi","status":"publish","type":"post","link":"https:\/\/www.enerjigazetesi.ist\/en\/siemensin-enerji-verimliligi-tiri-turkiye-turunu-tamamladi\/","title":{"rendered":"(Turkish) Siemens&#8217;in Enerji Verimlili\u011fi T\u0131r\u0131, T\u00fcrkiye Turunu Tamamlad\u0131&#8230;"},"content":{"rendered":"<p class=\"qtranxs-available-languages-message qtranxs-available-languages-message-en\">Sorry, this entry is only available in <a href=\"https:\/\/www.enerjigazetesi.ist\/tr\/wp-json\/wp\/v2\/posts\/18866\" class=\"qtranxs-available-language-link qtranxs-available-language-link-tr\" title=\"Turkish\">Turkish<\/a>. For the sake of viewer convenience, the content is shown below in the alternative language. You may click the link to switch the active language.<\/p><p><strong>Siemens\u2019in enerji verimlili\u011fi uygulamalar\u0131n\u0131 tan\u0131tmak ve bu alandaki bilinci art\u0131rmak amac\u0131yla t\u00fcm Avrupa\u2019y\u0131 dola\u015fan \u2018Enerji Verimlili\u011fi TIR\u2019\u0131, 25 Ekim \u2013 8 Kas\u0131m tarihleri aras\u0131nda T\u00fcrkiye\u2019ye geldi.<\/strong><\/p>\n<p>Mart 2012\u2019den bu yana t\u00fcm Avrupa\u2019y\u0131 dola\u015fan tan\u0131t\u0131m arac\u0131, 25 Ekim \u2013 8 Kas\u0131m tarihleri aras\u0131nda T\u00fcrkiye\u2019de farkl\u0131 illeri ziyaret etti. \u00c7erkezk\u00f6y, Gebze, Bursa ve Ankara 1.Organize Sanayi ve Eski\u015fehir Organize Sanayi B\u00f6lgeleri\u2019nde bulunan <a href=\"http:\/\/www.enve.com.tr\" target=\"_blank\">Enerji Verimlili\u011fi <\/a>T\u0131r\u2019\u0131, T\u00fcrkiye\u2019deki son dura\u011f\u0131 olarak Siemens Kartal Tesisleri\u2019nde de ilgililerle bulu\u015ftu. Sismens\u2019ten yap\u0131lan a\u00e7\u0131klamaya g\u00f6re, <a href=\"http:\/\/www.enve.com.tr\" target=\"_blank\">Enerji Verimlili\u011fi <\/a>T\u0131r\u0131\u2019n\u0131n \u00f6zellikle organ<a href=\"https:\/\/www.enerjigazetesi.ist\/wp-content\/uploads\/2013\/10\/Enerji-verimliligi-tirini-Turkiyeye-getiriyor.jpg\"><img loading=\"lazy\" class=\"alignleft size-medium wp-image-16756\" title=\"Enerji-verimliligi-tiri-siemens\" src=\"https:\/\/www.enerjigazetesi.ist\/wp-content\/uploads\/2013\/10\/Enerji-verimliligi-tirini-Turkiyeye-getiriyor-300x195.jpg\" alt=\"\" width=\"300\" height=\"195\" srcset=\"https:\/\/www.enerjigazetesi.ist\/wp-content\/uploads\/2013\/10\/Enerji-verimliligi-tirini-Turkiyeye-getiriyor-300x195.jpg 300w, https:\/\/www.enerjigazetesi.ist\/wp-content\/uploads\/2013\/10\/Enerji-verimliligi-tirini-Turkiyeye-getiriyor-500x325.jpg 500w, https:\/\/www.enerjigazetesi.ist\/wp-content\/uploads\/2013\/10\/Enerji-verimliligi-tirini-Turkiyeye-getiriyor-76x50.jpg 76w, https:\/\/www.enerjigazetesi.ist\/wp-content\/uploads\/2013\/10\/Enerji-verimliligi-tirini-Turkiyeye-getiriyor.jpg 699w\" sizes=\"(max-width: 300px) 100vw, 300px\" \/><\/a>ize sanayi b\u00f6lgelerinde duracak olmas\u0131, bu b\u00f6lgelerde faaliyet g\u00f6steren firmalara yeni bir bak\u0131\u015f a\u00e7\u0131s\u0131 sa\u011fl\u0131yor. Ziyaret\u00e7ilerine, ekonomik verimlilik ve \u00fcretkenli\u011fin \u00e7evre dostu end\u00fcstriyel \u00fcretim ile nas\u0131l entegre edilebilece\u011fini detayl\u0131 bir \u015fekilde g\u00f6steren T\u0131r\u2019da; monit\u00f6rler ve canl\u0131 tan\u0131t\u0131mlar, end\u00fcstriyel s\u00fcre\u00e7lerin enerji verimlili\u011fini ama\u00e7layan entegre bir yakla\u015f\u0131mla nas\u0131l optimize edilebilece\u011fini ortaya koyuyor.<\/p>\n<p>Siemens <a href=\"http:\/\/www.enve.com.tr\" target=\"_blank\">Enerji Verimlili\u011fi <\/a>ve Entegre Tesis Y\u00f6netimi Sat\u0131\u015f Y\u00f6neticisi M\u00fcjde Bak\u0131r, konuya ili\u015fkin yapt\u0131\u011f\u0131 a\u00e7\u0131klamada enerji verimlili\u011finin \u00f6nemini \u015fu \u015fekilde anlat\u0131yor: \u201cG\u00fcn\u00fcm\u00fczde enerji verimlili\u011fi, end\u00fcstri ve altyap\u0131 sekt\u00f6rlerinde rekabet\u00e7ili\u011fin korunmas\u0131 a\u00e7\u0131s\u0131ndan en \u00f6nemli itici g\u00fc\u00e7 ve ayn\u0131 zamanda, s\u00f6z konusu ekonomik ve \u00e7evresel hedefleri dengelemek oldu\u011funda en temel belirleyici unsur haline geldi. T\u00fcrkiye\u2019ye getirdi\u011fimiz Enerji Verimlili\u011fi TIR\u2019\u0131, global enerji darbo\u011faz\u0131na kar\u015f\u0131 s\u00fcrd\u00fcrd\u00fc\u011f\u00fcm\u00fcz ba\u015far\u0131l\u0131 fikir liderli\u011fini destekleyen ve bize, end\u00fcstri sekt\u00f6r\u00fcndeki m\u00fc\u015fterilerimiz ile diyalog kap\u0131lar\u0131n\u0131 a\u00e7an mobil enerji yetkinli\u011fi merkezimizdir.\u201d<\/p>\n<p>Kaynak: <a href=\"http:\/\/www.yenienerji.info\/?pid=31174\" target=\"_blank\">Yeni Enerji<\/a><\/p>","protected":false},"excerpt":{"rendered":"<p>Sorry, this entry is only available in Turkish. For the sake of viewer convenience, the content is shown below in the alternative language. You may click the link to switch the active language.Siemens\u2019in enerji verimlili\u011fi uygulamalar\u0131n\u0131 tan\u0131tmak ve bu alandaki bilinci art\u0131rmak amac\u0131yla t\u00fcm Avrupa\u2019y\u0131 dola\u015fan \u2018Enerji Verimlili\u011fi TIR\u2019\u0131, 25 Ekim \u2013 8 Kas\u0131m tarihleri [&hellip;]<\/p>\n","protected":false},"author":1,"featured_media":16756,"comment_status":"open","ping_status":"open","sticky":false,"template":"","format":"standard","meta":[],"categories":[53,52],"tags":[11006,63,67,1009,165,12,486,1053,133],"views":765,"_links":{"self":[{"href":"https:\/\/www.enerjigazetesi.ist\/en\/wp-json\/wp\/v2\/posts\/18866"}],"collection":[{"href":"https:\/\/www.enerjigazetesi.ist\/en\/wp-json\/wp\/v2\/posts"}],"about":[{"href":"https:\/\/www.enerjigazetesi.ist\/en\/wp-json\/wp\/v2\/types\/post"}],"author":[{"embeddable":true,"href":"https:\/\/www.enerjigazetesi.ist\/en\/wp-json\/wp\/v2\/users\/1"}],"replies":[{"embeddable":true,"href":"https:\/\/www.enerjigazetesi.ist\/en\/wp-json\/wp\/v2\/comments?post=18866"}],"version-history":[{"count":2,"href":"https:\/\/www.enerjigazetesi.ist\/en\/wp-json\/wp\/v2\/posts\/18866\/revisions"}],"predecessor-version":[{"id":18868,"href":"https:\/\/www.enerjigazetesi.ist\/en\/wp-json\/wp\/v2\/posts\/18866\/revisions\/18868"}],"wp:featuredmedia":[{"embeddable":true,"href":"https:\/\/www.enerjigazetesi.ist\/en\/wp-json\/wp\/v2\/media\/16756"}],"wp:attachment":[{"href":"https:\/\/www.enerjigazetesi.ist\/en\/wp-json\/wp\/v2\/media?parent=18866"}],"wp:term":[{"taxonomy":"category","embeddable":true,"href":"https:\/\/www.enerjigazetesi.ist\/en\/wp-json\/wp\/v2\/categories?post=18866"},{"taxonomy":"post_tag","embeddable":true,"href":"https:\/\/www.enerjigazetesi.ist\/en\/wp-json\/wp\/v2\/tags?post=18866"}],"curies":[{"name":"wp","href":"https:\/\/api.w.org\/{rel}","templated":true}]}}