{"id":188616,"date":"2024-05-29T15:57:42","date_gmt":"2024-05-29T12:57:42","guid":{"rendered":"https:\/\/www.enerjigazetesi.ist\/?p=188616"},"modified":"2024-05-29T15:57:42","modified_gmt":"2024-05-29T12:57:42","slug":"turkiye-nin-ilk-yalitim-cami-markasi-isicam-sistemleri-50-yasinda","status":"publish","type":"post","link":"https:\/\/www.enerjigazetesi.ist\/en\/turkiye-nin-ilk-yalitim-cami-markasi-isicam-sistemleri-50-yasinda\/","title":{"rendered":"(Turkish) T\u00fcrkiye\u2019nin \u0130lk Yal\u0131t\u0131m Cam\u0131 Markas\u0131 &#8216;Is\u0131cam Sistemleri&#8217; 50 Ya\u015f\u0131nda"},"content":{"rendered":"<p class=\"qtranxs-available-languages-message qtranxs-available-languages-message-en\">Sorry, this entry is only available in <a href=\"https:\/\/www.enerjigazetesi.ist\/tr\/wp-json\/wp\/v2\/posts\/188616\" class=\"qtranxs-available-language-link qtranxs-available-language-link-tr\" title=\"Turkish\">Turkish<\/a>. For the sake of viewer convenience, the content is shown below in the alternative language. You may click the link to switch the active language.<\/p><p><\/p>\n<h2>Cam\u0131n t\u00fcm temel alanlar\u0131nda faaliyet g\u00f6steren tek global \u015firket \u015ei\u015fecam, yal\u0131t\u0131ml\u0131 camlar kategorisine ismini veren markas\u0131 Is\u0131cam Sistemleri\u2019nin 50\u2019nci y\u0131l\u0131n\u0131 \u00f6zel bir davetle kutlad\u0131.<\/h2>\n<p>T\u00fcrkiye\u2019nin ilk yal\u0131t\u0131m cam\u0131 markas\u0131 Is\u0131cam Sistemleri\u2019nin \u00f6zel davetinde T\u00fcrkiye\u2019nin d\u00f6rt bir yan\u0131ndan <img loading=\"lazy\" class=\"alignright wp-image-188619\" src=\"https:\/\/www.enerjigazetesi.ist\/wp-content\/uploads\/2024\/05\/turkiye-nin-ilk-yalitim-cami-markasi-isicam-sistemleri-50-yasinda-1.jpg\" alt=\"\" width=\"320\" height=\"226\" srcset=\"https:\/\/www.enerjigazetesi.ist\/wp-content\/uploads\/2024\/05\/turkiye-nin-ilk-yalitim-cami-markasi-isicam-sistemleri-50-yasinda-1.jpg 550w, https:\/\/www.enerjigazetesi.ist\/wp-content\/uploads\/2024\/05\/turkiye-nin-ilk-yalitim-cami-markasi-isicam-sistemleri-50-yasinda-1-300x212.jpg 300w, https:\/\/www.enerjigazetesi.ist\/wp-content\/uploads\/2024\/05\/turkiye-nin-ilk-yalitim-cami-markasi-isicam-sistemleri-50-yasinda-1-500x354.jpg 500w, https:\/\/www.enerjigazetesi.ist\/wp-content\/uploads\/2024\/05\/turkiye-nin-ilk-yalitim-cami-markasi-isicam-sistemleri-50-yasinda-1-71x50.jpg 71w\" sizes=\"(max-width: 320px) 100vw, 320px\" \/>sekt\u00f6r profesyonelleri ve Is\u0131cam Yetkili \u00dcreticileri bir araya geldi.<\/p>\n<p>T\u00fcrkiye\u2019nin cam sekt\u00f6r\u00fcnde yeni bir sayfa a\u00e7an Is\u0131cam Sistemleri, 50 y\u0131ld\u0131r geli\u015ftirdi\u011fi yal\u0131t\u0131ml\u0131 camlar ile <strong>T\u00fcrkiye&#8217;deki binalarda enerji tasarrufunun artmas\u0131na ve karbon ayak izinin azalmas\u0131na<\/strong> \u00f6nemli katk\u0131 sa\u011flarken t\u00fcm de\u011fer zinciriyle ve i\u015f ortaklar\u0131yla s\u00fcrekli geli\u015fmeye ve inovasyonun pe\u015finden gitmeye devam ediyor. Is\u0131cam Sistemleri, yar\u0131m as\u0131rl\u0131k yolculu\u011fu boyunca yakla\u015f\u0131k <strong>240 milyon metrekare<\/strong> Is\u0131cam \u00fcretimi ile d\u00fcnyan\u0131n \u00e7evresini <strong>6 kez<\/strong> d\u00f6nd\u00fc, <strong>34.000 futbol sahas\u0131n\u0131 kaplayacak<\/strong> kadar <strong>yal\u0131t\u0131m cam\u0131<\/strong> \u00fcretti. Is\u0131cam Sistemleri son 28 y\u0131lda 75 milyon metrekare <strong>Low-e<\/strong> ve <strong>Solar Low-e<\/strong> kaplamal\u0131 <strong>yal\u0131t\u0131m cam\u0131 \u00fcretimi<\/strong>yle <strong>16,5 milyar metrek\u00fcp enerji tasarrufu<\/strong> sa\u011flayarak do\u011faya <strong>35 milyon a\u011fa\u00e7<\/strong> hediye etti.<\/p>\n<p><strong>Kaan Sekban\u2019\u0131n<\/strong> \u00f6zel bir g\u00f6steriyle renklendirdi\u011fi gecede<strong> \u015eevval Sam da<\/strong> davetlilere<strong> \u00f6zel bir konser<\/strong> verdi.<\/p>","protected":false},"excerpt":{"rendered":"<p>Sorry, this entry is only available in Turkish. For the sake of viewer convenience, the content is shown below in the alternative language. You may click the link to switch the active language. Cam\u0131n t\u00fcm temel alanlar\u0131nda faaliyet g\u00f6steren tek global \u015firket \u015ei\u015fecam, yal\u0131t\u0131ml\u0131 camlar kategorisine ismini veren markas\u0131 Is\u0131cam Sistemleri\u2019nin 50\u2019nci y\u0131l\u0131n\u0131 \u00f6zel bir [&hellip;]<\/p>\n","protected":false},"author":1,"featured_media":188618,"comment_status":"open","ping_status":"open","sticky":false,"template":"","format":"standard","meta":[],"categories":[53,52],"tags":[337,57862,88574,32733,109956,113999,113998],"views":35,"_links":{"self":[{"href":"https:\/\/www.enerjigazetesi.ist\/en\/wp-json\/wp\/v2\/posts\/188616"}],"collection":[{"href":"https:\/\/www.enerjigazetesi.ist\/en\/wp-json\/wp\/v2\/posts"}],"about":[{"href":"https:\/\/www.enerjigazetesi.ist\/en\/wp-json\/wp\/v2\/types\/post"}],"author":[{"embeddable":true,"href":"https:\/\/www.enerjigazetesi.ist\/en\/wp-json\/wp\/v2\/users\/1"}],"replies":[{"embeddable":true,"href":"https:\/\/www.enerjigazetesi.ist\/en\/wp-json\/wp\/v2\/comments?post=188616"}],"version-history":[{"count":0,"href":"https:\/\/www.enerjigazetesi.ist\/en\/wp-json\/wp\/v2\/posts\/188616\/revisions"}],"wp:featuredmedia":[{"embeddable":true,"href":"https:\/\/www.enerjigazetesi.ist\/en\/wp-json\/wp\/v2\/media\/188618"}],"wp:attachment":[{"href":"https:\/\/www.enerjigazetesi.ist\/en\/wp-json\/wp\/v2\/media?parent=188616"}],"wp:term":[{"taxonomy":"category","embeddable":true,"href":"https:\/\/www.enerjigazetesi.ist\/en\/wp-json\/wp\/v2\/categories?post=188616"},{"taxonomy":"post_tag","embeddable":true,"href":"https:\/\/www.enerjigazetesi.ist\/en\/wp-json\/wp\/v2\/tags?post=188616"}],"curies":[{"name":"wp","href":"https:\/\/api.w.org\/{rel}","templated":true}]}}