{"id":18853,"date":"2013-12-06T13:20:08","date_gmt":"2013-12-06T10:20:08","guid":{"rendered":"https:\/\/www.enerjigazetesi.ist\/?p=18853"},"modified":"2013-12-06T13:21:01","modified_gmt":"2013-12-06T10:21:01","slug":"gunes-ve-ruzgar-elektriginin-sisteme-baglanmasinda-ki-yarisma-esaslari","status":"publish","type":"post","link":"https:\/\/www.enerjigazetesi.ist\/en\/gunes-ve-ruzgar-elektriginin-sisteme-baglanmasinda-ki-yarisma-esaslari\/","title":{"rendered":"(Turkish) G\u00fcne\u015f ve R\u00fczgar Elektri\u011finin Sisteme Ba\u011flanmas\u0131nda ki Yar\u0131\u015fma Esaslar\u0131"},"content":{"rendered":"<p class=\"qtranxs-available-languages-message qtranxs-available-languages-message-en\">Sorry, this entry is only available in <a href=\"https:\/\/www.enerjigazetesi.ist\/tr\/wp-json\/wp\/v2\/posts\/18853\" class=\"qtranxs-available-language-link qtranxs-available-language-link-tr\" title=\"Turkish\">Turkish<\/a>. For the sake of viewer convenience, the content is shown below in the alternative language. You may click the link to switch the active language.<\/p><p><strong>EPDK, ayn\u0131 sahada, ba\u011flant\u0131 noktas\u0131nda ve b\u00f6lgede, r\u00fczgar veya g\u00fcne\u015f enerjisine dayal\u0131 \u00fcretim tesisi kurmak \u00fczere birden fazla yap\u0131lan \u00f6nlisans ba\u015fvurular\u0131ndan sisteme ba\u011flanacaklar\u0131 belirlemek i\u00e7in yap\u0131lacak yar\u0131\u015fmaya ili\u015fkin usul ve esaslar\u0131 belirledi.<\/strong><\/p>\n<p>Enerji Piyasas\u0131 D\u00fczenleme Kurumunun (EPDK), &#8220;R\u00fczgar ve G\u00fcne\u015f Enerjisine Dayal\u0131 \u00dcretim Tesisi Kurmak \u00dczere Yap\u0131lan \u00d6nlisans Ba\u015fvurular\u0131na \u0130li\u015fkin Yar\u0131\u015fma Y\u00f6netmeli\u011fi&#8221;, Resmi Gazete`de yay\u0131mlanarak y\u00fcr\u00fcrl\u00fc\u011fe girdi.<\/p>\n<p>Yeni y\u00f6netmeli\u011fin y\u00fcr\u00fcrl\u00fc\u011fe girmesiyle, 22\/9\/2010 tarihli R\u00fczg\u00e2r Enerjisine Dayal\u0131 \u00dcretim Tesisi Kurmak \u00dczere Yap\u0131lan Lisans Ba\u015fvurular\u0131na \u0130li\u015fkin Yar\u0131\u015fma Y\u00f6netmeli\u011fi ve 29\/5\/2012 tarihli G\u00fcne\u015f Enerjisine Dayal\u0131 \u00dcretim Tesisi Kurmak \u00dczere Yap\u0131lan Lisans Ba\u015fvurular\u0131na \u0130li\u015fkin Yar\u0131\u015fma Y\u00f6netmeli\u011fi y\u00fcr\u00fcrl\u00fckten kald\u0131r\u0131ld\u0131.<\/p>\n<p><strong>BA\u015eVURULAR TE\u0130A\u015e\u2019A B\u0130LD\u0130R\u0130LEC<a href=\"https:\/\/www.enerjigazetesi.ist\/wp-content\/uploads\/2013\/10\/elektrik-dagitimin-ozel-sektore-devri-tamamlandi.jpg\"><img loading=\"lazy\" class=\"alignleft size-medium wp-image-16042\" title=\"elektrik-enerjisi\" src=\"https:\/\/www.enerjigazetesi.ist\/wp-content\/uploads\/2013\/10\/elektrik-dagitimin-ozel-sektore-devri-tamamlandi-300x206.jpg\" alt=\"\" width=\"300\" height=\"206\" srcset=\"https:\/\/www.enerjigazetesi.ist\/wp-content\/uploads\/2013\/10\/elektrik-dagitimin-ozel-sektore-devri-tamamlandi-300x206.jpg 300w, https:\/\/www.enerjigazetesi.ist\/wp-content\/uploads\/2013\/10\/elektrik-dagitimin-ozel-sektore-devri-tamamlandi-500x343.jpg 500w, https:\/\/www.enerjigazetesi.ist\/wp-content\/uploads\/2013\/10\/elektrik-dagitimin-ozel-sektore-devri-tamamlandi-72x50.jpg 72w, https:\/\/www.enerjigazetesi.ist\/wp-content\/uploads\/2013\/10\/elektrik-dagitimin-ozel-sektore-devri-tamamlandi.jpg 567w\" sizes=\"(max-width: 300px) 100vw, 300px\" \/><\/a>EK<\/strong><br \/>\nY\u00f6netmeli\u011fe g\u00f6re, elektrik piyasas\u0131nda r\u00fczgar ve g\u00fcne\u015f enerjisine dayal\u0131 \u00fcretim tesisi kurmak \u00fczere yap\u0131lan \u00f6nlisans ba\u015fvurular\u0131ndan EPDK taraf\u0131ndan yar\u0131\u015fma yap\u0131lmak \u00fczere TE\u0130A\u015e`a bildirilen ba\u015fvurular, yar\u0131\u015fmaya kat\u0131labilecek R\u00fczgar Enerjisine Dayal\u0131 Elektrik \u00dcretim Santrali (RES)\/G\u00fcne\u015f Enerjisine Dayal\u0131 Elektrik \u00dcretim Santrali (GES) projeleri olarak ilan edilecek.<\/p>\n<p>Yar\u0131\u015fmaya kat\u0131labilecek RES\/GES projelerine ili\u015fkin listeler, TE\u0130A\u015e`\u0131n internet sayfas\u0131nda yay\u0131mlanacak. Yar\u0131\u015fma TE\u0130A\u015e`\u0131n belirledi\u011fi yer, g\u00fcn ve saatte yap\u0131lacak.<\/p>\n<p><strong>TE\u0130A\u015e`IN \u0130NTERNET SAYFASINDAK\u0130 YAYIM TAR\u0130H\u0130 \u0130LE TEKL\u0130F VERME TAR\u0130H\u0130 ARASINDAK\u0130 S\u00dcRE EN AZ 30 G\u00dcN<\/strong><br \/>\nYar\u0131\u015fmaya kat\u0131lma hakk\u0131 elde eden \u015firketlere TE\u0130A\u015e taraf\u0131ndan belirlenen g\u00fcn ve saatte teklif vermeleri i\u00e7in davet yaz\u0131s\u0131 g\u00f6nderilecek. TE\u0130A\u015e`\u0131n internet sayfas\u0131ndaki yay\u0131m tarihi ile teklif verme tarihi aras\u0131ndaki s\u00fcre 30 takvim g\u00fcn\u00fcnden az olamayacak.<\/p>\n<p><strong>TEKL\u0130FLER KAPALI ZARF \u0130LE ALINACAK<\/strong><br \/>\nTeklifler kapal\u0131 zarf ile al\u0131nacak ve teklif miktar\u0131 lira cinsinden rakam ve yaz\u0131 ile a\u00e7\u0131k olarak yaz\u0131lacak. Yap\u0131lan i\u015flemler sonucunda belirlenen en y\u00fcksek katk\u0131 pay\u0131 teklifini veren \u015firket\/\u015firketler sisteme ba\u011flant\u0131 hakk\u0131 kazanacak. Yar\u0131\u015fma sonu\u00e7lar\u0131 TE\u0130A\u015e taraf\u0131ndan EPDK`ya bildirilecek ve ba\u011flant\u0131 hatt\u0131n\u0131n teknik karakteristikleri nihai olarak TE\u0130A\u015e ve\/veya ilgili da\u011f\u0131t\u0131m \u015firketi taraf\u0131ndan belirlenecek.<\/p>\n<p><strong>BA\u011eLANTI HAKKI ELDE EDEN \u015e\u0130RKET, TEBL\u0130\u011e TAR\u0130H\u0130NDEN \u0130T\u0130BAREN 15 G\u00dcN \u0130\u00c7ER\u0130S\u0130NDE KATKI PAYI ANLA\u015eMASI \u0130\u00c7\u0130N TE\u0130A\u015e`A BA\u015eVURACAK<\/strong><br \/>\nYar\u0131\u015fma sonucunda sisteme ba\u011flant\u0131 hakk\u0131 elde eden \u015firket, yar\u0131\u015fma sonucunun taraf\u0131na tebli\u011f edildi\u011fi tarihten itibaren 15 g\u00fcn i\u00e7erisinde katk\u0131 pay\u0131 anla\u015fmas\u0131 yapmak \u00fczere TE\u0130A\u015e`a ba\u015fvuracak. \u015eirketin RES\/GES projesi i\u00e7in \u00f6deyece\u011fi 3 y\u0131ll\u0131k toplam katk\u0131 pay\u0131 tutar\u0131 oran\u0131nda yeni bir kesin ve s\u00fcresiz teminat mektubunun TE\u0130A\u015e`a sunulmas\u0131ndan sonra yar\u0131\u015fma a\u015famas\u0131nda al\u0131nan teminat mektubu \u015firketi temsil ve ilzama yetkili ki\u015fi\/ki\u015filere tutanakla iade edilecek Yar\u0131\u015fmaya kat\u0131lan \u015firketlere \u00f6nlisans\/lisans verilmesine ili\u015fkin t\u00fcm hak ve yetkiler EPDK`ya ait olacak.<\/p>\n<p>Yar\u0131\u015fmaya kat\u0131lacak \u015firket, RES\/GES projesinin MW ba\u015f\u0131na lira olarak belirlenen katk\u0131 pay\u0131 tutar\u0131n\u0131, \u00fcretim tesisinin ilk \u00fcnitesinin ge\u00e7ici kabul\u00fcn\u00fcn yap\u0131ld\u0131\u011f\u0131 tarihten ba\u015flamak \u00fczere 3 y\u0131l i\u00e7erisinde ve y\u0131ll\u0131k e\u015fit taksitler \u015feklinde TE\u0130A\u015e`a \u00f6demeyi taahh\u00fct edecek.<\/p>\n<p><strong>KATKI PAYI TUTARI BEL\u0130RLENMES\u0130<\/strong><br \/>\nY\u00f6netmelik \u00e7er\u00e7evesinde belirlenen ve \u015firket taraf\u0131ndan TE\u0130A\u015e`a \u00f6denmesi taahh\u00fct edilen MW ba\u015f\u0131na lira cinsinden katk\u0131 pay\u0131n\u0131n proje kurulu g\u00fcc\u00fc (MW) ile \u00e7arp\u0131lmas\u0131 sonucu toplam katk\u0131 pay\u0131 tutar\u0131 belirlenecek.<\/p>\n<p>Y\u0131ll\u0131k katk\u0131 pay\u0131 tutar\u0131, \u00fcretim tesisinin ilk \u00fcnitesinin ge\u00e7ici kabul\u00fcn\u00fcn yap\u0131ld\u0131\u011f\u0131 tarihten itibaren takip eden y\u0131l\u0131n ocak ay\u0131 i\u00e7erisinde TE\u0130A\u015e taraf\u0131ndan ilgili \u015firkete faturalanacak ve faturan\u0131n tebli\u011f edildi\u011fi tarihten itibaren 15 g\u00fcn i\u00e7erisinde gelir kaydedilmek \u00fczere \u015firket taraf\u0131ndan herhangi bir taksitlendirme yap\u0131lmaks\u0131z\u0131n TE\u0130A\u015e`a \u00f6denecek.<\/p>\n<p>Yar\u0131\u015fma sonucunda kurum taraf\u0131ndan \u00f6nlisans verilen t\u00fczel ki\u015fi ile TE\u0130A\u015e aras\u0131nda \u00f6nlisans verilme tarihinden itibaren ilk 3 ay i\u00e7erisinde katk\u0131 pay\u0131 anla\u015fmas\u0131 imzalanacak.<\/p>\n<p>Yar\u0131\u015fma sonucunda lisans alan \u015firketlerin ilgili mevzuat h\u00fck\u00fcmlerine g\u00f6re yapm\u0131\u015f olduklar\u0131 kapasite art\u0131\u015f\u0131 ba\u015fvurular\u0131n\u0131n uygun bulunmas\u0131 halinde, TE\u0130A\u015e ile yapm\u0131\u015f olduklar\u0131 katk\u0131 pay\u0131 anla\u015fmas\u0131 daha \u00f6nce imzalanan katk\u0131 pay\u0131 anla\u015fmas\u0131ndaki tutar \u00fczerinden yeni kurulu g\u00fcce g\u00f6re revize edilecek.<\/p>\n<p>Kaynak: <a href=\"http:\/\/enerjigunlugu.net\/gunes-ve-ruzgar-elektriginin-sisteme-baglanmasinda_5952.html\" target=\"_blank\">Enerji G\u00fcnl\u00fc\u011f\u00fc<\/a><\/p>","protected":false},"excerpt":{"rendered":"<p>Sorry, this entry is only available in Turkish. For the sake of viewer convenience, the content is shown below in the alternative language. You may click the link to switch the active language.EPDK, ayn\u0131 sahada, ba\u011flant\u0131 noktas\u0131nda ve b\u00f6lgede, r\u00fczgar veya g\u00fcne\u015f enerjisine dayal\u0131 \u00fcretim tesisi kurmak \u00fczere birden fazla yap\u0131lan \u00f6nlisans ba\u015fvurular\u0131ndan sisteme ba\u011flanacaklar\u0131 [&hellip;]<\/p>\n","protected":false},"author":1,"featured_media":16042,"comment_status":"open","ping_status":"open","sticky":false,"template":"","format":"standard","meta":[],"categories":[51,53,49,50],"tags":[68,61,63,67,1009,1046,165,750,2326,227,13,11004,474,69,16,11005,11003],"views":682,"_links":{"self":[{"href":"https:\/\/www.enerjigazetesi.ist\/en\/wp-json\/wp\/v2\/posts\/18853"}],"collection":[{"href":"https:\/\/www.enerjigazetesi.ist\/en\/wp-json\/wp\/v2\/posts"}],"about":[{"href":"https:\/\/www.enerjigazetesi.ist\/en\/wp-json\/wp\/v2\/types\/post"}],"author":[{"embeddable":true,"href":"https:\/\/www.enerjigazetesi.ist\/en\/wp-json\/wp\/v2\/users\/1"}],"replies":[{"embeddable":true,"href":"https:\/\/www.enerjigazetesi.ist\/en\/wp-json\/wp\/v2\/comments?post=18853"}],"version-history":[{"count":3,"href":"https:\/\/www.enerjigazetesi.ist\/en\/wp-json\/wp\/v2\/posts\/18853\/revisions"}],"predecessor-version":[{"id":18856,"href":"https:\/\/www.enerjigazetesi.ist\/en\/wp-json\/wp\/v2\/posts\/18853\/revisions\/18856"}],"wp:featuredmedia":[{"embeddable":true,"href":"https:\/\/www.enerjigazetesi.ist\/en\/wp-json\/wp\/v2\/media\/16042"}],"wp:attachment":[{"href":"https:\/\/www.enerjigazetesi.ist\/en\/wp-json\/wp\/v2\/media?parent=18853"}],"wp:term":[{"taxonomy":"category","embeddable":true,"href":"https:\/\/www.enerjigazetesi.ist\/en\/wp-json\/wp\/v2\/categories?post=18853"},{"taxonomy":"post_tag","embeddable":true,"href":"https:\/\/www.enerjigazetesi.ist\/en\/wp-json\/wp\/v2\/tags?post=18853"}],"curies":[{"name":"wp","href":"https:\/\/api.w.org\/{rel}","templated":true}]}}