{"id":188519,"date":"2024-05-26T18:40:44","date_gmt":"2024-05-26T15:40:44","guid":{"rendered":"https:\/\/www.enerjigazetesi.ist\/?p=188519"},"modified":"2024-05-26T18:40:44","modified_gmt":"2024-05-26T15:40:44","slug":"kamu-binalarinda-2030-a-kadar-yuzde-30-enerji-tasarrufu-hedefleniyor","status":"publish","type":"post","link":"https:\/\/www.enerjigazetesi.ist\/en\/kamu-binalarinda-2030-a-kadar-yuzde-30-enerji-tasarrufu-hedefleniyor\/","title":{"rendered":"(Turkish) Kamu Binalar\u0131nda 2030\u2019a Kadar % 30 Enerji Tasarrufu Hedefleniyor"},"content":{"rendered":"<p class=\"qtranxs-available-languages-message qtranxs-available-languages-message-en\">Sorry, this entry is only available in <a href=\"https:\/\/www.enerjigazetesi.ist\/tr\/wp-json\/wp\/v2\/posts\/188519\" class=\"qtranxs-available-language-link qtranxs-available-language-link-tr\" title=\"Turkish\">Turkish<\/a>. For the sake of viewer convenience, the content is shown below in the alternative language. You may click the link to switch the active language.<\/p><p><\/p>\n<h2>Enerji ve Tabii Kaynaklar Bakanl\u0131\u011f\u0131&#8217;ndan yap\u0131lan a\u00e7\u0131klamaya g\u00f6re, kamuda enerji tasarrufu ve verimlili\u011fi konusunda \u00f6nemli \u00e7al\u0131\u015fmalar y\u00fcr\u00fct\u00fcl\u00fcyor.<\/h2>\n<p style=\"text-align: center;\"><img loading=\"lazy\" class=\"aligncenter wp-image-188523\" src=\"https:\/\/www.enerjigazetesi.ist\/wp-content\/uploads\/2024\/05\/kamu-binalarinda-2030-a-kadar-yuzde-30-enerji-tasarrufu-hedefleniyor.jpg\" alt=\"\" width=\"500\" height=\"334\" srcset=\"https:\/\/www.enerjigazetesi.ist\/wp-content\/uploads\/2024\/05\/kamu-binalarinda-2030-a-kadar-yuzde-30-enerji-tasarrufu-hedefleniyor.jpg 550w, https:\/\/www.enerjigazetesi.ist\/wp-content\/uploads\/2024\/05\/kamu-binalarinda-2030-a-kadar-yuzde-30-enerji-tasarrufu-hedefleniyor-300x200.jpg 300w, https:\/\/www.enerjigazetesi.ist\/wp-content\/uploads\/2024\/05\/kamu-binalarinda-2030-a-kadar-yuzde-30-enerji-tasarrufu-hedefleniyor-500x334.jpg 500w, https:\/\/www.enerjigazetesi.ist\/wp-content\/uploads\/2024\/05\/kamu-binalarinda-2030-a-kadar-yuzde-30-enerji-tasarrufu-hedefleniyor-75x50.jpg 75w, https:\/\/www.enerjigazetesi.ist\/wp-content\/uploads\/2024\/05\/kamu-binalarinda-2030-a-kadar-yuzde-30-enerji-tasarrufu-hedefleniyor-450x300.jpg 450w\" sizes=\"(max-width: 500px) 100vw, 500px\" \/><\/p>\n<p>Bu kapsamda, enerjide arz g\u00fcvenli\u011fini sa\u011flamak, d\u0131\u015fa ba\u011f\u0131ml\u0131l\u0131\u011f\u0131 azaltmak ve Cumhurba\u015fkan\u0131 Recep Tayyip Erdo\u011fan\u2019\u0131n 2053 y\u0131l\u0131 i\u00e7in ortaya koydu\u011fu net s\u0131f\u0131r emisyon hedefini ger\u00e7ekle\u015ftirmek i\u00e7in \u00e7evreye duyarl\u0131 politikalar \u00fcretiliyor.<\/p>\n<p>Sunulan hizmetin kalitesini d\u00fc\u015f\u00fcrmeden, sosyal refah\u0131 olumsuz y\u00f6nde etkilemeden bir <strong>enerji verimlili\u011fi stratejisi<\/strong> geli\u015ftiriliyor.<\/p>\n<p><strong>2030 Enerji Verimlili\u011fi Stratejisi<\/strong> ve <strong>2024-2030 2. Ulusal Enerji Verimlili\u011fi Eylem Plan\u0131<\/strong>\u2019na g\u00f6re 2030 y\u0131l\u0131na kadar enerji t\u00fcketiminin <strong>y\u00fczde 16<\/strong> azalt\u0131lmas\u0131 ve <strong>100 milyon ton emisyon azalt\u0131m\u0131na<\/strong> katk\u0131da bulunulmas\u0131 planlan\u0131yor.<\/p>\n<p>Ayr\u0131ca, kamu binalar\u0131nda 2030\u2019a kadar <strong>y\u00fczde 30 enerji tasarrufu<\/strong>nun sa\u011flanmas\u0131 ve <strong>1,2 milyon sokak ayd\u0131nlatmas\u0131n\u0131n LED d\u00f6n\u00fc\u015f\u00fcm\u00fcn\u00fcn de tamamlanmas\u0131<\/strong> hedefleniyor.<\/p>\n<p>S\u00f6z konusu d\u00f6n\u00fc\u015f\u00fcm\u00fcn sa\u011flanmas\u0131 konusunda elektrik da\u011f\u0131t\u0131m \u015firketleri ve yerel y\u00f6netimlerle koordineli \u00e7al\u0131\u015f\u0131lacak.<\/p>\n<p>A\u00e7\u0131klamada g\u00f6r\u00fc\u015flerine yer verilen <strong>Enerji ve Tabii Kaynaklar Bakan\u0131 Alparslan Bayraktar<\/strong>, <em>\u201cEnerji verimlili\u011fi \u00f6ncelikli g\u00fcndem maddelerimizden biri. Enerji planlamalar\u0131m\u0131zda bu konu \u00f6nemli bir yer tutuyor. Her alanda enerji verimlili\u011fini te\u015fvik edece\u011fiz. Bu alanda yeni yat\u0131r\u0131mlar\u0131 destekleyece\u011fiz. 2030 y\u0131l\u0131 i\u00e7in ortaya koydu\u011fumuz hedefleri ger\u00e7ekle\u015ftirmek i\u00e7in ilgili bakanl\u0131klarla aktif olarak \u00e7al\u0131\u015f\u0131yoruz.\u201d<\/em> ifadelerini kulland\u0131.<\/p>","protected":false},"excerpt":{"rendered":"<p>Sorry, this entry is only available in Turkish. For the sake of viewer convenience, the content is shown below in the alternative language. You may click the link to switch the active language. Enerji ve Tabii Kaynaklar Bakanl\u0131\u011f\u0131&#8217;ndan yap\u0131lan a\u00e7\u0131klamaya g\u00f6re, kamuda enerji tasarrufu ve verimlili\u011fi konusunda \u00f6nemli \u00e7al\u0131\u015fmalar y\u00fcr\u00fct\u00fcl\u00fcyor. Bu kapsamda, enerjide arz g\u00fcvenli\u011fini [&hellip;]<\/p>\n","protected":false},"author":1,"featured_media":188523,"comment_status":"open","ping_status":"open","sticky":false,"template":"","format":"standard","meta":[],"categories":[53,52],"tags":[12,15691,11012],"views":31,"_links":{"self":[{"href":"https:\/\/www.enerjigazetesi.ist\/en\/wp-json\/wp\/v2\/posts\/188519"}],"collection":[{"href":"https:\/\/www.enerjigazetesi.ist\/en\/wp-json\/wp\/v2\/posts"}],"about":[{"href":"https:\/\/www.enerjigazetesi.ist\/en\/wp-json\/wp\/v2\/types\/post"}],"author":[{"embeddable":true,"href":"https:\/\/www.enerjigazetesi.ist\/en\/wp-json\/wp\/v2\/users\/1"}],"replies":[{"embeddable":true,"href":"https:\/\/www.enerjigazetesi.ist\/en\/wp-json\/wp\/v2\/comments?post=188519"}],"version-history":[{"count":0,"href":"https:\/\/www.enerjigazetesi.ist\/en\/wp-json\/wp\/v2\/posts\/188519\/revisions"}],"wp:featuredmedia":[{"embeddable":true,"href":"https:\/\/www.enerjigazetesi.ist\/en\/wp-json\/wp\/v2\/media\/188523"}],"wp:attachment":[{"href":"https:\/\/www.enerjigazetesi.ist\/en\/wp-json\/wp\/v2\/media?parent=188519"}],"wp:term":[{"taxonomy":"category","embeddable":true,"href":"https:\/\/www.enerjigazetesi.ist\/en\/wp-json\/wp\/v2\/categories?post=188519"},{"taxonomy":"post_tag","embeddable":true,"href":"https:\/\/www.enerjigazetesi.ist\/en\/wp-json\/wp\/v2\/tags?post=188519"}],"curies":[{"name":"wp","href":"https:\/\/api.w.org\/{rel}","templated":true}]}}