{"id":18850,"date":"2013-12-06T13:05:35","date_gmt":"2013-12-06T10:05:35","guid":{"rendered":"https:\/\/www.enerjigazetesi.ist\/?p=18850"},"modified":"2013-12-06T13:05:36","modified_gmt":"2013-12-06T10:05:36","slug":"gazprom-avrupaya-dogalgaz-tedarigini-yuzde-17-arttirdi","status":"publish","type":"post","link":"https:\/\/www.enerjigazetesi.ist\/en\/gazprom-avrupaya-dogalgaz-tedarigini-yuzde-17-arttirdi\/","title":{"rendered":"(Turkish) Gazprom, Avrupa\u2019ya Do\u011falgaz Tedari\u011fini Y\u00fczde 17 Artt\u0131rd\u0131&#8230;"},"content":{"rendered":"<p class=\"qtranxs-available-languages-message qtranxs-available-languages-message-en\">Sorry, this entry is only available in <a href=\"https:\/\/www.enerjigazetesi.ist\/tr\/wp-json\/wp\/v2\/posts\/18850\" class=\"qtranxs-available-language-link qtranxs-available-language-link-tr\" title=\"Turkish\">Turkish<\/a>. For the sake of viewer convenience, the content is shown below in the alternative language. You may click the link to switch the active language.<\/p><p><strong>Gazprom, Avrupa\u2019ya ya<a href=\"https:\/\/www.enerjigazetesi.ist\/wp-content\/uploads\/2013\/12\/gazprom-ve-vitol-isbirligine-gidiyor.jpg\"><img loading=\"lazy\" class=\"size-medium wp-image-18610 alignright\" title=\"gazprom\" src=\"https:\/\/www.enerjigazetesi.ist\/wp-content\/uploads\/2013\/12\/gazprom-ve-vitol-isbirligine-gidiyor-300x211.jpg\" alt=\"\" width=\"300\" height=\"211\" srcset=\"https:\/\/www.enerjigazetesi.ist\/wp-content\/uploads\/2013\/12\/gazprom-ve-vitol-isbirligine-gidiyor-300x211.jpg 300w, https:\/\/www.enerjigazetesi.ist\/wp-content\/uploads\/2013\/12\/gazprom-ve-vitol-isbirligine-gidiyor-70x50.jpg 70w, https:\/\/www.enerjigazetesi.ist\/wp-content\/uploads\/2013\/12\/gazprom-ve-vitol-isbirligine-gidiyor.jpg 450w\" sizes=\"(max-width: 300px) 100vw, 300px\" \/><\/a>pt\u0131\u011f\u0131 gaz tedarikinde aral\u0131k ay\u0131n\u0131n ba\u015f\u0131nda % 17\u2019lik bir art\u0131\u015f kaydetti. Haberi \u015firketin bas\u0131n idaresi verdi.<\/strong><\/p>\n<p>Bas\u0131n idaresi, \u201cAvrupa, Rus do\u011falgaz\u0131na giderek y\u00fckselen bir talep g\u00f6stermektedir: Gazprom Avrupa\u2019ya 1 Aral\u0131k tarihinde 518 milyon, 2 Aral\u0131k\u2019ta \u2013 532 milyon, 3 Aral\u0131k\u2019ta \u2013 537 milyon, 4 Aral\u0131k\u2019ta 538 milyon 300 bin metrek\u00fcp do\u011falgaz sevk etti. Ge\u00e7en senenin ayn\u0131 d\u00f6nemine g\u00f6re ortalama miktar yakla\u015f\u0131k % 17 fazla.\u201d a\u00e7\u0131klamas\u0131nda bulundu.<\/p>\n<p>\u00d6n bilgilere g\u00f6re 2013 y\u0131l\u0131n\u0131n ocak ay\u0131ndan g\u00fcn\u00fcm\u00fcze kadar Avrupa\u2019ya 147 milyar 900 milyon metrek\u00fcp do\u011fal gaz tedarik eden Gazprom, yakla\u015f\u0131k % 16,9 art\u0131\u015f kaydetmi\u015f oldu.<\/p>\n<p>Kaynak: <a href=\"http:\/\/enerjienstitusu.com\/2013\/12\/06\/gazprom-avrupaya-dogalgaz-tedarikini-yuzde-17-arttirdi\/\" target=\"_blank\">Enerji Enstit\u00fcs\u00fc<\/a><\/p>","protected":false},"excerpt":{"rendered":"<p>Sorry, this entry is only available in Turkish. For the sake of viewer convenience, the content is shown below in the alternative language. You may click the link to switch the active language.Gazprom, Avrupa\u2019ya yapt\u0131\u011f\u0131 gaz tedarikinde aral\u0131k ay\u0131n\u0131n ba\u015f\u0131nda % 17\u2019lik bir art\u0131\u015f kaydetti. Haberi \u015firketin bas\u0131n idaresi verdi. Bas\u0131n idaresi, \u201cAvrupa, Rus do\u011falgaz\u0131na [&hellip;]<\/p>\n","protected":false},"author":1,"featured_media":18610,"comment_status":"open","ping_status":"open","sticky":false,"template":"","format":"standard","meta":[],"categories":[46,53],"tags":[1615,11002,92,226,63,67,1009,165,1277],"views":705,"_links":{"self":[{"href":"https:\/\/www.enerjigazetesi.ist\/en\/wp-json\/wp\/v2\/posts\/18850"}],"collection":[{"href":"https:\/\/www.enerjigazetesi.ist\/en\/wp-json\/wp\/v2\/posts"}],"about":[{"href":"https:\/\/www.enerjigazetesi.ist\/en\/wp-json\/wp\/v2\/types\/post"}],"author":[{"embeddable":true,"href":"https:\/\/www.enerjigazetesi.ist\/en\/wp-json\/wp\/v2\/users\/1"}],"replies":[{"embeddable":true,"href":"https:\/\/www.enerjigazetesi.ist\/en\/wp-json\/wp\/v2\/comments?post=18850"}],"version-history":[{"count":2,"href":"https:\/\/www.enerjigazetesi.ist\/en\/wp-json\/wp\/v2\/posts\/18850\/revisions"}],"predecessor-version":[{"id":18852,"href":"https:\/\/www.enerjigazetesi.ist\/en\/wp-json\/wp\/v2\/posts\/18850\/revisions\/18852"}],"wp:featuredmedia":[{"embeddable":true,"href":"https:\/\/www.enerjigazetesi.ist\/en\/wp-json\/wp\/v2\/media\/18610"}],"wp:attachment":[{"href":"https:\/\/www.enerjigazetesi.ist\/en\/wp-json\/wp\/v2\/media?parent=18850"}],"wp:term":[{"taxonomy":"category","embeddable":true,"href":"https:\/\/www.enerjigazetesi.ist\/en\/wp-json\/wp\/v2\/categories?post=18850"},{"taxonomy":"post_tag","embeddable":true,"href":"https:\/\/www.enerjigazetesi.ist\/en\/wp-json\/wp\/v2\/tags?post=18850"}],"curies":[{"name":"wp","href":"https:\/\/api.w.org\/{rel}","templated":true}]}}