{"id":18847,"date":"2013-12-06T12:58:10","date_gmt":"2013-12-06T09:58:10","guid":{"rendered":"https:\/\/www.enerjigazetesi.ist\/?p=18847"},"modified":"2013-12-06T12:58:56","modified_gmt":"2013-12-06T09:58:56","slug":"yildiz-guney-akim-ab-gaz-guvenligiyle-ilgili-onemli-bir-proje","status":"publish","type":"post","link":"https:\/\/www.enerjigazetesi.ist\/en\/yildiz-guney-akim-ab-gaz-guvenligiyle-ilgili-onemli-bir-proje\/","title":{"rendered":"(Turkish) Y\u0131ld\u0131z: G\u00fcney Ak\u0131m, AB Gaz G\u00fcvenli\u011fiyle \u0130lgili \u00d6nemli Bir Proje!"},"content":{"rendered":"<p class=\"qtranxs-available-languages-message qtranxs-available-languages-message-en\">Sorry, this entry is only available in <a href=\"https:\/\/www.enerjigazetesi.ist\/tr\/wp-json\/wp\/v2\/posts\/18847\" class=\"qtranxs-available-language-link qtranxs-available-language-link-tr\" title=\"Turkish\">Turkish<\/a>. For the sake of viewer convenience, the content is shown below in the alternative language. You may click the link to switch the active language.<\/p><p><strong>Enerji ve Tabii Kaynaklar Bakan\u0131 Taner Y\u0131ld\u0131z, Avrasya gaz koridorlar\u0131 \u00fczerindeki baz\u0131 boru hatt\u0131 projelerinin birbirinin rakibi gibi g\u00f6z\u00fckse de uzun vadede bunlar\u0131n birbirine rakip olmad\u0131\u011f\u0131n\u0131n anla\u015f\u0131laca\u011f\u0131n\u0131 s\u00f6yledi. TANAP`ta son a\u015famaya gelindi\u011fini belirten Taner Y\u0131ld\u0131z, Rusya`n\u0131n G\u00fcney Ak\u0131m projesini de AB`nin gaz g\u00fcvenli\u011finin \u00f6nemli bir par\u00e7as\u0131 olarak niteledi.<\/strong><\/p>\n<p>Enerji ve Tabii Kaynaklar Bakan\u0131 Taner Y\u0131ld\u0131z, \u0130stanbul`da d\u00fczenlenen Hazar Forumu`nun a\u00e7\u0131l\u0131\u015f\u0131nda yapt\u0131\u011f\u0131 konu\u015fmada, iki hafta kadar \u00f6nce Atlantic Counsil toplant\u0131s\u0131 yap\u0131ld\u0131\u011f\u0131n\u0131, ondan hemen \u00f6nce Paris`te Uluslararas\u0131 Enerji Ajans\u0131 (IEA) Enerji Bakanlar\u0131 zirvesinin, T\u00fcrkiye`nin ba\u015fkan<a href=\"https:\/\/www.enerjigazetesi.ist\/wp-content\/uploads\/2013\/06\/taner-y\u0131ld\u0131z-3919.jpg\"><img loading=\"lazy\" class=\"alignleft size-medium wp-image-11658\" title=\"taner-y\u0131ld\u0131z\" src=\"https:\/\/www.enerjigazetesi.ist\/wp-content\/uploads\/2013\/06\/taner-y\u0131ld\u0131z-3919-300x209.jpg\" alt=\"\" width=\"300\" height=\"209\" srcset=\"https:\/\/www.enerjigazetesi.ist\/wp-content\/uploads\/2013\/06\/taner-y\u0131ld\u0131z-3919-300x209.jpg 300w, https:\/\/www.enerjigazetesi.ist\/wp-content\/uploads\/2013\/06\/taner-y\u0131ld\u0131z-3919-71x50.jpg 71w, https:\/\/www.enerjigazetesi.ist\/wp-content\/uploads\/2013\/06\/taner-y\u0131ld\u0131z-3919.jpg 429w\" sizes=\"(max-width: 300px) 100vw, 300px\" \/><\/a>l\u0131\u011f\u0131nda yap\u0131ld\u0131\u011f\u0131n\u0131 hat\u0131rlatarak, &#8220;T\u00fcrkiye art\u0131k bir cazibe merkezi olu\u015fturmu\u015ftur&#8221; dedi.<\/p>\n<p><strong>TANAP\u2019TA ARTIK SONA GEL\u0130YORUZ<\/strong><br \/>\nAzerbaycan`\u0131n, \u00f6zellikle Hazar kaynaklar\u0131n\u0131n TR \u00fczerinden pazarlanmas\u0131 y\u00f6n\u00fcnde ba\u015far\u0131l\u0131 \u00e7al\u0131\u015fmalar\u0131 oldu\u011funu belirten Y\u0131ld\u0131z, TANAP projesiyle ilgili olarak &#8220;Art\u0131k i\u015fin sonuna geliyoruz. Planlanmas\u0131 projelendirilmesi ve fizibilitesiyle ilgili bir\u00e7ok haz\u0131rl\u0131klar yap\u0131lm\u0131\u015f durumda&#8221; ifadelerini kulland\u0131.<\/p>\n<p><strong>T\u00dcRK\u0130YE \u00d6NEML\u0130 B\u0130R HALKA<\/strong><br \/>\nT\u00fcrkiye`nin Hazar kaynaklar\u0131n\u0131n d\u00fcnya pazarlar\u0131na a\u00e7\u0131lmas\u0131 konusundaki iletim konusunda rol \u00fcstlenece\u011finin alt\u0131n\u0131 \u00e7izen Bakan Taner Y\u0131ld\u0131z &#8220;Tabii ki \u00fcretilirse iletirsiniz&#8221; dedi ve \u015f\u00f6yle devam etti:<\/p>\n<p>&#8220;TR`nin Hazar gaz\u0131n\u0131 TANAP`la ve TAP`la Avrupa`ya ta\u015f\u0131yacak projenin \u00f6nemli halkas\u0131 oldu\u011funu belirtmemiz gerekiyor. Her bir halkan\u0131n kendi i\u00e7inde ba\u015far\u0131l\u0131 olmas\u0131 laz\u0131m. O y\u00fczden dikkatli bir y\u00f6netimle birlikte bu projeler y\u00fcr\u00fcyecek. Tabii ki G\u00fcney Gaz Koridoruyla ilgili projeleri, Azerbaycan, T\u00fcrkmenistan, \u0130ran, Irak ve Akdeniz b\u00f6lgesindeki gaz kaynaklar\u0131n\u0131n belirleyece\u011fini s\u00f6ylemeliyiz. Rusya`n\u0131n Karadeniz`den ge\u00e7ecek G\u00fcney Ak\u0131m projesinin de Avrupa`n\u0131n arz g\u00fcvenli\u011fiyle, alakal\u0131 Avrupa`n\u0131n \u00f6nemli projeleri aras\u0131nda oldu\u011funu s\u00f6ylemeliyiz&#8221;<\/p>\n<p><strong>T\u00dcRK\u0130YE TANAP\u2019IN GER\u00c7EKLE\u015eT\u0130R\u0130LMES\u0130NE \u00d6NEML\u0130 KATKI SUNACAK<\/strong><br \/>\n\u201cT\u00fcrkiye olarak, ileri teknolojiye dayal\u0131 yerli \u00fcretimimizle birlikte TANAP`\u0131n ger\u00e7ekle\u015ftirilmesine \u00f6nemli katk\u0131 koyaca\u011f\u0131m\u0131z kanaatindeyiz\u201d diyen Y\u0131ld\u0131z, T\u00fcrkiye\u2019nin, enerjinin hem \u00fcretiminde hem de t\u00fcketiminde ciddi bir \u00e7\u00f6z\u00fcm yolu \u00f6nerdi\u011fini, bu konulardaki b\u00fct\u00fcn bu projelere pozitif bakt\u0131\u011f\u0131n\u0131, olumlu tutumunu devam ettirdi\u011fini ve devam ettirece\u011fini belirtti.<\/p>\n<p>Yazan: Mehmet KARA<\/p>\n<p>Kaynak: <a href=\"http:\/\/enerjigunlugu.net\/yildiz:-guney-akim-ab-gaz-guvenligiyle-ilgili-onem_5938.html\" target=\"_blank\">Enerji G\u00fcnl\u00fc\u011f\u00fc<\/a><\/p>","protected":false},"excerpt":{"rendered":"<p>Sorry, this entry is only available in Turkish. For the sake of viewer convenience, the content is shown below in the alternative language. You may click the link to switch the active language.Enerji ve Tabii Kaynaklar Bakan\u0131 Taner Y\u0131ld\u0131z, Avrasya gaz koridorlar\u0131 \u00fczerindeki baz\u0131 boru hatt\u0131 projelerinin birbirinin rakibi gibi g\u00f6z\u00fckse de uzun vadede bunlar\u0131n [&hellip;]<\/p>\n","protected":false},"author":1,"featured_media":11658,"comment_status":"open","ping_status":"open","sticky":false,"template":"","format":"standard","meta":[],"categories":[46,53],"tags":[],"views":708,"_links":{"self":[{"href":"https:\/\/www.enerjigazetesi.ist\/en\/wp-json\/wp\/v2\/posts\/18847"}],"collection":[{"href":"https:\/\/www.enerjigazetesi.ist\/en\/wp-json\/wp\/v2\/posts"}],"about":[{"href":"https:\/\/www.enerjigazetesi.ist\/en\/wp-json\/wp\/v2\/types\/post"}],"author":[{"embeddable":true,"href":"https:\/\/www.enerjigazetesi.ist\/en\/wp-json\/wp\/v2\/users\/1"}],"replies":[{"embeddable":true,"href":"https:\/\/www.enerjigazetesi.ist\/en\/wp-json\/wp\/v2\/comments?post=18847"}],"version-history":[{"count":2,"href":"https:\/\/www.enerjigazetesi.ist\/en\/wp-json\/wp\/v2\/posts\/18847\/revisions"}],"predecessor-version":[{"id":18849,"href":"https:\/\/www.enerjigazetesi.ist\/en\/wp-json\/wp\/v2\/posts\/18847\/revisions\/18849"}],"wp:featuredmedia":[{"embeddable":true,"href":"https:\/\/www.enerjigazetesi.ist\/en\/wp-json\/wp\/v2\/media\/11658"}],"wp:attachment":[{"href":"https:\/\/www.enerjigazetesi.ist\/en\/wp-json\/wp\/v2\/media?parent=18847"}],"wp:term":[{"taxonomy":"category","embeddable":true,"href":"https:\/\/www.enerjigazetesi.ist\/en\/wp-json\/wp\/v2\/categories?post=18847"},{"taxonomy":"post_tag","embeddable":true,"href":"https:\/\/www.enerjigazetesi.ist\/en\/wp-json\/wp\/v2\/tags?post=18847"}],"curies":[{"name":"wp","href":"https:\/\/api.w.org\/{rel}","templated":true}]}}