{"id":188414,"date":"2024-05-22T19:53:29","date_gmt":"2024-05-22T16:53:29","guid":{"rendered":"https:\/\/www.enerjigazetesi.ist\/?p=188414"},"modified":"2024-05-22T19:54:51","modified_gmt":"2024-05-22T16:54:51","slug":"enerjisa-enerji-yesil-destinasyon-modeli-ile-turizmi-dort-mevsime-yayiyor","status":"publish","type":"post","link":"https:\/\/www.enerjigazetesi.ist\/en\/enerjisa-enerji-yesil-destinasyon-modeli-ile-turizmi-dort-mevsime-yayiyor\/","title":{"rendered":"(Turkish) Ye\u015fil Destinasyon Modeli ile Turizm D\u00f6rt Mevsime Yay\u0131l\u0131yor"},"content":{"rendered":"<p class=\"qtranxs-available-languages-message qtranxs-available-languages-message-en\">Sorry, this entry is only available in <a href=\"https:\/\/www.enerjigazetesi.ist\/tr\/wp-json\/wp\/v2\/posts\/188414\" class=\"qtranxs-available-language-link qtranxs-available-language-link-tr\" title=\"Turkish\">Turkish<\/a>. For the sake of viewer convenience, the content is shown below in the alternative language. You may click the link to switch the active language.<\/p><p><\/p>\n<h2><strong>S\u00fcrd\u00fcr\u00fclebilir turizm konusunda bir d\u00f6n\u00fc\u015f\u00fcm hikayesine imza atan \u201cS\u00fcrd\u00fcr\u00fclebilir Enerji Temelli Turizm Uygulama Merkezi (SENTRUM)\u201d Projesi, ye\u015fil destinasyon modelinin ikinci merkezini Ayval\u0131k K\u00fc\u00e7\u00fckk\u00f6y\u2019den sonra \u0130zmir\u2019in tarihi Birgi K\u00f6y\u00fc\u2019nde hayata ge\u00e7iriyor.<\/strong><\/h2>\n<p style=\"text-align: center;\"><img loading=\"lazy\" class=\"aligncenter wp-image-188417\" src=\"https:\/\/www.enerjigazetesi.ist\/wp-content\/uploads\/2024\/05\/enerjisa-enerji-yesil-destinasyon-modeli-ile-turizmi-dort-mevsime-yayiyor-1.jpg\" alt=\"\" width=\"500\" height=\"334\" srcset=\"https:\/\/www.enerjigazetesi.ist\/wp-content\/uploads\/2024\/05\/enerjisa-enerji-yesil-destinasyon-modeli-ile-turizmi-dort-mevsime-yayiyor-1.jpg 550w, https:\/\/www.enerjigazetesi.ist\/wp-content\/uploads\/2024\/05\/enerjisa-enerji-yesil-destinasyon-modeli-ile-turizmi-dort-mevsime-yayiyor-1-300x200.jpg 300w, https:\/\/www.enerjigazetesi.ist\/wp-content\/uploads\/2024\/05\/enerjisa-enerji-yesil-destinasyon-modeli-ile-turizmi-dort-mevsime-yayiyor-1-500x334.jpg 500w, https:\/\/www.enerjigazetesi.ist\/wp-content\/uploads\/2024\/05\/enerjisa-enerji-yesil-destinasyon-modeli-ile-turizmi-dort-mevsime-yayiyor-1-75x50.jpg 75w, https:\/\/www.enerjigazetesi.ist\/wp-content\/uploads\/2024\/05\/enerjisa-enerji-yesil-destinasyon-modeli-ile-turizmi-dort-mevsime-yayiyor-1-450x300.jpg 450w\" sizes=\"(max-width: 500px) 100vw, 500px\" \/><\/p>\n<p>Enerjisa Enerji, Birle\u015fmi\u015f Milletler Kalk\u0131nma Program\u0131 (UNDP) ve Sabanc\u0131 \u00dcniversitesi\u2019nin ard\u0131ndan T.C. K\u00fclt\u00fcr ve Turizm Bakanl\u0131\u011f\u0131 ve T\u00fcrkiye Turizm Tan\u0131t\u0131m ve Geli\u015ftirme Ajans\u0131\u2019n\u0131n (TGA) ortakl\u0131\u011f\u0131 ile g\u00fc\u00e7lenen SENTRUM Projesi ile \u0130zmir\u2019in tarihi Birgi k\u00f6y\u00fc, Ayval\u0131k K\u00fc\u00e7\u00fckk\u00f6y\u2019den sonra s\u00fcrd\u00fcr\u00fclebilir ye\u015fil destinasyonun ikinci ve yeni merkezi olacak. Sabanc\u0131 Vakf\u0131 ve HiltonSA Otelleri projenin destek\u00e7ileri, \u00d6demi\u015f Belediyesi ve \u00d6demi\u015f Kaymakaml\u0131\u011f\u0131 ise projenin yerel ortaklar\u0131 aras\u0131nda yer al\u0131yor.<\/p>\n<p>Yerel kalk\u0131nman\u0131n desteklenece\u011fi \u0130zmir\u2019in Birgi k\u00f6y\u00fc, k\u00fclt\u00fcrel ve do\u011fal de\u011ferlerin korundu\u011fu, <strong>enerji verimlili\u011fi ve yenilenebilir enerji uygulamalar\u0131<\/strong> ile b\u00f6lge turizminin d\u00f6rt mevsime yay\u0131ld\u0131\u011f\u0131, ak\u0131ll\u0131 rotalarla ziyaret\u00e7ilerin seyahat deneyimlerini ki\u015fiselle\u015ftirebilecekleri bir <strong>s\u00fcrd\u00fcr\u00fclebilir ye\u015fil destinasyon<\/strong> haline d\u00f6n\u00fc\u015ft\u00fcr\u00fclecek. SENTRUM Projesi kapsam\u0131nda Birgi\u2019de toplum temelli sosyo-ekonomik kalk\u0131nmaya katk\u0131 sa\u011flamak amac\u0131yla, k\u00fcresel olarak kabul g\u00f6rm\u00fc\u015f standartlar\u0131n, destinasyonun \u00f6zg\u00fcn ihtiya\u00e7lar\u0131yla uyumlu hale getirilmesi ve s\u00fcrd\u00fcr\u00fclebilir turizmin desteklenmesi ama\u00e7lan\u0131yor.<\/p>\n<p>Projenin ba\u015fl\u0131ca hedefleri aras\u0131nda Birgi\u2019de GSTC\u2019nin (K\u00fcresel S\u00fcrd\u00fcr\u00fclebilir Turizm Konseyi) kriterleri ile uyumlu bir destinasyon d\u00f6n\u00fc\u015f\u00fcm\u00fcne \u00f6nc\u00fcl\u00fck etmek, <strong>iklim risk de\u011ferlendirmesi<\/strong> ile mevcut ve gelecekte turizm destinasyonunu etkileyecek riskleri ve uyum tedbirlerini belirlemek, ziyaret\u00e7i ta\u015f\u0131ma kapasitesi \u00e7al\u0131\u015fmas\u0131yla Birgi\u2019nin sosyal, \u00e7evresel, k\u00fclt\u00fcrel miras\u0131 \u00fczerinde bask\u0131 yaratmayacak \u015fekilde ziyaret\u00e7i planlamas\u0131 yapmak, Birgi i\u00e7in bir markala\u015fma ve pazarlama stratejisi olu\u015fturmak yer al\u0131yor.<\/p>\n<p>Y\u00fcr\u00fct\u00fclen \u00e7al\u0131\u015fmalar kapsam\u0131nda <strong>toplumsal cinsiyet e\u015fitli\u011fi, kad\u0131n ve gen\u00e7lerin istihdam edilebilirli\u011fi, turizm meslek lisesi ve \u00fcniversite \u00f6\u011frencilerine y\u00f6nelik staj imkanlar\u0131n\u0131n belirlenmesi<\/strong> gibi konularda mevcut durum analizlerinin yap\u0131lmas\u0131, eylem planlar\u0131n\u0131n haz\u0131rlanmas\u0131 ve kapasite geli\u015ftirme \u00e7al\u0131\u015fmalar\u0131n\u0131n y\u00fcr\u00fct\u00fclmesi ama\u00e7lan\u0131yor. Y\u00fcr\u00fcy\u00fc\u015f ve bisiklet rotalar\u0131n\u0131n olu\u015fturulmas\u0131n\u0131n yan\u0131 s\u0131ra \u00e7evre dostu ula\u015f\u0131m\u0131n te\u015fvik edilmesi, konaklama tesisleri ve kamu binalar\u0131nda enerji et\u00fctleri yap\u0131lmas\u0131 planlanan <strong>SENTRUM modeli<\/strong> ile ge\u00e7im kaynaklar\u0131na y\u00f6nelik f\u0131rsatlar art\u0131r\u0131l\u0131rken Birgi\u2019nin e\u015fsiz k\u00fclt\u00fcrel ve do\u011fal miras\u0131n\u0131n da tan\u0131t\u0131m\u0131na odaklan\u0131l\u0131yor.<\/p>\n<p>SENTRUM projesinin hedefleri, bug\u00fcne kadar \u00a0at\u0131lan ad\u0131mlar ve bundan sonra Birgi\u2019de yap\u0131lacaklar; <strong>Enerjisa Enerji CEO\u2019su Murat P\u0131nar , UNDP T\u00fcrkiye Mukim Temsilcisi Louisa Vinton ve T\u00fcrkiye Turizm Tan\u0131t\u0131m ve Geli\u015ftirme Ajans\u0131 Genel M\u00fcd\u00fcr Yard\u0131mc\u0131s\u0131 Dr.Elif Balc\u0131 Fisuno\u011flu\u2019nun kat\u0131l\u0131mlar\u0131<\/strong> ile <strong>20 May\u0131s 2024<\/strong> tarihinde \u0130zmir Birgi k\u00f6y\u00fcnde ger\u00e7ekle\u015ftirilen bas\u0131n toplant\u0131s\u0131nda payla\u015f\u0131ld\u0131.<\/p>\n<h3><strong>\u201cSENTRUM ile Birgi\u2019de de Payda\u015flar\u0131m\u0131z ile D\u00fcnya \u00d6l\u00e7e\u011finde Ba\u015far\u0131 Hikayesi Yazmaya Devam Edece\u011fiz.\u201d<\/strong><\/h3>\n<p>Bas\u0131n toplant\u0131s\u0131nda konu\u015fan<strong>\u00a0Enerjisa Enerji CEO\u2019su Murat P\u0131nar,<\/strong> <em>\u201cEnerjisa Enerji olarak, b\u00fcy\u00fcyen T\u00fcrkiye\u2019 nin enerji d\u00f6n\u00fc\u015f\u00fcm\u00fcne \u00f6nc\u00fcl\u00fck ediyoruz. Di\u011fer yandan da iklim krizi ba\u015fta olmak \u00fczere d\u00fcnyam\u0131z\u0131n ve \u00fclkemizin sorunlar\u0131na ama\u00e7lar i\u00e7in ortakl\u0131klar kurarak \u00e7\u00f6z\u00fcm\u00fcn bir par\u00e7as\u0131 olma iste\u011fimizi faaliyet g\u00f6sterdi\u011fimiz her alanda tahahh\u00fct ediyoruz. Daha \u0130yi Bir Gelecek vizyonumuzun \u0131\u015f\u0131\u011f\u0131nda \u00fclkemizin en \u00f6nemli gelir kaynaklar\u0131ndan biri olan turizm sekt\u00f6r\u00fcn\u00fcn s\u00fcrd\u00fcr\u00fclebilir uygulamalar ve yenilenebilir enerji ile d\u00f6n\u00fc\u015febilece\u011fini SENTRUM ile daha \u00f6nce Ayval\u0131k K\u00fc\u00e7\u00fckk\u00f6y\u2019de ispat etmi\u015ftik. Sentrum projesi gerek fark\u0131ndal\u0131k \u00e7al\u0131\u015fmalar\u0131m\u0131z gerekse \u0130\u015fimin Enerjisi \u00e7at\u0131s\u0131 alt\u0131nda geli\u015ftirdi\u011fimiz projeler ile ta\u00e7land\u0131. Enerjisa Enerji olarak bundan sonra Birgi\u2019de de payda\u015flar\u0131m\u0131zla birlikte daha iyi bir gelecek i\u00e7in \u00e7al\u0131\u015fmaya, T\u00fcrkiye\u2019ye \u00f6rnek olmaya devam ederken, SENTRUM Projesi ile de T\u00fcrkiye ve d\u00fcnya \u00f6l\u00e7e\u011finde ba\u015far\u0131 hikayesi yazmaya devam edece\u011fiz\u201d<\/em> dedi.<\/p>\n<p><strong>UNDP T\u00fcrkiye Mukim Temsilcisi Louisa Vinton,<\/strong> <em>\u201cTurizm kalk\u0131nman\u0131n g\u00fc\u00e7l\u00fc bir motoru olabilir. Ancak ayn\u0131 zamanda \u00e7evre \u00fczerinde de a\u011f\u0131r bir bask\u0131 olu\u015fturabilir ve turistlerin ilgisini \u00e7eken do\u011fal g\u00fczelliklerin g\u00f6z ard\u0131 edilmesine neden olabilir. Bu nedenle, turizmden ge\u00e7imini sa\u011flayan b\u00f6lge halk\u0131na sosyal ve ekonomik fayda sa\u011flarken do\u011fay\u0131 koruyan ve de\u011fer veren daha ye\u015fil, daha s\u00fcrd\u00fcr\u00fclebilir modeller geli\u015ftirmek hayati \u00f6nem ta\u015f\u0131yor\u201d<\/em> dedi.<\/p>\n<p><strong>T\u00fcrkiye Turizm Tan\u0131t\u0131m ve Geli\u015ftirme Ajans\u0131 (TGA) Genel M\u00fcd\u00fcr Yard\u0131mc\u0131s\u0131 Dr. Elif Balc\u0131 Fisuno\u011flu<\/strong>, <em>\u201cS\u0131f\u0131r at\u0131k \u00e7al\u0131\u015fmalar\u0131 ile d\u00f6n\u00fc\u015f\u00fcm yolculu\u011funa ba\u015flayan T\u00fcrk turizmi, 2022 ba\u015flang\u0131c\u0131yla S\u00fcrd\u00fcr\u00fclebilir Turizm Sertifikasyon Kurulu\u015flar\u0131 i\u00e7in uluslararas\u0131 akreditasyon sa\u011flaman\u0131n yan\u0131 s\u0131ra s\u00fcrd\u00fcr\u00fclebilir seyahat ve turizme y\u00f6nelik k\u00fcresel standartlar\u0131 belirleyen ve y\u00f6neten kurulu\u015fu olan Global Sustainable Tourism Council (GSTC) ile i\u015f birli\u011fi anla\u015fmas\u0131 yaparak s\u00fcrd\u00fcr\u00fclebilir turizm yol haritas\u0131n\u0131 olu\u015fturmu\u015ftur. Bu anla\u015fma ile T\u00fcrkiye, \u2018s\u00fcrd\u00fcr\u00fclebilir turizm alan\u0131nda ilk defa h\u00fck\u00fcmet nezdinde\u2019 anla\u015fma yapan ilk h\u00fck\u00fcmet olmu\u015ftur. Ulusal S\u00fcrd\u00fcr\u00fclebilir Turizm Program\u0131; konaklama tesisleri ba\u015fta olmak \u00fczere, destinasyonlar ve tur operat\u00f6rleri i\u00e7in t\u00fcm turizm sekt\u00f6r\u00fcnde d\u00f6n\u00fc\u015f\u00fcm\u00fcn\u00fc sa\u011flayacakt\u0131r. T\u00fcrkiye\u2019nin s\u00fcrd\u00fcr\u00fclebilirlik odakl\u0131 yakla\u015f\u0131m\u0131 ciddiyetle ele alarak h\u00fck\u00fcmet nezdinde imza att\u0131\u011f\u0131 anla\u015fmada, 2030 y\u0131l\u0131na kadar t\u00fcm uluslararas\u0131 standartlar sa\u011flanm\u0131\u015f olacakt\u0131r. \u0130nan\u0131yoruz ki, K\u00fclt\u00fcr ve Turizm Bakanl\u0131\u011f\u0131, TGA, Birle\u015fmi\u015f Milletler Kalk\u0131nma Program\u0131 ve Enerjisa payda\u015fl\u0131\u011f\u0131nda hayata ge\u00e7en ve oda\u011f\u0131na S\u00fcrd\u00fcr\u00fclebilir Turizmi alan Sentrum projesi kapsam\u0131ndaki \u00e7al\u0131\u015fmalar \u00fclkemizin ye\u015fil d\u00f6n\u00fc\u015f\u00fcm\u00fcne katk\u0131 sa\u011flayacak ve d\u00fcnyada iyi uygulama \u00f6rne\u011fi olarak yerini alacakt\u0131r\u201d<\/em> de\u011ferlendirmesinde bulundu.<\/p>\n<p><strong>S\u00fcrd\u00fcr\u00fclebilir Enerji Temelli Turizm Uygulama Modeli (SENTRUM) Hakk\u0131nda Bilgi \u0130\u00e7in: <\/strong><a href=\"http:\/\/www.sentrum.com.tr\" target=\"_blank\" rel=\"noopener\">www.sentrum.com.tr<\/a><\/p>","protected":false},"excerpt":{"rendered":"<p>Sorry, this entry is only available in Turkish. For the sake of viewer convenience, the content is shown below in the alternative language. You may click the link to switch the active language. S\u00fcrd\u00fcr\u00fclebilir turizm konusunda bir d\u00f6n\u00fc\u015f\u00fcm hikayesine imza atan \u201cS\u00fcrd\u00fcr\u00fclebilir Enerji Temelli Turizm Uygulama Merkezi (SENTRUM)\u201d Projesi, ye\u015fil destinasyon modelinin ikinci merkezini Ayval\u0131k [&hellip;]<\/p>\n","protected":false},"author":1,"featured_media":188416,"comment_status":"open","ping_status":"open","sticky":false,"template":"","format":"standard","meta":[],"categories":[53,52],"tags":[113933,37825,2689,113935,95237,1479,113934,107058],"views":30,"_links":{"self":[{"href":"https:\/\/www.enerjigazetesi.ist\/en\/wp-json\/wp\/v2\/posts\/188414"}],"collection":[{"href":"https:\/\/www.enerjigazetesi.ist\/en\/wp-json\/wp\/v2\/posts"}],"about":[{"href":"https:\/\/www.enerjigazetesi.ist\/en\/wp-json\/wp\/v2\/types\/post"}],"author":[{"embeddable":true,"href":"https:\/\/www.enerjigazetesi.ist\/en\/wp-json\/wp\/v2\/users\/1"}],"replies":[{"embeddable":true,"href":"https:\/\/www.enerjigazetesi.ist\/en\/wp-json\/wp\/v2\/comments?post=188414"}],"version-history":[{"count":0,"href":"https:\/\/www.enerjigazetesi.ist\/en\/wp-json\/wp\/v2\/posts\/188414\/revisions"}],"wp:featuredmedia":[{"embeddable":true,"href":"https:\/\/www.enerjigazetesi.ist\/en\/wp-json\/wp\/v2\/media\/188416"}],"wp:attachment":[{"href":"https:\/\/www.enerjigazetesi.ist\/en\/wp-json\/wp\/v2\/media?parent=188414"}],"wp:term":[{"taxonomy":"category","embeddable":true,"href":"https:\/\/www.enerjigazetesi.ist\/en\/wp-json\/wp\/v2\/categories?post=188414"},{"taxonomy":"post_tag","embeddable":true,"href":"https:\/\/www.enerjigazetesi.ist\/en\/wp-json\/wp\/v2\/tags?post=188414"}],"curies":[{"name":"wp","href":"https:\/\/api.w.org\/{rel}","templated":true}]}}