{"id":188379,"date":"2024-05-22T17:17:05","date_gmt":"2024-05-22T14:17:05","guid":{"rendered":"https:\/\/www.enerjigazetesi.ist\/?p=188379"},"modified":"2024-05-22T17:17:29","modified_gmt":"2024-05-22T14:17:29","slug":"elbi-elektrik-antalya-da-orta-asya-ve-azerbaycan-pazarina-yogunlasti","status":"publish","type":"post","link":"https:\/\/www.enerjigazetesi.ist\/en\/elbi-elektrik-antalya-da-orta-asya-ve-azerbaycan-pazarina-yogunlasti\/","title":{"rendered":"(Turkish) &#8217;Elbi Elektrik&#8217; Antalya&#8217;da Orta Asya ve Azerbaycan Pazar\u0131na Yo\u011funla\u015ft\u0131"},"content":{"rendered":"<p class=\"qtranxs-available-languages-message qtranxs-available-languages-message-en\">Sorry, this entry is only available in <a href=\"https:\/\/www.enerjigazetesi.ist\/tr\/wp-json\/wp\/v2\/posts\/188379\" class=\"qtranxs-available-language-link qtranxs-available-language-link-tr\" title=\"Turkish\">Turkish<\/a>. For the sake of viewer convenience, the content is shown below in the alternative language. You may click the link to switch the active language.<\/p><p><\/p>\n<h2>Elbi Elektrik Antalya&#8217;da Azerbaycan ve Orta Asya m\u00fc\u015fterileriyle bulu\u015ftu. Yerli anahtar priz \u00fcreticisi Elbi, yurt d\u0131\u015f\u0131ndan gelen ziyaret\u00e7ilerini a\u011f\u0131rlayarak global pazar hedefini s\u00fcrd\u00fcrmeye ve ihracat \u00e7al\u0131\u015fmalar\u0131n\u0131 h\u0131zland\u0131rmaya devam ediyor.<\/h2>\n<p style=\"text-align: center;\"><img loading=\"lazy\" class=\"aligncenter wp-image-188382\" src=\"https:\/\/www.enerjigazetesi.ist\/wp-content\/uploads\/2024\/05\/elbi-elektrik-antalya-da-orta-asya-ve-azerbaycan-pazarina-yogunlasti-1.jpg\" alt=\"\" width=\"500\" height=\"375\" srcset=\"https:\/\/www.enerjigazetesi.ist\/wp-content\/uploads\/2024\/05\/elbi-elektrik-antalya-da-orta-asya-ve-azerbaycan-pazarina-yogunlasti-1.jpg 550w, https:\/\/www.enerjigazetesi.ist\/wp-content\/uploads\/2024\/05\/elbi-elektrik-antalya-da-orta-asya-ve-azerbaycan-pazarina-yogunlasti-1-300x225.jpg 300w, https:\/\/www.enerjigazetesi.ist\/wp-content\/uploads\/2024\/05\/elbi-elektrik-antalya-da-orta-asya-ve-azerbaycan-pazarina-yogunlasti-1-500x375.jpg 500w, https:\/\/www.enerjigazetesi.ist\/wp-content\/uploads\/2024\/05\/elbi-elektrik-antalya-da-orta-asya-ve-azerbaycan-pazarina-yogunlasti-1-67x50.jpg 67w\" sizes=\"(max-width: 500px) 100vw, 500px\" \/><\/p>\n<p>Bu stratejik ad\u0131mlar, Elbi&#8217;nin sekt\u00f6rdeki g\u00fc\u00e7l\u00fc konumunu peki\u015ftirmesine ve uluslararas\u0131 alanda etkisini art\u0131rmas\u0131na olanak tan\u0131yacak. Elbi Elektrik&#8217;in yeni pazarlara a\u00e7\u0131lma \u00e7al\u0131\u015fmalar\u0131, sekt\u00f6rdeki liderli\u011fini peki\u015ftirecek ve ihracat potansiyelini art\u0131racak. \u0130\u00e7 pazarda en b\u00fcy\u00fck konut projelerinin tercihi olan Elbi \u00fcr\u00fcn serilerinin tasar\u0131m konsepti ve \u00fcr\u00fcn kalitesi, T\u00fcrkiye sanayiinin d\u00fcnya \u00e7ap\u0131nda tan\u0131nmas\u0131 ve y\u00fckselmesine de hizmet edecek.<\/p>\n<h3><strong>Elbi Elektrik Electrolighting Fuar\u0131&#8217;nda Ziyaret\u00e7ilerini A\u011f\u0131rlad\u0131<\/strong><\/h3>\n<p>9-12 May\u0131s tarihlerinde Pine Beach Belek Otelde d\u00fczenlenen Electrolighting fuar\u0131na kat\u0131lan Elbi, Orta Asya ve Azerbaycan\u2019dan gelen m\u00fc\u015fterilerini a\u011f\u0131rlad\u0131. Kendi markas\u0131yla \u00fcretti\u011fi <strong>elektrik anahtar serileri, grup prizler ve sigorta kutular\u0131<\/strong> gibi elektrik malzemelerinden olu\u015fan g\u00f6z al\u0131c\u0131 \u00fcr\u00fcn yelpazesini sergileyen Elbi, etkinlik boyunca teknolojik ilerlemelerini ve estetik tasar\u0131mlar\u0131n\u0131 ziyaret\u00e7ilerine sunma f\u0131rsat\u0131 buldu. Elbi, fuar boyunca \u00fcr\u00fcnlerinin kalitesi ve \u00e7e\u015fitlili\u011fiyle dikkat \u00e7ekti. T\u00fcm bu etkinlikler, Elbi&#8217;nin global pazardaki konumunu g\u00fc\u00e7lendirmeye y\u00f6nelik kararl\u0131l\u0131\u011f\u0131n\u0131 ortaya koydu. Y\u00fcr\u00fct\u00fclen bir dizi \u00e7al\u0131\u015fmaya son olarak Antalya\u2019daki organizasyon eklendi. Etkinlik kapsam\u0131nda aksiyon alan Elbi ad\u0131na fuara <strong>D\u0131\u015f Ticaret M\u00fcd\u00fcr\u00fc Ali Faruk G\u00fcr, D\u0131\u015f Ticaret B\u00f6lge Sat\u0131\u015f Sorumlusu Meerim Uzun ve Elbi Rusya Bayisi Sat\u0131\u015f Y\u00f6neticisi Denis Surmenko<\/strong> kat\u0131l\u0131m sa\u011flad\u0131.<\/p>\n<h3><strong>Yerli Anahtar Priz \u00dcreticisi Elbi, \u0130hracat \u00c7al\u0131\u015fmalar\u0131n\u0131 H\u0131zland\u0131rd\u0131<\/strong><\/h3>\n<p>T\u00fcrkiye&#8217;nin \u00f6nde gelen anahtar priz \u00fcreticisi Elbi, ihracat faaliyetlerini b\u00fcy\u00fck bir kararl\u0131l\u0131kla h\u0131zland\u0131rmaya devam ediyor. Elbi&#8217;nin ihracattaki hedefi, Orta Asya ve Azerbaycan pazarlar\u0131na odaklanmak \u015feklinde \u015fekilleniyor. Bu do\u011frultuda \u015firket, \u00fcr\u00fcn yelpazesini geni\u015fleterek bu pazarlarda daha rekabet\u00e7i olmay\u0131 hedefliyor. Elbi\u2019nin \u00fcr\u00fcn kalitesi ve \u00e7e\u015fitlili\u011fi, bu pazarlarda g\u00fc\u00e7l\u00fc bir rekabet avantaj\u0131 sa\u011flayacak gibi g\u00f6z\u00fck\u00fcyor. Bu stratejiyle, Elbi&#8217;nin uluslararas\u0131 arenadaki varl\u0131\u011f\u0131n\u0131 daha da g\u00fc\u00e7lendirece\u011fi ve T\u00fcrk elektrik sekt\u00f6r\u00fcn\u00fc ba\u015far\u0131yla temsil edece\u011fi \u00f6ng\u00f6r\u00fcl\u00fcyor. Bu ad\u0131m\u0131n, yerli \u00fcretimin uluslararas\u0131 alanda tan\u0131t\u0131lmas\u0131 ve T\u00fcrkiye&#8217;nin marka bilinirli\u011fine katk\u0131 sa\u011flamas\u0131 bekleniyor.<\/p>","protected":false},"excerpt":{"rendered":"<p>Sorry, this entry is only available in Turkish. For the sake of viewer convenience, the content is shown below in the alternative language. You may click the link to switch the active language. Elbi Elektrik Antalya&#8217;da Azerbaycan ve Orta Asya m\u00fc\u015fterileriyle bulu\u015ftu. Yerli anahtar priz \u00fcreticisi Elbi, yurt d\u0131\u015f\u0131ndan gelen ziyaret\u00e7ilerini a\u011f\u0131rlayarak global pazar hedefini [&hellip;]<\/p>\n","protected":false},"author":1,"featured_media":188381,"comment_status":"open","ping_status":"open","sticky":false,"template":"","format":"standard","meta":[],"categories":[51,53],"tags":[113924,113921,8412,113923,15095,2873,49357,113922,49360],"views":32,"_links":{"self":[{"href":"https:\/\/www.enerjigazetesi.ist\/en\/wp-json\/wp\/v2\/posts\/188379"}],"collection":[{"href":"https:\/\/www.enerjigazetesi.ist\/en\/wp-json\/wp\/v2\/posts"}],"about":[{"href":"https:\/\/www.enerjigazetesi.ist\/en\/wp-json\/wp\/v2\/types\/post"}],"author":[{"embeddable":true,"href":"https:\/\/www.enerjigazetesi.ist\/en\/wp-json\/wp\/v2\/users\/1"}],"replies":[{"embeddable":true,"href":"https:\/\/www.enerjigazetesi.ist\/en\/wp-json\/wp\/v2\/comments?post=188379"}],"version-history":[{"count":0,"href":"https:\/\/www.enerjigazetesi.ist\/en\/wp-json\/wp\/v2\/posts\/188379\/revisions"}],"wp:featuredmedia":[{"embeddable":true,"href":"https:\/\/www.enerjigazetesi.ist\/en\/wp-json\/wp\/v2\/media\/188381"}],"wp:attachment":[{"href":"https:\/\/www.enerjigazetesi.ist\/en\/wp-json\/wp\/v2\/media?parent=188379"}],"wp:term":[{"taxonomy":"category","embeddable":true,"href":"https:\/\/www.enerjigazetesi.ist\/en\/wp-json\/wp\/v2\/categories?post=188379"},{"taxonomy":"post_tag","embeddable":true,"href":"https:\/\/www.enerjigazetesi.ist\/en\/wp-json\/wp\/v2\/tags?post=188379"}],"curies":[{"name":"wp","href":"https:\/\/api.w.org\/{rel}","templated":true}]}}