{"id":188360,"date":"2024-05-22T15:19:25","date_gmt":"2024-05-22T12:19:25","guid":{"rendered":"https:\/\/www.enerjigazetesi.ist\/?p=188360"},"modified":"2024-05-22T15:19:25","modified_gmt":"2024-05-22T12:19:25","slug":"elektrik-dagitim-sektoru-yesil-donusumun-en-onemli-tasiyicisi","status":"publish","type":"post","link":"https:\/\/www.enerjigazetesi.ist\/en\/elektrik-dagitim-sektoru-yesil-donusumun-en-onemli-tasiyicisi\/","title":{"rendered":"(Turkish) &#8221;Elektrik Da\u011f\u0131t\u0131m Sekt\u00f6r\u00fc, Ye\u015fil D\u00f6n\u00fc\u015f\u00fcm\u00fcn En \u00d6nemli Ta\u015f\u0131y\u0131c\u0131s\u0131&#8221;"},"content":{"rendered":"<p class=\"qtranxs-available-languages-message qtranxs-available-languages-message-en\">Sorry, this entry is only available in <a href=\"https:\/\/www.enerjigazetesi.ist\/tr\/wp-json\/wp\/v2\/posts\/188360\" class=\"qtranxs-available-language-link qtranxs-available-language-link-tr\" title=\"Turkish\">Turkish<\/a>. For the sake of viewer convenience, the content is shown below in the alternative language. You may click the link to switch the active language.<\/p><p><\/p>\n<h2><strong>T\u00fcrkiye\u2019de elektrik \u00fcretiminden t\u00fcketiciye kadar uzanan elektrik ekosisteminin 915 milyar TL b\u00fcy\u00fckl\u00fck ile gayrisafi yurti\u00e7i has\u0131lan\u0131n y\u00fczde 3,5\u2019ni olu\u015fturdu\u011funa i\u015faret eden Elder Y\u00f6netim Kurulu Ba\u015fkan\u0131 Bar\u0131\u015f Erdeniz, elektrik da\u011f\u0131t\u0131m sekt\u00f6r\u00fcn\u00fcn T\u00fcrkiye ekonomisine yapt\u0131\u011f\u0131 katk\u0131n\u0131n ise 29 milyar dolar\u0131 buldu\u011funu s\u00f6yledi.<\/strong><\/h2>\n<p style=\"text-align: center;\"><img loading=\"lazy\" class=\"aligncenter wp-image-188362\" src=\"https:\/\/www.enerjigazetesi.ist\/wp-content\/uploads\/2024\/05\/Baris-Erdeniz.jpg\" alt=\"\" width=\"500\" height=\"334\" srcset=\"https:\/\/www.enerjigazetesi.ist\/wp-content\/uploads\/2024\/05\/Baris-Erdeniz.jpg 550w, https:\/\/www.enerjigazetesi.ist\/wp-content\/uploads\/2024\/05\/Baris-Erdeniz-300x200.jpg 300w, https:\/\/www.enerjigazetesi.ist\/wp-content\/uploads\/2024\/05\/Baris-Erdeniz-500x334.jpg 500w, https:\/\/www.enerjigazetesi.ist\/wp-content\/uploads\/2024\/05\/Baris-Erdeniz-75x50.jpg 75w, https:\/\/www.enerjigazetesi.ist\/wp-content\/uploads\/2024\/05\/Baris-Erdeniz-450x300.jpg 450w\" sizes=\"(max-width: 500px) 100vw, 500px\" \/><\/p>\n<p>D\u00fcnyada ve T\u00fcrkiye\u2019deki enerji g\u00f6r\u00fcn\u00fcm\u00fc, elektrik da\u011f\u0131t\u0131m sekt\u00f6r\u00fcn\u00fcn enerji d\u00f6n\u00fc\u015f\u00fcm\u00fcndeki stratejik pozisyonunu de\u011ferlendirmek i\u00e7in bas\u0131n mensuplar\u0131 ile bir araya gelen <strong><em>Elektrik Da\u011f\u0131t\u0131m Hizmetleri Derne\u011fi (Elder) Y\u00f6netim Kurulu Ba\u015fkan\u0131 Bar\u0131\u015f Erdeniz,<\/em><\/strong> <em>\u201c\u015eebeke d\u00f6n\u00fc\u015f\u00fcm\u00fcn\u00fc ger\u00e7ekle\u015ftirecek olan elektrik da\u011f\u0131t\u0131m \u015firketleri, ye\u015fil enerji d\u00f6n\u00fc\u015f\u00fcm\u00fcn\u00fcn en \u00f6nemli ta\u015f\u0131y\u0131c\u0131s\u0131 konumundad\u0131r. Elektrik da\u011f\u0131t\u0131m sekt\u00f6r\u00fc olarak, bug\u00fcne kadar oldu\u011fu gibi bundan sonra da \u00fclkemizin kalk\u0131nmas\u0131na g\u00fc\u00e7 vermeye devam edecek, ye\u015fil d\u00f6n\u00fc\u015f\u00fcmde \u00fcstlenece\u011fimiz \u201cd\u00f6n\u00fc\u015f\u00fcm\u00fcn omurgas\u0131\u201d rol\u00fcm\u00fczle T\u00fcrkiye\u2019nin enerji arz g\u00fcvenli\u011finin teminine tam destek verece\u011fiz\u201d<\/em> de\u011ferlendirmesinde bulundu.<\/p>\n<p>Elder\u2019in 10. Ola\u011fan Genel Kurulu\u2019nda, Y\u00f6netim Kurulu Ba\u015fkanl\u0131\u011f\u0131\u2019na se\u00e7ilen Bar\u0131\u015f Erdeniz, bas\u0131n ile ilk toplant\u0131s\u0131n\u0131 <strong>20 May\u0131s Pazartesi<\/strong> g\u00fcn\u00fc \u0130stanbul\u2019da ger\u00e7ekle\u015ftirdi. <em>\u201c20 May\u0131s tarihi derne\u011fimiz i\u00e7in \u00f6zel bir g\u00fcn. 1999 y\u0131l\u0131ndan bu yana \u00fclkemizdeki elektrik da\u011f\u0131t\u0131m \u015firketlerinin \u00e7at\u0131 \u00f6rg\u00fct\u00fc olarak faaliyet g\u00f6steren Elder, tam 25 ya\u015f\u0131nda\u201d<\/em> diyen Bar\u0131\u015f Erdeniz s\u00f6zlerine \u015f\u00f6yle devam etti:<\/p>\n<p><em>\u201c\u00dcretiminden t\u00fcketiciye kadar uzanan elektrik ekosistemi 2023 rakamlar\u0131yla 915 milyar TL\u2019lik b\u00fcy\u00fckl\u00fc\u011f\u00fc ile gayrisafi yurti\u00e7i has\u0131lam\u0131z\u0131n y\u00fczde 3,5\u2019ini olu\u015fturan dev bir yap\u0131. Bizler, bu ekosistemin da\u011f\u0131t\u0131m aya\u011f\u0131 olarak, bir kamu hizmeti niteli\u011findeki elektrik da\u011f\u0131t\u0131m\u0131n\u0131 kesintisiz, kaliteli ve s\u00fcrekli bir \u015fekilde yakla\u015f\u0131k 50 milyon abonemize sunmakla m\u00fckellefiz. Operasyonel giderleri, yat\u0131r\u0131m harcamalar\u0131 ve gelirleri reg\u00fcle olan sekt\u00f6r\u00fcm\u00fczde, toplam 21 elektrik da\u011f\u0131t\u0131m \u015firketi do\u011frudan ve dolayl\u0131 olarak yakla\u015f\u0131k 100 bin \u00e7al\u0131\u015fan\u0131yla t\u00fcm vatanda\u015flar\u0131m\u0131z\u0131n elektri\u011fe 7\/24 ula\u015fmas\u0131 i\u00e7in durmaks\u0131z\u0131n \u00e7al\u0131\u015fmalar\u0131n\u0131 s\u00fcrd\u00fcrmekte. Da\u011f\u0131t\u0131m sekt\u00f6r\u00fc, 2011-2023 y\u0131llar\u0131 aras\u0131nda yapt\u0131\u011f\u0131 16 milyar dolarl\u0131k yat\u0131r\u0131m ile \u00f6zelle\u015ftirme s\u00fcrecinde \u00fclkemizin hazinesine kazand\u0131rd\u0131\u011f\u0131 13 milyar dolarl\u0131k \u00f6zelle\u015ftirme bedelinin \u00fczerinde yat\u0131r\u0131m\u0131 hayata ge\u00e7irdi. T\u00fcrkiye ekonomisine bu d\u00f6nemde sa\u011flad\u0131\u011f\u0131m\u0131z katk\u0131 29 milyar dolar\u0131 buldu.\u201d<\/em><\/p>\n<h3><strong>\u201cYE\u015e\u0130L D\u00d6N\u00dc\u015e\u00dcMDE ELEKTR\u0130K DA\u011eITIM \u015e\u0130RKETLER\u0130N\u0130N ROL\u00dc STRATEJ\u0130K\u201d<\/strong><\/h3>\n<p>D\u00fcnyada ve T\u00fcrkiye\u2019deki enerji g\u00f6r\u00fcm\u00fc ile ilgili de bilgi veren Erdeniz, <em>\u201cAra\u015ft\u0131rmalar bize \u00f6n\u00fcm\u00fczdeki d\u00f6nemde ger\u00e7ekle\u015ftirilecek elektrik \u00fcretimi yat\u0131r\u0131mlar\u0131n\u0131n k\u00fcresel net-s\u0131f\u0131r hedeflerine paralel olarak yenilenebilir kaynakl\u0131 olaca\u011f\u0131n\u0131 ve 2040 y\u0131l\u0131nda toplam k\u00fcresel kurulu g\u00fcc\u00fcn yar\u0131s\u0131ndan fazlas\u0131n\u0131n yenilenebilir kaynaklardan kar\u015f\u0131lanaca\u011f\u0131n\u0131 g\u00f6steriyor. Bu \u00f6ng\u00f6r\u00fcn\u00fcn hayata ge\u00e7irilmesi ve ye\u015fil d\u00f6n\u00fc\u015f\u00fcm\u00fcn sa\u011flanmas\u0131nda elektrik da\u011f\u0131t\u0131m \u015firketlerinin rol\u00fc stratejik\u201d<\/em> diye konu\u015ftu.<\/p>\n<p>Yenilenebilir enerji kaynaklar\u0131n\u0131n kurulu g\u00fc\u00e7 i\u00e7erisindeki art\u0131\u015f\u0131na da dikkat \u00e7eken Erdeniz, <em>\u201cT\u00fcrkiye\u2019de 2023 y\u0131lsonu itibar\u0131yla 330 teravatsaat olarak ger\u00e7ekle\u015fen elektrik t\u00fcketiminin T\u00fcrkiye Ulusal Enerji Plan\u0131 projeksiyonlar\u0131 kapsam\u0131nda 2035 y\u0131l\u0131nda y\u00fczde 55 art\u0131\u015fla 511 teravatsaat olmas\u0131 \u00f6ng\u00f6r\u00fclmekte. Bu talep art\u0131\u015f\u0131na paralel olarak kurulu g\u00fcc\u00fcm\u00fcz\u00fcn de y\u00fczde 78 art\u0131\u015fla 190 bin megavatsaat mertebesine \u00e7\u0131kaca\u011f\u0131 tahmin ediliyor. Enerji ve Tabii Kaynaklar Bakanl\u0131\u011f\u0131m\u0131z\u0131n projeksiyonlar\u0131, \u00fclke olarak 2053 net-s\u0131f\u0131r hedeflerimiz ve enerji arz g\u00fcvenli\u011fi politikalar\u0131m\u0131z do\u011frultusunda, elektrik \u00fcretiminde fosil yak\u0131tlar\u0131n kullan\u0131m\u0131ndan, yenilenebilir kaynaklara ge\u00e7i\u015fin h\u0131zlanarak devam edece\u011fini g\u00f6steriyor. Son 10 y\u0131lda \u00fclkemizin kurulu g\u00fcc\u00fc i\u00e7erisinde r\u00fczgar ve g\u00fcne\u015fin pay\u0131 8 kat art\u0131\u015fla y\u00fczde 22 seviyesine ula\u015f\u0131rken, 2035 y\u0131l\u0131nda bu oran\u0131n y\u00fczde 43 mertebesine y\u00fckselmesi \u00f6ng\u00f6r\u00fcl\u00fcyor\u201d<\/em> dedi.<\/p>\n<h3><strong>\u201cTALEP ARTI\u015eININ D\u0130NAMOSU ELEKTR\u0130F\u0130KASYON\u201d<\/strong><\/h3>\n<p>Hem d\u00fcnyada hem de T\u00fcrkiye\u2019de elektrik t\u00fcketiminde art\u0131\u015f trendi oldu\u011funu belirten Erdeniz, <em>\u201cFarkl\u0131 enerji formlar\u0131 kullan\u0131lan sekt\u00f6r ve s\u00fcre\u00e7lerde elektrik enerjisine ge\u00e7i\u015fe elektrifikasyon diyoruz. Bu yeni yap\u0131, elektri\u011fe olan talebi art\u0131r\u0131rken, iklim de\u011fi\u015fikli\u011fiyle m\u00fccadelenin bir gere\u011fi olarak elektri\u011fin temiz kaynaklardan \u00fcretimini de \u00e7ok daha kritik hale getiriyor. Elektrik \u00fcretimindeki ye\u015fil d\u00f6n\u00fc\u015f\u00fcm ile elektrifikasyon odakl\u0131 artan t\u00fcketim aras\u0131ndaki k\u00f6pr\u00fc elektrik da\u011f\u0131t\u0131m \u015firketlerinin ger\u00e7ekle\u015ftirece\u011fi \u015febeke d\u00f6n\u00fc\u015f\u00fcm\u00fc olmadan ye\u015fil d\u00f6n\u00fc\u015f\u00fcm d\u00f6ng\u00fcs\u00fcn\u00fc tamamlayamay\u0131z. Elektrifikasyonun en h\u0131zl\u0131 yayg\u0131nla\u015ft\u0131\u011f\u0131 sekt\u00f6r ise \u015f\u00fcphesiz ula\u015ft\u0131rma. 2023 y\u0131l sonu verilerine g\u00f6re \u00fclkemizde kay\u0131tl\u0131 yakla\u015f\u0131k 81 bin adet elektrikli ara\u00e7 bulunuyor. Bu rakam toplam otomobil stoku i\u00e7inde binde 5\u2019e tekab\u00fcl ediyor. 2035 y\u0131l\u0131nda bu rakam\u0131n 52 kat art\u0131\u015fla 4,2 milyon seviyesine \u00e7\u0131kmas\u0131, yani otomobillerin y\u00fczde 13\u2019\u00fcn\u00fcn elektrikli olmas\u0131 \u00f6ng\u00f6r\u00fcl\u00fcyor. Elektrikli ara\u00e7lardaki art\u0131\u015fa paralel olarak ara\u00e7 \u015farj soket say\u0131s\u0131n\u0131n da 29 kat art\u0131\u015fla yakla\u015f\u0131k 248 bin mertebesine ula\u015fmas\u0131 EPDK\u2019n\u0131n projeksiyonlar\u0131 d\u00e2hilinde. \u015e\u00fcphesiz artan ihtiyac\u0131n kar\u015f\u0131lanabilmesi i\u00e7in \u00f6n\u00fcm\u00fczdeki 10 y\u0131l i\u00e7erisinde elektrik da\u011f\u0131t\u0131m \u015firketlerinin bu b\u00f6lgelere yeni ba\u011flant\u0131 ve trafo yat\u0131r\u0131mlar\u0131 daha kritik hale gelecek\u201d<\/em> ifadesini kulland\u0131.<\/p>\n<h3><strong>\u201cYE\u015e\u0130L D\u00d6N\u00dc\u015e\u00dcM\u00dcN F\u0130NANSMANI \u0130\u00c7\u0130N S\u00dcRD\u00dcR\u00dcLEB\u0130L\u0130R F\u0130YAT POL\u0130T\u0130KASINA \u0130HT\u0130YA\u00c7 VAR\u201d<\/strong><\/h3>\n<p>Yar\u0131n\u0131n d\u00fcnyas\u0131nda her ge\u00e7en g\u00fcn daha fazla yenilenebilir enerji kaynakl\u0131 \u00fcretim tesisinin sisteme d\u00e2hil olaca\u011f\u0131na i\u015faret eden <strong>Elder Y\u00f6netim Kurulu Ba\u015fkan\u0131 Bar\u0131\u015f Erdeniz<\/strong>, <em>\u201cUla\u015f\u0131mda elektrifikasyonla 100 binlerce yeni elektrikli ara\u00e7 \u015farj istasyonu \u015febekeye d\u00e2hil olacak. Bununla birlikte, t\u00fcketiciler de birer \u00fcretici pozisyonuna gelebilecekler. B\u00f6ylelikle da\u011f\u0131t\u0131m \u015febekesinde \u00e7ift y\u00f6nl\u00fc elektrik ak\u0131\u015f\u0131 ya\u015fanacak. Bunun i\u00e7in \u015febekenin ye\u015fil ve dijital d\u00f6n\u00fc\u015f\u00fcm\u00fcn\u00fcn h\u0131zla ger\u00e7ekle\u015ftirilmesi laz\u0131m. Bu a\u00e7\u0131dan \u015febeke yat\u0131r\u0131mlar\u0131 enerji arz g\u00fcvenli\u011fimiz i\u00e7in stratejik \u00f6neme sahip. Yeni yat\u0131r\u0131mlar ve eskiyen \u015febekelerin yenilenmesi de dahil t\u00fcm \u015febeke yat\u0131r\u0131mlar\u0131n\u0131n sa\u011fl\u0131kl\u0131 finansman\u0131 i\u00e7in s\u00fcrd\u00fcr\u00fclebilir fiyat politikas\u0131na olan ihtiya\u00e7 art\u0131k daha fazla. Elektrik faturalar\u0131n\u0131n yatay seyri i\u00e7in devletimizin \u00fcstlendi\u011fi s\u00fcbvansiyonun faturaland\u0131rma bedellerinin mevcut seyrini korumas\u0131 durumunda bu y\u0131lsonunda 5,7 milyar dolar seviyesine ula\u015faca\u011f\u0131 \u00f6ng\u00f6r\u00fclmekte. Elektrik ekosisteminin gayrisafi yurti\u00e7i has\u0131la i\u00e7indeki pay\u0131 ve ulusal kalk\u0131nmam\u0131zdaki rol\u00fc g\u00f6z \u00f6n\u00fcnde bulunduruldu\u011funda, s\u00fcrd\u00fcr\u00fclebilir sekt\u00f6r geli\u015fimi i\u00e7in fiyatlar\u0131n maliyetleri yans\u0131tan bir d\u00fczleme ta\u015f\u0131nmas\u0131 \u00f6nem arz etmekte.<\/em><\/p>\n<p><em>\u015eebeke d\u00f6n\u00fc\u015f\u00fcm\u00fcn\u00fc ger\u00e7ekle\u015ftirecek olan elektrik da\u011f\u0131t\u0131m \u015firketleri, ye\u015fil enerji d\u00f6n\u00fc\u015f\u00fcm\u00fcn\u00fcn en \u00f6nemli ta\u015f\u0131y\u0131c\u0131s\u0131 konumundad\u0131r. Sekt\u00f6r olarak, bug\u00fcne kadar oldu\u011fu gibi bundan sonra da \u00fclkemizin kalk\u0131nmas\u0131na g\u00fc\u00e7 vermeye devam edecek, ye\u015fil d\u00f6n\u00fc\u015f\u00fcmde \u00fcstlenece\u011fimiz \u201cd\u00f6n\u00fc\u015f\u00fcm\u00fcn omurgas\u0131\u201d rol\u00fcm\u00fczle T\u00fcrkiye\u2019nin enerji arz g\u00fcvenli\u011finin teminine tam destek verece\u011fiz\u201d<\/em> diye konu\u015ftu.<\/p>","protected":false},"excerpt":{"rendered":"<p>Sorry, this entry is only available in Turkish. For the sake of viewer convenience, the content is shown below in the alternative language. You may click the link to switch the active language. T\u00fcrkiye\u2019de elektrik \u00fcretiminden t\u00fcketiciye kadar uzanan elektrik ekosisteminin 915 milyar TL b\u00fcy\u00fckl\u00fck ile gayrisafi yurti\u00e7i has\u0131lan\u0131n y\u00fczde 3,5\u2019ni olu\u015fturdu\u011funa i\u015faret eden Elder [&hellip;]<\/p>\n","protected":false},"author":1,"featured_media":188362,"comment_status":"open","ping_status":"open","sticky":false,"template":"","format":"standard","meta":[],"categories":[51,53],"tags":[1824,15016,1079,19],"views":31,"_links":{"self":[{"href":"https:\/\/www.enerjigazetesi.ist\/en\/wp-json\/wp\/v2\/posts\/188360"}],"collection":[{"href":"https:\/\/www.enerjigazetesi.ist\/en\/wp-json\/wp\/v2\/posts"}],"about":[{"href":"https:\/\/www.enerjigazetesi.ist\/en\/wp-json\/wp\/v2\/types\/post"}],"author":[{"embeddable":true,"href":"https:\/\/www.enerjigazetesi.ist\/en\/wp-json\/wp\/v2\/users\/1"}],"replies":[{"embeddable":true,"href":"https:\/\/www.enerjigazetesi.ist\/en\/wp-json\/wp\/v2\/comments?post=188360"}],"version-history":[{"count":0,"href":"https:\/\/www.enerjigazetesi.ist\/en\/wp-json\/wp\/v2\/posts\/188360\/revisions"}],"wp:featuredmedia":[{"embeddable":true,"href":"https:\/\/www.enerjigazetesi.ist\/en\/wp-json\/wp\/v2\/media\/188362"}],"wp:attachment":[{"href":"https:\/\/www.enerjigazetesi.ist\/en\/wp-json\/wp\/v2\/media?parent=188360"}],"wp:term":[{"taxonomy":"category","embeddable":true,"href":"https:\/\/www.enerjigazetesi.ist\/en\/wp-json\/wp\/v2\/categories?post=188360"},{"taxonomy":"post_tag","embeddable":true,"href":"https:\/\/www.enerjigazetesi.ist\/en\/wp-json\/wp\/v2\/tags?post=188360"}],"curies":[{"name":"wp","href":"https:\/\/api.w.org\/{rel}","templated":true}]}}