{"id":188213,"date":"2024-05-16T20:00:16","date_gmt":"2024-05-16T17:00:16","guid":{"rendered":"https:\/\/www.enerjigazetesi.ist\/?p=188213"},"modified":"2024-05-16T20:00:16","modified_gmt":"2024-05-16T17:00:16","slug":"doga-ve-insan-icin-donusum","status":"publish","type":"post","link":"https:\/\/www.enerjigazetesi.ist\/en\/doga-ve-insan-icin-donusum\/","title":{"rendered":"(Turkish) Do\u011fa ve \u0130nsan \u0130\u00e7in D\u00f6n\u00fc\u015f\u00fcm"},"content":{"rendered":"<p class=\"qtranxs-available-languages-message qtranxs-available-languages-message-en\">Sorry, this entry is only available in <a href=\"https:\/\/www.enerjigazetesi.ist\/tr\/wp-json\/wp\/v2\/posts\/188213\" class=\"qtranxs-available-language-link qtranxs-available-language-link-tr\" title=\"Turkish\">Turkish<\/a>. For the sake of viewer convenience, the content is shown below in the alternative language. You may click the link to switch the active language.<\/p><p><\/p>\n<h2><strong>WWF-T\u00fcrkiye&#8217;nin Gaziantep&#8217;te \u015eahinbey Belediyesi i\u015fbirli\u011fi ile ger\u00e7ekle\u015ftirece\u011fi \u201cGaziantep Geri D\u00f6n\u00fc\u015f\u00fcm \u0130\u015f\u00e7ileri i\u00e7in Yenilik\u00e7i \u0130\u015f Modelleri\u201d AB projesi, hem kayna\u011f\u0131nda ayr\u0131\u015ft\u0131r\u0131lm\u0131\u015f at\u0131\u011f\u0131n toplanmas\u0131yla verimlilik sa\u011flamak hem de geri d\u00f6n\u00fc\u015f\u00fcm i\u015f\u00e7ilerini kay\u0131tl\u0131 sisteme dahil ederek ya\u015fam ve \u00e7al\u0131\u015fma ko\u015fullar\u0131n\u0131 iyile\u015ftirmek i\u00e7in yola \u00e7\u0131k\u0131yor.<\/strong><\/h2>\n<p style=\"text-align: center;\"><img loading=\"lazy\" class=\"aligncenter wp-image-188215\" src=\"https:\/\/www.enerjigazetesi.ist\/wp-content\/uploads\/2024\/05\/doga-ve-insan-icin-donusum.jpg\" alt=\"\" width=\"500\" height=\"375\" srcset=\"https:\/\/www.enerjigazetesi.ist\/wp-content\/uploads\/2024\/05\/doga-ve-insan-icin-donusum.jpg 550w, https:\/\/www.enerjigazetesi.ist\/wp-content\/uploads\/2024\/05\/doga-ve-insan-icin-donusum-300x225.jpg 300w, https:\/\/www.enerjigazetesi.ist\/wp-content\/uploads\/2024\/05\/doga-ve-insan-icin-donusum-500x375.jpg 500w, https:\/\/www.enerjigazetesi.ist\/wp-content\/uploads\/2024\/05\/doga-ve-insan-icin-donusum-67x50.jpg 67w\" sizes=\"(max-width: 500px) 100vw, 500px\" \/><\/p>\n<p>WWF-T\u00fcrkiye&#8217;nin (Do\u011fal Hayat\u0131 Koruma Vakf\u0131) Gaziantep&#8217;te \u015eahinbey Belediyesi i\u015fbirli\u011fi ile ger\u00e7ekle\u015ftirece\u011fi <strong>\u201cGaziantep Geri D\u00f6n\u00fc\u015f\u00fcm \u0130\u015f\u00e7ileri i\u00e7in Yenilik\u00e7i \u0130\u015f Modelleri\u201d<\/strong> ba\u015fl\u0131kl\u0131 \u00fc\u00e7 y\u0131ll\u0131k <strong>AB projesi<\/strong> ba\u015fl\u0131yor. Proje kapsam\u0131nda bir mobil yaz\u0131l\u0131m ile \u015eahinbey&#8217;deki geri d\u00f6n\u00fc\u015f\u00fcm i\u015f\u00e7ilerinin apartman ve sitelerden at\u0131klar\u0131 randevuyla teslim almalar\u0131 ve bu sayede bir yandan kayna\u011f\u0131nda ayr\u0131\u015ft\u0131r\u0131lm\u0131\u015f at\u0131\u011f\u0131n toplanmas\u0131yla verimlili\u011fin art\u0131r\u0131lmas\u0131 bir yandan da geri d\u00f6n\u00fc\u015f\u00fcm i\u015f\u00e7ileri kay\u0131tl\u0131 sisteme dahil edilerek ya\u015fam ve \u00e7al\u0131\u015fma ko\u015fullar\u0131n\u0131n iyile\u015ftirilmesi ama\u00e7lan\u0131yor.<\/p>\n<p>Do\u011fa ve \u0130nsan i\u00e7in D\u00f6n\u00fc\u015f\u00fcm \u00e7a\u011fr\u0131s\u0131yla yola \u00e7\u0131k\u0131lan projenin tan\u0131t\u0131m toplant\u0131s\u0131<strong> WWF-T\u00fcrkiye Genel M\u00fcd\u00fcr\u00fc \u00d6m\u00fcr Kula<\/strong>, \u015eahinbey Belediyesi Bas\u0131n Yay\u0131n Halkla \u0130li\u015fkiler ve D\u0131\u015f \u0130li\u015fkiler M\u00fcd\u00fcr\u00fc Mehmet Dinli, geri d\u00f6n\u00fc\u015f\u00fcm i\u015f\u00e7ilerinin temsilcileri, yerel STK&#8217;lar, kamu kurumlar\u0131 ve uluslararas\u0131 kurulu\u015flar\u0131n kat\u0131l\u0131m\u0131yla ger\u00e7ekle\u015fti. Proje kapsam\u0131nda, <strong>geri d\u00f6n\u00fc\u015f\u00fcm ve toplumsal e\u015fitlik<\/strong> gibi ba\u015fl\u0131klarda \u00e7al\u0131\u015fan yerel sivil toplum kurulu\u015flar\u0131n\u0131n g\u00fc\u00e7lendirilmesi ve olu\u015fturulan i\u015f modelinin di\u011fer belediyelere ve T\u00fcrkiye geneline yay\u0131lmas\u0131 hedefleniyor.<\/p>\n<p><strong>\u015eahinbey Belediyesi Bas\u0131n Yay\u0131n Halkla \u0130li\u015fkiler ve D\u0131\u015f \u0130li\u015fkiler M\u00fcd\u00fcr\u00fc Mehmet Dinli<\/strong>, tan\u0131t\u0131m toplant\u0131s\u0131nda konuyla ilgili olarak \u015funlar\u0131 s\u00f6yledi:<em> \u201cCumhurba\u015fkan\u0131 Recep Tayyip Erdo\u011fan&#8217;\u0131n e\u015fi Emine Erdo\u011fan&#8217;\u0131n \u00f6nc\u00fcl\u00fc\u011f\u00fcnde \u00c7evre ve \u015eehircilik Bakanl\u0131\u011f\u0131 taraf\u0131ndan ba\u015flat\u0131lan \u201cS\u0131f\u0131r At\u0131k Projesi\u201d kapsam\u0131nda geri d\u00f6n\u00fc\u015f\u00fcmde \u00e7ok \u00f6nemli mesafeler kat eden \u015eahinbey Belediyesi, bu konudaki \u00e7al\u0131\u015fmalar\u0131n\u0131 aral\u0131ks\u0131z s\u00fcrd\u00fcr\u00fcyor. Ge\u00e7ti\u011fimiz y\u0131llarda bu \u00e7er\u00e7evede T\u00fcrkiye&#8217;de bir ilk olan Bankam At\u0131k projesini hayata ge\u00e7irdik, vatanda\u015flar\u0131m\u0131za getirdikleri at\u0131klar kar\u015f\u0131l\u0131\u011f\u0131nda hediyeler verdik. Proje ba\u015far\u0131l\u0131 oldu, \u015fimdiden 10 Bankam At\u0131k noktas\u0131na ula\u015ft\u0131k. \u015eimdi de d\u00fcnyan\u0131n hem y\u00fck\u00fcn\u00fc hem gelece\u011fini omuzlar\u0131nda ta\u015f\u0131yan geri d\u00f6n\u00fc\u015f\u00fcm i\u015f\u00e7ilerinin daha iyi \u015fartlarda \u00e7al\u0131\u015fabilmeleri i\u00e7in yine T\u00fcrkiye&#8217;de ilk olacak bir proje ba\u015flat\u0131yoruz. Proje sayesinde bu arkada\u015flar daha iyi \u015fartlarda, daha sa\u011fl\u0131kl\u0131 ko\u015fullarda \u00e7al\u0131\u015fabilecekler, bir yandan da mesleki stat\u00fc ve itibarlar\u0131n\u0131 art\u0131raca\u011f\u0131z.\u201d<\/em><\/p>\n<p>WWF-T\u00fcrkiye Genel M\u00fcd\u00fcr\u00fc <strong>\u00d6m\u00fcr Kula<\/strong> ise geri d\u00f6n\u00fc\u015f\u00fcm i\u015f\u00e7ilerinin plastik ve zararl\u0131 at\u0131klar\u0131n do\u011faya kar\u0131\u015fmas\u0131n\u0131 \u00f6nleyerek do\u011fa koruma ad\u0131na \u00e7ok \u00f6nemli bir i\u015f yapt\u0131klar\u0131n\u0131n alt\u0131n\u0131 \u00e7izdi. Kula, <em>\u201cHanelerden \u00e7\u0131kan ambalaj at\u0131klar\u0131n\u0131n en az yar\u0131s\u0131n\u0131 geri d\u00f6n\u00fc\u015f\u00fcm i\u015f\u00e7ilerinin toplayarak ekonomiye kazand\u0131rd\u0131klar\u0131 tahmin ediliyor. Aksi takdirde en iyi ihtimalle topra\u011fa g\u00f6m\u00fclecek, ba\u015fka bir ihtimal de do\u011fay\u0131 kirletecek. Bu at\u0131klar\u0131n toplanmas\u0131n\u0131n \u00f6nemini ne kadar vurgulasam azd\u0131r. Bu alanda \u00e7al\u0131\u015fan herkesin daha insani ko\u015fullarda ya\u015famalar\u0131na ve \u00e7al\u0131\u015fmalar\u0131na bir katk\u0131m\u0131z olursa ne mutlu bize. Hedefimiz burada olu\u015fturaca\u011f\u0131m\u0131z i\u015f modelini ba\u015fka Belediyelere ve t\u00fcm T\u00fcrkiye&#8217;ye ta\u015f\u0131mak.\u201d<\/em><\/p>","protected":false},"excerpt":{"rendered":"<p>Sorry, this entry is only available in Turkish. For the sake of viewer convenience, the content is shown below in the alternative language. You may click the link to switch the active language. WWF-T\u00fcrkiye&#8217;nin Gaziantep&#8217;te \u015eahinbey Belediyesi i\u015fbirli\u011fi ile ger\u00e7ekle\u015ftirece\u011fi \u201cGaziantep Geri D\u00f6n\u00fc\u015f\u00fcm \u0130\u015f\u00e7ileri i\u00e7in Yenilik\u00e7i \u0130\u015f Modelleri\u201d AB projesi, hem kayna\u011f\u0131nda ayr\u0131\u015ft\u0131r\u0131lm\u0131\u015f at\u0131\u011f\u0131n toplanmas\u0131yla [&hellip;]<\/p>\n","protected":false},"author":1,"featured_media":188216,"comment_status":"open","ping_status":"open","sticky":false,"template":"","format":"standard","meta":[],"categories":[53],"tags":[25917,38039,984,2529,113874,113877,113876,113875,687],"views":30,"_links":{"self":[{"href":"https:\/\/www.enerjigazetesi.ist\/en\/wp-json\/wp\/v2\/posts\/188213"}],"collection":[{"href":"https:\/\/www.enerjigazetesi.ist\/en\/wp-json\/wp\/v2\/posts"}],"about":[{"href":"https:\/\/www.enerjigazetesi.ist\/en\/wp-json\/wp\/v2\/types\/post"}],"author":[{"embeddable":true,"href":"https:\/\/www.enerjigazetesi.ist\/en\/wp-json\/wp\/v2\/users\/1"}],"replies":[{"embeddable":true,"href":"https:\/\/www.enerjigazetesi.ist\/en\/wp-json\/wp\/v2\/comments?post=188213"}],"version-history":[{"count":0,"href":"https:\/\/www.enerjigazetesi.ist\/en\/wp-json\/wp\/v2\/posts\/188213\/revisions"}],"wp:featuredmedia":[{"embeddable":true,"href":"https:\/\/www.enerjigazetesi.ist\/en\/wp-json\/wp\/v2\/media\/188216"}],"wp:attachment":[{"href":"https:\/\/www.enerjigazetesi.ist\/en\/wp-json\/wp\/v2\/media?parent=188213"}],"wp:term":[{"taxonomy":"category","embeddable":true,"href":"https:\/\/www.enerjigazetesi.ist\/en\/wp-json\/wp\/v2\/categories?post=188213"},{"taxonomy":"post_tag","embeddable":true,"href":"https:\/\/www.enerjigazetesi.ist\/en\/wp-json\/wp\/v2\/tags?post=188213"}],"curies":[{"name":"wp","href":"https:\/\/api.w.org\/{rel}","templated":true}]}}