{"id":188141,"date":"2024-05-15T18:48:49","date_gmt":"2024-05-15T15:48:49","guid":{"rendered":"https:\/\/www.enerjigazetesi.ist\/?p=188141"},"modified":"2024-05-15T18:50:56","modified_gmt":"2024-05-15T15:50:56","slug":"kamu-binalarinda-enerji-tasarrufunun-yolu-yalitimdan-geciyor","status":"publish","type":"post","link":"https:\/\/www.enerjigazetesi.ist\/en\/kamu-binalarinda-enerji-tasarrufunun-yolu-yalitimdan-geciyor\/","title":{"rendered":"(Turkish) Kamu Binalar\u0131nda Enerji Tasarrufunun Yolu Yal\u0131t\u0131mdan Ge\u00e7iyor"},"content":{"rendered":"<p class=\"qtranxs-available-languages-message qtranxs-available-languages-message-en\">Sorry, this entry is only available in <a href=\"https:\/\/www.enerjigazetesi.ist\/tr\/wp-json\/wp\/v2\/posts\/188141\" class=\"qtranxs-available-language-link qtranxs-available-language-link-tr\" title=\"Turkish\">Turkish<\/a>. For the sake of viewer convenience, the content is shown below in the alternative language. You may click the link to switch the active language.<\/p><p><\/p>\n<h2><strong>Yeni a\u00e7\u0131klanan Kamuda Tasarruf ve Verimlilik Paketi ile kamuda tasarruf d\u00f6nemi ba\u015fl\u0131yor. Bir\u00e7ok alanda tedbirler i\u00e7eren pakette enerji ve at\u0131k y\u00f6netimi de birer ba\u015fl\u0131k olarak yer al\u0131yor. Kamu bina ve tesislerinde enerji verimlili\u011fini art\u0131ran uygulamalar geli\u015ftirilmesi ve yenilenebilir enerji kaynaklar\u0131ndan faydalan\u0131lmas\u0131 maddeleri ile ilgili de\u011ferlendirmede bulunan \u0130ZODER Ba\u015fkan\u0131 Emrullah Eruslu, \u015funlar\u0131 s\u00f6yledi: \u201cYal\u0131t\u0131m, binalarda enerji verimlili\u011finde \u00e7ok b\u00fcy\u00fck rol oynuyor. Gerek yeni pakette a\u00e7\u0131klanan enerji verimlili\u011fi hedeflerine, gerekse 2030 y\u0131l\u0131na kadar baz\u0131 kamu binalar\u0131 i\u00e7in belirlenen y\u00fczde 30 enerji tasarrufu hedefine ula\u015f\u0131lmas\u0131 yal\u0131t\u0131mla m\u00fcmk\u00fcn. Enerjide d\u0131\u015fa ba\u011f\u0131ml\u0131l\u0131k nedeniyle 2023 y\u0131l\u0131nda enerji ithalat\u0131na yakla\u015f\u0131k 70 milyar dolar \u00f6deyen \u00fclkemizde binalar\u0131n sadece y\u00fczde 25\u2019inin yal\u0131t\u0131ml\u0131 olmas\u0131n\u0131n b\u00fcy\u00fck bir kaynak israf\u0131 oldu\u011funu unutmamak gerekiyor.\u201d<\/strong><\/h2>\n<p style=\"text-align: center;\"><img loading=\"lazy\" class=\"aligncenter wp-image-188143\" src=\"https:\/\/www.enerjigazetesi.ist\/wp-content\/uploads\/2024\/05\/kamu-binalarinda-enerji-tasarrufunun-yolu-yalitimdan-geciyor.jpg\" alt=\"\" width=\"500\" height=\"354\" srcset=\"https:\/\/www.enerjigazetesi.ist\/wp-content\/uploads\/2024\/05\/kamu-binalarinda-enerji-tasarrufunun-yolu-yalitimdan-geciyor.jpg 550w, https:\/\/www.enerjigazetesi.ist\/wp-content\/uploads\/2024\/05\/kamu-binalarinda-enerji-tasarrufunun-yolu-yalitimdan-geciyor-300x212.jpg 300w, https:\/\/www.enerjigazetesi.ist\/wp-content\/uploads\/2024\/05\/kamu-binalarinda-enerji-tasarrufunun-yolu-yalitimdan-geciyor-500x354.jpg 500w, https:\/\/www.enerjigazetesi.ist\/wp-content\/uploads\/2024\/05\/kamu-binalarinda-enerji-tasarrufunun-yolu-yalitimdan-geciyor-71x50.jpg 71w\" sizes=\"(max-width: 500px) 100vw, 500px\" \/><\/p>\n<p><strong>\u0130ZODER-Is\u0131 Su Ses ve Yang\u0131n Yal\u0131t\u0131mc\u0131lar\u0131 Derne\u011fi Y\u00f6netim Kurulu Ba\u015fkan\u0131 Emrullah Eruslu<\/strong>, <em>\u201cKapsaml\u0131 bir tasarruf modelini \u00f6n g\u00f6ren Kamuda Tasarruf ve Verimlilik Paketi\u2019nde enerji verimlili\u011fi vurgusu da dikkat \u00e7ekiyor. Bu noktada enerji verimlili\u011finde yal\u0131t\u0131m\u0131n rol\u00fcn\u00fcn de unutulmamas\u0131 gerekiyor. Binalar\u0131m\u0131z\u0131 yal\u0131t\u0131m ile enerji verimli hale getirmek hem s\u00fcrd\u00fcr\u00fclebilirlik hem de \u00fclke ekonomisine katk\u0131 a\u00e7\u0131s\u0131ndan \u00f6nem ta\u015f\u0131yor. T\u00fcrkiye enerjisinin y\u00fczde 67,8\u2019ini, do\u011falgaz\u0131n\u0131n ise y\u00fczde 99\u2019unu ithal ediyor. Ge\u00e7ti\u011fimiz y\u0131l enerji ithalat\u0131na yakla\u015f\u0131k 70 milyar dolar<img loading=\"lazy\" class=\"alignright wp-image-188144\" src=\"https:\/\/www.enerjigazetesi.ist\/wp-content\/uploads\/2024\/05\/kamu-binalarinda-enerji-tasarrufunun-yolu-yalitimdan-geciyor-1.jpg\" alt=\"\" width=\"320\" height=\"275\" srcset=\"https:\/\/www.enerjigazetesi.ist\/wp-content\/uploads\/2024\/05\/kamu-binalarinda-enerji-tasarrufunun-yolu-yalitimdan-geciyor-1.jpg 550w, https:\/\/www.enerjigazetesi.ist\/wp-content\/uploads\/2024\/05\/kamu-binalarinda-enerji-tasarrufunun-yolu-yalitimdan-geciyor-1-300x258.jpg 300w, https:\/\/www.enerjigazetesi.ist\/wp-content\/uploads\/2024\/05\/kamu-binalarinda-enerji-tasarrufunun-yolu-yalitimdan-geciyor-1-465x400.jpg 465w, https:\/\/www.enerjigazetesi.ist\/wp-content\/uploads\/2024\/05\/kamu-binalarinda-enerji-tasarrufunun-yolu-yalitimdan-geciyor-1-58x50.jpg 58w, https:\/\/www.enerjigazetesi.ist\/wp-content\/uploads\/2024\/05\/kamu-binalarinda-enerji-tasarrufunun-yolu-yalitimdan-geciyor-1-500x430.jpg 500w\" sizes=\"(max-width: 320px) 100vw, 320px\" \/> harcand\u0131. \u00dclkemizde kullan\u0131lan toplam enerjinin y\u00fczde 32,7\u2019si ise binalarda t\u00fcketiliyor. T\u00fcketilen bu enerjinin y\u00fczde 80\u2019i de k\u0131\u015f\u0131n \u0131s\u0131nma, yaz\u0131n so\u011futma i\u00e7in kullan\u0131l\u0131yor. Oysa \u0131s\u0131 yal\u0131t\u0131ml\u0131 binalar enerji giderlerini y\u00fczde 50 d\u00fc\u015f\u00fcrerek b\u00fct\u00e7eye ve \u00e7evrenin korunmas\u0131na \u00f6nemli bir katk\u0131 sa\u011fl\u0131yor\u201d<\/em> dedi.<\/p>\n<h3><strong>Yal\u0131t\u0131mla \u00dclkemizin Enerji Faturas\u0131n\u0131 Y\u00fczde 15 Azaltabiliriz<\/strong><\/h3>\n<p>T\u00fcrkiye\u2019de enerji verimlili\u011fi ile ilgili olarak mevcut bina stokunun iyile\u015ftirilmesinin kritik oldu\u011funu s\u00f6yleyen <strong>\u0130ZODER Ba\u015fkan\u0131 Emrullah Eruslu<\/strong>, <em>\u201cBu noktada Kamunun \u00f6nc\u00fc olmas\u0131 ve mevcutta kullan\u0131lan verimsiz binalar\u0131n\u0131 enerji verimli hale getirmesini anlaml\u0131 buluyoruz. Sadece kamu binalar\u0131 i\u00e7in de\u011fil t\u00fcm binalar\u0131 kapsayacak \u00e7\u00f6z\u00fcmlere ihtiya\u00e7 var. Gerek yeni pakette a\u00e7\u0131klanan enerji verimlili\u011fi hedeflerine, gerekse Cumhurba\u015fkanl\u0131\u011f\u0131 karar\u0131yla baz\u0131 kamu binalar\u0131 i\u00e7in belirlenen enerji tasarruf hedefinin 2030 y\u0131l\u0131na kadar y\u00fczde 15\u2019ten y\u00fczde 30\u2019a \u00e7\u0131kar\u0131lmas\u0131 hedefine ula\u015f\u0131lmas\u0131 do\u011fru uygulanacak yal\u0131t\u0131mla m\u00fcmk\u00fcn. T\u00fcm binalar\u0131n \u00e7at\u0131, duvar ve d\u00f6\u015femelerinde \u0131s\u0131 yal\u0131t\u0131m\u0131 yaparak ve pencerelerde kaplamal\u0131 yal\u0131t\u0131m cam\u0131 \u00fcniteleri kullanarak \u00fclkemizin toplam enerji faturas\u0131n\u0131 yakla\u015f\u0131k y\u00fczde 15 azaltabiliriz. T\u00fcrkiye\u2019deki binalar\u0131 enerji verimli hale getirerek (En az C s\u0131n\u0131f\u0131 binalar) enerji fiyatlar\u0131na ba\u011fl\u0131 olarak her y\u0131l 12-15 milyar dolar tasarruf elde edebiliriz. Yal\u0131t\u0131mla enerji faturalar\u0131ndan elde edilecek tasarruf devletimizin do\u011falgazda uygulad\u0131\u011f\u0131 s\u00fcbvansiyondan da tasarruf etmesini sa\u011flayacakt\u0131r. Bunlar dikkate al\u0131nmas\u0131 gereken \u00e7ok ciddi kazan\u0131mlard\u0131r\u201d<\/em> \u015feklinde konu\u015ftu.<\/p>\n<h3><strong>Eskimi\u015f Enerji Limitleri Y\u00fcz\u00fcnden Enerji \u0130sraf\u0131m\u0131z Geli\u015fmi\u015f \u00dclkelerden 3 ila 5 Kat Fazla<\/strong><\/h3>\n<p>Geli\u015fmi\u015f \u00fclkelerde binalarda enerji verimlili\u011fine y\u00f6nelik bir\u00e7ok ad\u0131m at\u0131larak enerji limitleri d\u00fc\u015f\u00fcr\u00fcl\u00fcrken, \u00fclkemizde 2008 y\u0131l\u0131nda tan\u0131mlanm\u0131\u015f enerji limitlerinin kullan\u0131ld\u0131\u011f\u0131n\u0131 dile getiren <strong>Emrullah Eruslu<\/strong>, \u015funlar\u0131 s\u00f6yledi:<em> \u201cAB\u2019de 2019 y\u0131l\u0131ndan bu yana yeni kamu binalar\u0131n\u0131n t\u00fcm\u00fc neredeyse s\u0131f\u0131r enerjili olarak \u00fcretiliyor. 2020 y\u0131l\u0131n\u0131n ba\u015f\u0131ndan itibaren ise t\u00fcm yeni binalar neredeyse s\u0131f\u0131r enerjili olarak yap\u0131l\u0131yor. Bir\u00e7ok geli\u015fmi\u015f \u00fclkede binalar \u0131s\u0131tma ve so\u011futmaya y\u00f6nelik birim metrekaredeki y\u0131ll\u0131k enerji t\u00fcketimi 30-50 kW olacak \u015fekilde yal\u0131t\u0131ml\u0131 olarak tasarlan\u0131yor ve in\u015fa ediliyor. \u00dclkemizde ise halen bina enerji t\u00fcketimi 100-120 kW\/m2y\u0131l (birim metrekare\/y\u0131l) seviyesinde. Enerji israf\u0131m\u0131z geli\u015fmi\u015f \u00fclkeler ile mukayese edildi\u011finde 3 ila 5 kat daha fazla. Enerji Verimlili\u011fi Strateji Belgesi\u2019nde de tan\u0131mland\u0131\u011f\u0131 \u00fczere enerji limitlerimizi ve U de\u011ferlerimizi ivedilikle geli\u015fmi\u015f \u00fclkeler seviyesine getirmemiz gerekiyor. Binalarda Is\u0131 Yal\u0131t\u0131m\u0131 Kurallar\u0131 Standard\u0131 TS 825 revizyonu bu noktada b\u00fcy\u00fck \u00f6nem ta\u015f\u0131yor. Haz\u0131r tasarruf noktas\u0131nda b\u00f6yle ad\u0131mlar at\u0131lmaya ba\u015flanm\u0131\u015fken h\u0131zl\u0131ca revize standart ile ilgili de g\u00fczel haberler almay\u0131 bekliyoruz.\u201d<\/em><\/p>\n<h3><strong>Daha Kal\u0131n Yal\u0131t\u0131mla Daha \u00c7ok Enerji Tasarrufu <\/strong><\/h3>\n<p>Daha kal\u0131n yal\u0131t\u0131mla daha \u00e7ok enerji tasarrufu elde edildi\u011fini vurgulayan <strong>\u0130ZODER Ba\u015fkan\u0131 Emrullah Eruslu<\/strong>, a\u00e7\u0131klamalar\u0131n\u0131 \u015fu s\u00f6zlerle bitirdi; <em>\u201cYal\u0131t\u0131m kal\u0131nl\u0131\u011f\u0131 artt\u0131k\u00e7a sa\u011flanacak enerji verimlili\u011fi ayn\u0131 oranda artar. Buna kar\u015f\u0131l\u0131k kal\u0131nl\u0131k art\u0131\u015f\u0131n\u0131n in\u015faat maliyetine etkisi olduk\u00e7a azd\u0131r. Yal\u0131t\u0131m kal\u0131nl\u0131\u011f\u0131n\u0131 iki kat\u0131na \u00e7\u0131kard\u0131\u011f\u0131m\u0131zda toplam maliyet ikiye katlanmaz ama bu sayede \u0131s\u0131tma ve so\u011futmada tasarruf potansiyeli iki kat olur. Is\u0131 yal\u0131t\u0131m\u0131 uygulamalar\u0131 hem ilk yat\u0131r\u0131m hem i\u015fletme maliyetlerini d\u00fc\u015f\u00fcrerek kendini k\u0131sa s\u00fcrede geri \u00f6der; bina \u00f6mr\u00fc boyunca tasarruf sa\u011flamaya devam eder. Genel olarak uygulamalarda yal\u0131t\u0131m malzemesinin maliyetinin d\u0131\u015f\u0131nda, yal\u0131t\u0131m kal\u0131nl\u0131\u011f\u0131ndan ba\u011f\u0131ms\u0131z olarak; iskele kurulumu, elektrik, su gibi alt yap\u0131 maliyetleri, yap\u0131\u015ft\u0131r\u0131c\u0131, s\u0131va, d\u00fcbel, file vb. yard\u0131mc\u0131 malzeme maliyetleri, boya, d\u0131\u015f cephe kaplamas\u0131 gibi tamamlay\u0131c\u0131 malzeme maliyetleri ve i\u015f\u00e7ilik maliyetleri olu\u015fur. T\u00fcm bu maliyetlerin i\u00e7erisinde yal\u0131t\u0131m malzemesinin kal\u0131nl\u0131\u011f\u0131n\u0131n artt\u0131r\u0131lmas\u0131ndan olu\u015facak ilave maliyet, uygulamadan uygulamaya de\u011fi\u015fmekle birlikte olduk\u00e7a d\u00fc\u015f\u00fckt\u00fcr. Yani iskeleyi kurdurmu\u015f, i\u015f\u00e7iyi iskeleye \u00e7\u0131karm\u0131\u015f, yap\u0131\u015ft\u0131r\u0131c\u0131, s\u0131va, boya gibi malzemeleri alm\u0131\u015fken enerji verimlili\u011fini sa\u011flayacak yal\u0131t\u0131m levhas\u0131n\u0131 m\u00fcmk\u00fcn oldu\u011funca kal\u0131n kullanmal\u0131y\u0131z. Art\u0131k bizim de Antalya ve \u0130zmir gibi s\u0131cak iklim b\u00f6lgelerinde 6-8 cm, \u0130stanbul gibi \u0131l\u0131man iklime sahip b\u00f6lgelerde 9-10 cm, Ankara gibi so\u011fuk olan yerlerde 10-12 cm ve Erzurum gibi \u00e7ok so\u011fuk olan yerlerde 14-15 cm kal\u0131nl\u0131klarda yal\u0131t\u0131m yapmam\u0131z gerekiyor. Benzer durum pencereler i\u00e7in de ge\u00e7erli. Pencerelerde kaplamas\u0131z klasik camlar yerine \u0131s\u0131 ve\/veya g\u00fcne\u015f kontrol kaplamal\u0131 yal\u0131t\u0131m camlar\u0131n\u0131 kullanmal\u0131, \u00fc\u00e7l\u00fc camlama \u00e7\u00f6z\u00fcmlerine y\u00f6nelmeliyiz.\u201d<\/em><\/p>","protected":false},"excerpt":{"rendered":"<p>Sorry, this entry is only available in Turkish. For the sake of viewer convenience, the content is shown below in the alternative language. You may click the link to switch the active language. Yeni a\u00e7\u0131klanan Kamuda Tasarruf ve Verimlilik Paketi ile kamuda tasarruf d\u00f6nemi ba\u015fl\u0131yor. Bir\u00e7ok alanda tedbirler i\u00e7eren pakette enerji ve at\u0131k y\u00f6netimi de [&hellip;]<\/p>\n","protected":false},"author":1,"featured_media":188143,"comment_status":"open","ping_status":"open","sticky":false,"template":"","format":"standard","meta":[],"categories":[53,52],"tags":[113857,380,11012,113858],"views":58,"_links":{"self":[{"href":"https:\/\/www.enerjigazetesi.ist\/en\/wp-json\/wp\/v2\/posts\/188141"}],"collection":[{"href":"https:\/\/www.enerjigazetesi.ist\/en\/wp-json\/wp\/v2\/posts"}],"about":[{"href":"https:\/\/www.enerjigazetesi.ist\/en\/wp-json\/wp\/v2\/types\/post"}],"author":[{"embeddable":true,"href":"https:\/\/www.enerjigazetesi.ist\/en\/wp-json\/wp\/v2\/users\/1"}],"replies":[{"embeddable":true,"href":"https:\/\/www.enerjigazetesi.ist\/en\/wp-json\/wp\/v2\/comments?post=188141"}],"version-history":[{"count":0,"href":"https:\/\/www.enerjigazetesi.ist\/en\/wp-json\/wp\/v2\/posts\/188141\/revisions"}],"wp:featuredmedia":[{"embeddable":true,"href":"https:\/\/www.enerjigazetesi.ist\/en\/wp-json\/wp\/v2\/media\/188143"}],"wp:attachment":[{"href":"https:\/\/www.enerjigazetesi.ist\/en\/wp-json\/wp\/v2\/media?parent=188141"}],"wp:term":[{"taxonomy":"category","embeddable":true,"href":"https:\/\/www.enerjigazetesi.ist\/en\/wp-json\/wp\/v2\/categories?post=188141"},{"taxonomy":"post_tag","embeddable":true,"href":"https:\/\/www.enerjigazetesi.ist\/en\/wp-json\/wp\/v2\/tags?post=188141"}],"curies":[{"name":"wp","href":"https:\/\/api.w.org\/{rel}","templated":true}]}}