{"id":188083,"date":"2024-05-14T17:31:49","date_gmt":"2024-05-14T14:31:49","guid":{"rendered":"https:\/\/www.enerjigazetesi.ist\/?p=188083"},"modified":"2024-05-14T17:32:13","modified_gmt":"2024-05-14T14:32:13","slug":"ey-turkiye-de-ust-duzey-atama-gerceklesti","status":"publish","type":"post","link":"https:\/\/www.enerjigazetesi.ist\/en\/ey-turkiye-de-ust-duzey-atama-gerceklesti\/","title":{"rendered":"(Turkish) &#8217;EY T\u00fcrkiye&#8217;de \u00dcst D\u00fczey Atama Ger\u00e7ekle\u015fti"},"content":{"rendered":"<p class=\"qtranxs-available-languages-message qtranxs-available-languages-message-en\">Sorry, this entry is only available in <a href=\"https:\/\/www.enerjigazetesi.ist\/tr\/wp-json\/wp\/v2\/posts\/188083\" class=\"qtranxs-available-language-link qtranxs-available-language-link-tr\" title=\"Turkish\">Turkish<\/a>. For the sake of viewer convenience, the content is shown below in the alternative language. You may click the link to switch the active language.<\/p><p><\/p>\n<h2><strong>Cem \u00c7aml\u0131, d\u00fcnya genelinde sekt\u00f6r\u00fcnde \u00f6nc\u00fc firmalara strateji dan\u0131\u015fmanl\u0131\u011f\u0131 hizmetleri sunan EY-Parthenon\u2019un (EYP) T\u00fcrkiye ofisine \u015firket orta\u011f\u0131 olarak atand\u0131. \u00c7aml\u0131, EYP b\u00fcnyesinde enerji, do\u011fal kaynaklar, kimya, ula\u015ft\u0131rma, lojistik ve perakende sekt\u00f6rlerindeki strateji dan\u0131\u015fmanl\u0131\u011f\u0131 projelerinden sorumlu olacak.<\/strong><\/h2>\n<p style=\"text-align: center;\"><img loading=\"lazy\" class=\"aligncenter wp-image-188085\" src=\"https:\/\/www.enerjigazetesi.ist\/wp-content\/uploads\/2024\/05\/ey-turkiye-de-ust-duzey-atama-gerceklesti.jpg\" alt=\"\" width=\"500\" height=\"324\" srcset=\"https:\/\/www.enerjigazetesi.ist\/wp-content\/uploads\/2024\/05\/ey-turkiye-de-ust-duzey-atama-gerceklesti.jpg 550w, https:\/\/www.enerjigazetesi.ist\/wp-content\/uploads\/2024\/05\/ey-turkiye-de-ust-duzey-atama-gerceklesti-300x194.jpg 300w, https:\/\/www.enerjigazetesi.ist\/wp-content\/uploads\/2024\/05\/ey-turkiye-de-ust-duzey-atama-gerceklesti-500x324.jpg 500w, https:\/\/www.enerjigazetesi.ist\/wp-content\/uploads\/2024\/05\/ey-turkiye-de-ust-duzey-atama-gerceklesti-77x50.jpg 77w\" sizes=\"(max-width: 500px) 100vw, 500px\" \/><\/p>\n<p>EY (Ernst &amp; Young) \u00e7at\u0131s\u0131 alt\u0131nda yer alan ve 120 \u00fclkede 9.000&#8217;den fazla strateji dan\u0131\u015fman\u0131n\u0131 b\u00fcnyesinde bar\u0131nd\u0131ran <strong>EY-Parthenon (EYP)\u00a0<\/strong> T\u00fcrkiye\u2019de \u00fcst y\u00f6netim kadrosunu g\u00fc\u00e7lendirmeye devam ediyor. Firmalara; tasar\u0131mdan uygulamaya kadar kurumsal strateji, b\u00fcy\u00fcme stratejisi, sat\u0131n alma stratejisi, pazara giri\u015f stratejsi ve yeniden yap\u0131land\u0131rma stratejisi gibi bir\u00e7ok alanda hizmetler sunan ve firmalar\u0131n uzun vadeli de\u011fer yaratmas\u0131na destek olan EY Parthenon\u2019un T\u00fcrkiye ofisine, Cem \u00c7aml\u0131 \u015firket orta\u011f\u0131 olarak atand\u0131.<\/p>\n<p><strong>Cem \u00c7aml\u0131<\/strong>, 18 y\u0131ll\u0131k kariyeri boyunca T\u00fcrkiye, Avrupa ve Orta Do\u011fu b\u00f6lgelerindeki sekt\u00f6r\u00fcnde \u00f6nc\u00fc firmalar i\u00e7in kritik b\u00fcy\u00fcme stratejisi, pazara giri\u015f stratejisi, ticari durum de\u011ferlendirme, yeniden yap\u0131land\u0131rma, stratejik planlama, d\u00f6n\u00fc\u015f\u00fcm program\u0131 tasar\u0131m\u0131 ve uygulama projelerini y\u00f6netti. May\u0131s ay\u0131 itibar\u0131yla da <strong>EY-Parthenon T\u00fcrkiye ofisi<\/strong> ekiplerine liderlik etmek \u00fczere <strong>EY-Parthenon T\u00fcrkiye<\/strong>\u2019ye kat\u0131ld\u0131.<\/p>\n<p>2006 y\u0131l\u0131nda Ko\u00e7 \u00dcniversitesi End\u00fcstri M\u00fchendisli\u011fi ve Bilgisayar M\u00fchendisli\u011fi b\u00f6l\u00fcmlerinden mezun olan <strong>\u00c7aml\u0131<\/strong>, kariyerine uluslararas\u0131 bir \u015firkette dan\u0131\u015fman olarak ba\u015flad\u0131. Bu s\u00fcre i\u00e7erisinde, k\u0131demli analist ve k\u0131demli dan\u0131\u015fman olarak \u00e7al\u0131\u015fan <strong>\u00c7aml\u0131<\/strong>; \u0130stanbul, Dubai, Abu Dabi, Riyad ve Johannesburg ofislerinde telekom, bankac\u0131l\u0131k ve emlak sekt\u00f6rlerinde m\u00fc\u015fteri odakl\u0131 d\u00f6n\u00fc\u015f\u00fcm projelerini tasarlay\u0131p uygulad\u0131.<\/p>\n<p><strong>\u00c7aml\u0131<\/strong>, 2012-2017 aras\u0131nda T\u00fcrk Telekom CEO Ofis B\u00f6l\u00fcm\u00fcnde Program Koordinat\u00f6r\u00fc olarak kariyerine devam etti ve \u00a0\u015firketin sat\u0131\u015f, pazarlama ve sat\u0131n alma entegrasyon projelerini ba\u015far\u0131yla y\u00f6netti. 2017-2018 y\u0131llar\u0131nda Y\u0131ld\u0131z Holding b\u00fcnyesindeki Bizim Toptan \u015firketinde K\u0131demli Proje Y\u00f6neticisi olarak m\u00fc\u015fteri y\u00f6netimi, sat\u0131n alma, insan kayna\u011f\u0131 ve dijital d\u00f6n\u00fc\u015f\u00fcm alanlar\u0131na odaklanan yeniden yap\u0131land\u0131rma program\u0131n\u0131 tasarlay\u0131p uygulamas\u0131n\u0131 y\u00f6netti.<\/p>\n<p>EY-Parthenon T\u00fcrkiye\u2019ye kat\u0131lmadan \u00f6nce ise 2018-2023 y\u0131llar\u0131 aras\u0131nda k\u00fcresel bir dan\u0131\u015fmanl\u0131k firmas\u0131n\u0131n \u0130stanbul ofisinde direkt\u00f6r olarak g\u00f6rev yapan <strong>Cem \u00c7aml\u0131<\/strong>, burada T\u00fcrkiye ve Avrupa\u2019da faaliyet g\u00f6steren <strong>enerji, do\u011fal kaynaklar, kimya, ula\u015ft\u0131rma, lojistik ve perakende<\/strong> sekt\u00f6rlerindeki \u00f6nc\u00fc \u015firketlere y\u00f6nelik 50\u2019den fazla strateji ve i\u015f geli\u015ftirme projesinin sorumlulu\u011funu \u00fcstlenerek bir\u00e7ok ba\u015far\u0131ya imza att\u0131. Enerji batarya ve depolama, ye\u015fil hidrojen, m\u00fc\u015fteri i\u00e7g\u00f6r\u00fcleri, kargo ve lojistik alanlar\u0131 hakk\u0131nda makaleler ve d\u00fc\u015f\u00fcnce \u00f6nderli\u011fi \u00e7al\u0131\u015fmalar\u0131 yay\u0131mlad\u0131.<\/p>","protected":false},"excerpt":{"rendered":"<p>Sorry, this entry is only available in Turkish. For the sake of viewer convenience, the content is shown below in the alternative language. You may click the link to switch the active language. Cem \u00c7aml\u0131, d\u00fcnya genelinde sekt\u00f6r\u00fcnde \u00f6nc\u00fc firmalara strateji dan\u0131\u015fmanl\u0131\u011f\u0131 hizmetleri sunan EY-Parthenon\u2019un (EYP) T\u00fcrkiye ofisine \u015firket orta\u011f\u0131 olarak atand\u0131. \u00c7aml\u0131, EYP b\u00fcnyesinde [&hellip;]<\/p>\n","protected":false},"author":1,"featured_media":188085,"comment_status":"open","ping_status":"open","sticky":false,"template":"","format":"standard","meta":[],"categories":[53],"tags":[73887,113842,113843,113846,113845,92279,113844],"views":33,"_links":{"self":[{"href":"https:\/\/www.enerjigazetesi.ist\/en\/wp-json\/wp\/v2\/posts\/188083"}],"collection":[{"href":"https:\/\/www.enerjigazetesi.ist\/en\/wp-json\/wp\/v2\/posts"}],"about":[{"href":"https:\/\/www.enerjigazetesi.ist\/en\/wp-json\/wp\/v2\/types\/post"}],"author":[{"embeddable":true,"href":"https:\/\/www.enerjigazetesi.ist\/en\/wp-json\/wp\/v2\/users\/1"}],"replies":[{"embeddable":true,"href":"https:\/\/www.enerjigazetesi.ist\/en\/wp-json\/wp\/v2\/comments?post=188083"}],"version-history":[{"count":0,"href":"https:\/\/www.enerjigazetesi.ist\/en\/wp-json\/wp\/v2\/posts\/188083\/revisions"}],"wp:featuredmedia":[{"embeddable":true,"href":"https:\/\/www.enerjigazetesi.ist\/en\/wp-json\/wp\/v2\/media\/188085"}],"wp:attachment":[{"href":"https:\/\/www.enerjigazetesi.ist\/en\/wp-json\/wp\/v2\/media?parent=188083"}],"wp:term":[{"taxonomy":"category","embeddable":true,"href":"https:\/\/www.enerjigazetesi.ist\/en\/wp-json\/wp\/v2\/categories?post=188083"},{"taxonomy":"post_tag","embeddable":true,"href":"https:\/\/www.enerjigazetesi.ist\/en\/wp-json\/wp\/v2\/tags?post=188083"}],"curies":[{"name":"wp","href":"https:\/\/api.w.org\/{rel}","templated":true}]}}