{"id":188078,"date":"2024-05-14T17:15:34","date_gmt":"2024-05-14T14:15:34","guid":{"rendered":"https:\/\/www.enerjigazetesi.ist\/?p=188078"},"modified":"2024-05-14T17:15:59","modified_gmt":"2024-05-14T14:15:59","slug":"bim-ilk-entegre-faaliyet-raporunu-yayimladi","status":"publish","type":"post","link":"https:\/\/www.enerjigazetesi.ist\/en\/bim-ilk-entegre-faaliyet-raporunu-yayimladi\/","title":{"rendered":"(Turkish) B\u0130M \u0130lk Entegre Faaliyet Raporunu Yay\u0131mlad\u0131"},"content":{"rendered":"<p class=\"qtranxs-available-languages-message qtranxs-available-languages-message-en\">Sorry, this entry is only available in <a href=\"https:\/\/www.enerjigazetesi.ist\/tr\/wp-json\/wp\/v2\/posts\/188078\" class=\"qtranxs-available-language-link qtranxs-available-language-link-tr\" title=\"Turkish\">Turkish<\/a>. For the sake of viewer convenience, the content is shown below in the alternative language. You may click the link to switch the active language.<\/p><p><\/p>\n<h2><strong>B\u0130M<\/strong>, 1 Ocak-31 Aral\u0131k 2023 d\u00f6nemini kapsayan entegre faaliyet raporunu kamuoyu ile payla\u015ft\u0131. \u015eirket, iklim krizinin yol a\u00e7t\u0131\u011f\u0131 riskleri y\u00f6netmek amac\u0131yla faaliyetlerinden kaynaklanan \u00e7evresel etkiyi \u00f6l\u00e7mek ve azaltmak i\u00e7in 2023 y\u0131l\u0131nda da \u00e7al\u0131\u015fmalar\u0131n\u0131 aral\u0131ks\u0131z s\u00fcrd\u00fcrd\u00fc. <strong>B\u0130M<\/strong>, ya\u015fanabilir bir \u00e7evre ve s\u00fcrd\u00fcr\u00fclebilir bir gelecek vizyonuyla; kaynak verimlili\u011fi &amp; karbonsuzla\u015fma, yenilenebilir enerji kaynaklar\u0131, su y\u00f6netimi, ambalaj &amp; at\u0131k y\u00f6netimi oda\u011f\u0131ndaki yat\u0131r\u0131mlar\u0131yla 2023 y\u0131l\u0131nda da \u00f6nemli ba\u015far\u0131lar elde etti.<\/h2>\n<p style=\"text-align: center;\"><img loading=\"lazy\" class=\"aligncenter wp-image-188080\" src=\"https:\/\/www.enerjigazetesi.ist\/wp-content\/uploads\/2024\/05\/bim-ilk-entegre-faaliyet-raporunu-yayimladi.jpg\" alt=\"\" width=\"500\" height=\"364\" srcset=\"https:\/\/www.enerjigazetesi.ist\/wp-content\/uploads\/2024\/05\/bim-ilk-entegre-faaliyet-raporunu-yayimladi.jpg 550w, https:\/\/www.enerjigazetesi.ist\/wp-content\/uploads\/2024\/05\/bim-ilk-entegre-faaliyet-raporunu-yayimladi-300x218.jpg 300w, https:\/\/www.enerjigazetesi.ist\/wp-content\/uploads\/2024\/05\/bim-ilk-entegre-faaliyet-raporunu-yayimladi-500x364.jpg 500w, https:\/\/www.enerjigazetesi.ist\/wp-content\/uploads\/2024\/05\/bim-ilk-entegre-faaliyet-raporunu-yayimladi-69x50.jpg 69w\" sizes=\"(max-width: 500px) 100vw, 500px\" \/><\/p>\n<p>2023 y\u0131l\u0131 sonu\u00e7lar\u0131n\u0131 de\u011ferlendiren <strong>B\u0130M CEO\u2019su Haluk Dortluo\u011flu<\/strong>: <em>&#8220;Bu y\u0131l finansal sonu\u00e7lar\u0131m\u0131z\u0131n yan\u0131 s\u0131ra \u00e7evresel, toplumsal, y\u00f6neti\u015fim etkilerimizi ve s\u00fcrd\u00fcr\u00fclebilirlik performans\u0131m\u0131z\u0131 da kapsayan ilk entegre faaliyet raporumuzu payla\u015fman\u0131n mutlulu\u011funu ya\u015f\u0131yoruz. Gezegenimizin s\u0131n\u0131rl\u0131 do\u011fal kaynaklar\u0131 ile artan insan n\u00fcfusu ve aktivitesi aras\u0131nda bir denge tesis edilmesinin, insanl\u0131\u011f\u0131n ve canl\u0131l\u0131\u011f\u0131n s\u00fcrd\u00fcr\u00fclebilirli\u011fi a\u00e7\u0131s\u0131ndan hi\u00e7 olmad\u0131\u011f\u0131 kadar b\u00fcy\u00fck bir aciliyet arz etti\u011fi bir d\u00f6nemdeyiz. H\u00fck\u00fcmetlerin \u00f6tesinde \u00f6zel sekt\u00f6r kurulu\u015flar\u0131n\u0131n ve \u015firketlerin de iklim kriziyle m\u00fccadelede etkili \u00e7\u00f6z\u00fcmler sunmas\u0131 gerekiyor. Bu kapsamda biz de s\u00fcrd\u00fcr\u00fclebilirlik yol haritam\u0131z do\u011frultusunda olu\u015fturdu\u011fumuz etki odakl\u0131 orta vadeli hedeflerimize ula\u015fmak i\u00e7in 2023 y\u0131l\u0131nda kararl\u0131 ad\u0131mlarla ilerledik. 2023 y\u0131l\u0131nda ger\u00e7ekle\u015ftirdi\u011fimiz 1 milyar TL\u2019lik s\u00fcrd\u00fcr\u00fclebilirlik odakl\u0131 yat\u0131r\u0131m harcamalar\u0131n\u0131 2024 y\u0131l\u0131nda 2 milyar TL\u2019ye \u00e7\u0131kartmay\u0131 hedefliyoruz.&#8221;<\/em><\/p>\n<h3><strong>Haluk Dortluo\u011flu: \u201cB\u0130M Sergiledi\u011fi S\u00fcrd\u00fcr\u00fclebilir B\u00fcy\u00fcme Performans\u0131yla 2023 Y\u0131l\u0131nda da Liderli\u011fini Korudu\u201d<\/strong><\/h3>\n<p><strong>B\u0130M<\/strong>\u2019in artan sat\u0131\u015f gelirleri ile finansal yap\u0131s\u0131n\u0131 g\u00fc\u00e7lendirdi\u011fini belirten <strong>Dortluo\u011flu\u00a0<\/strong>s\u00f6zlerini \u015f\u00f6yle s\u00fcrd\u00fcrd\u00fc: \u201c\u00dcretimin nihai t\u00fcketiciye ula\u015ft\u0131r\u0131lmas\u0131 s\u00fcrecinde <strong>B\u0130M<\/strong> ve <strong>F\u0130LE<\/strong> markalar\u0131m\u0131zla ba\u015fta ma\u011fazalar\u0131m\u0131z olmak \u00fczere g\u0131da \u00fcretimi, lojistik, depolama ve paketleme s\u00fcre\u00e7lerinde olu\u015fturdu\u011fumuz i\u015f ve istihdam ile \u00fclkemiz i\u00e7in ekonomik de\u011fer \u00fcretmeye devam ettik. T\u00fcrkiye perakende sekt\u00f6r\u00fcnde sergiledi\u011fi s\u00fcrd\u00fcr\u00fclebilir b\u00fcy\u00fcme performans\u0131yla <strong>B\u0130M,<\/strong> 2023 y\u0131l\u0131nda da liderli\u011fini korudu. \u015eirketimiz, operasyonel maliyetlerdeki art\u0131\u015fa kar\u015f\u0131n uygulad\u0131\u011f\u0131 etkin maliyet y\u00f6netimi, kendi markalar\u0131na yapt\u0131\u011f\u0131 yat\u0131r\u0131m, gerek fiziki gerek \u00e7evrim i\u00e7i kanallar\u0131nda artan m\u00fc\u015fteri trafi\u011fi neticesinde 2023 y\u0131l\u0131nda da b\u00fcy\u00fcmeye devam etti ve y\u0131l\u0131 328 milyar T\u00fcrk liras\u0131 ciro ile kapatt\u0131. Organik b\u00fcy\u00fcme stratejimiz do\u011frultusunda yurt i\u00e7i ve yurt d\u0131\u015f\u0131ndaki operasyonlar\u0131m\u0131z\u0131n alan\u0131n\u0131 yeni ma\u011faza a\u00e7\u0131l\u0131\u015flar\u0131 ile geni\u015flettik. 2023 y\u0131l\u0131nda T\u00fcrkiye, Fas ve M\u0131s\u0131r\u2019da toplam 972 yeni ma\u011faza a\u00e7t\u0131k. <strong>B\u0130M<\/strong>, 86 bini a\u015fk\u0131n \u00e7al\u0131\u015fan\u0131yla b\u00fcy\u00fck bir aileyi temsil ediyor.<\/p>\n<h3><strong>Haluk Dortluo\u011flu: \u201cG\u00fc\u00e7l\u00fc Finansal Yap\u0131m\u0131z ve Nitelikli \u0130nsan Kayna\u011f\u0131m\u0131z ile S\u00fcrd\u00fcr\u00fclebilir De\u011fer \u00dcretmeye Devam Edece\u011fiz\u201d<\/strong><\/h3>\n<p><strong>Dortluo\u011flu<\/strong>, <em>\u201cFaaliyetlerimizden kaynaklanan sera gaz\u0131 sal\u0131mlar\u0131m\u0131z\u0131 ilk etapta <strong>%20<\/strong> oran\u0131nda azaltmay\u0131 hedefliyoruz. Bu kapsamda <strong>enerji verimlili\u011fini art\u0131rmaya<\/strong> ve <strong>yenilenebilir enerji kaynaklar\u0131na<\/strong> odaklanarak <strong>\u0131s\u0131 yal\u0131t\u0131m\u0131 y\u00fcksek yeni tasar\u0131m ma\u011fazalara ge\u00e7i\u015f<\/strong> s\u00fcrecimizi ve <strong>depolar\u0131m\u0131zda g\u00fcne\u015f enerjisi santrali<\/strong> kurulumlar\u0131m\u0131z\u0131 h\u0131z kesmeden s\u00fcrd\u00fcr\u00fcyoruz. Perakende sekt\u00f6r\u00fcndeki tecr\u00fcbemiz, g\u00fc\u00e7l\u00fc finansal yap\u0131m\u0131z ve nitelikli insan kayna\u011f\u0131m\u0131z ile s\u00fcrd\u00fcr\u00fclebilir de\u011fer \u00fcretmeye devam edece\u011fiz\u201d<\/em> dedi.<\/p>\n<h3><strong>2023 Y\u0131l\u0131nda Toplam Elektrik T\u00fcketiminin %4\u2019\u00fc GES Projelerinden, 2025 Hedefi %25<\/strong><\/h3>\n<p><strong>B\u0130M<\/strong>, 2020 y\u0131l\u0131ndan bu yana s\u00fcrd\u00fcrd\u00fc\u011f\u00fc ve sekt\u00f6r\u00fcnde \u00f6rnek uygulama olarak \u00f6ne \u00e7\u0131kan <strong>g\u00fcne\u015f santralleri projesi<\/strong> kapsam\u0131nda 2023 y\u0131l\u0131 i\u00e7erisinde 6 adet deposunun \u00e7at\u0131s\u0131na daha GES kurulumlar\u0131 ger\u00e7ekle\u015ftirdi. 2023 y\u0131l\u0131 sonunda 16 deposunda yer alan GES projesinin toplam kurulu g\u00fcc\u00fc <strong>22,5 MW<\/strong>\u2019a ula\u015f\u0131rken, GES projelerinden elde edilen elektrik B\u0130M\u2019in toplam elektrik t\u00fcketiminin <strong>%4<\/strong>\u2019\u00fcne ula\u015ft\u0131. B\u0130M, <strong>2025 y\u0131l\u0131<\/strong> itibar\u0131yla bu oran\u0131 <strong>%25<\/strong>\u2019e y\u00fckseltmeyi hedefliyor.<\/p>\n<h3><strong>2026 Y\u0131l\u0131nda Sera Gaz\u0131 Yo\u011funlu\u011funu %20 Azaltma Hedefi<\/strong><\/h3>\n<p><strong>B\u0130M<\/strong>, 2023 y\u0131l\u0131nda yenilenebilir enerji kaynaklar\u0131ndan elde etti\u011fi 23,7 MWh elektrik enerjisi sayesinde 10,4 bin ton CO<sub>2<\/sub> sal\u0131m\u0131n\u0131n \u00f6n\u00fcne ge\u00e7erek, 2026 y\u0131l\u0131nda sera gaz\u0131 yo\u011funlu\u011funu 2019 y\u0131l\u0131na k\u0131yasla %20 azaltma hedefine ula\u015fmay\u0131 kararl\u0131l\u0131kla s\u00fcrd\u00fcrd\u00fc ve 2023 itibariyle %18 oran\u0131n\u0131 yakalad\u0131.<\/p>\n<h3><strong>Ka\u011f\u0131t ve Plastik T\u00fcketiminde 21 Milyon TL Tasarruf<\/strong><\/h3>\n<p>Ambalaj ve at\u0131k y\u00f6netimini s\u00fcrd\u00fcr\u00fclebilirlik \u00f6ncelikleri aras\u0131nda tutan<strong>\u00a0B\u0130M<\/strong>, 2023 y\u0131l\u0131nda ambalajlamada kaynak verimlili\u011fini art\u0131rmak ve s\u00fcrd\u00fcr\u00fclebilir ham madde alternatiflerini yayg\u0131nla\u015ft\u0131rmak i\u00e7in y\u00fcr\u00fctt\u00fc\u011f\u00fc \u00e7al\u0131\u015fmalarla <strong>450 ton<\/strong> plastik ve <strong>759 ton ka\u011f\u0131t t\u00fcketiminin<\/strong> \u00f6n\u00fcne ge\u00e7erek yakla\u015f\u0131k <strong>21 milyon TL tasarruf<\/strong> sa\u011flad\u0131.<\/p>\n<h3><strong>Su Ayak \u0130zini 2025 Y\u0131l\u0131na Kadar %25 Azaltma Hedefi\u00a0<\/strong><\/h3>\n<p><strong>B\u0130M<\/strong>, ayr\u0131ca faaliyetlerinden kaynaklanan <strong>su ayak izini azaltmak<\/strong> i\u00e7in 2023 y\u0131l\u0131nda iki depo \u00e7at\u0131s\u0131nda <strong>ya\u011fmur suyu hasad\u0131 projesi<\/strong> \u00e7al\u0131\u015fmalar\u0131n\u0131 ba\u015flatt\u0131. 2023 y\u0131l\u0131nda toplam 827.945 ton su ile t\u00fcketim yo\u011funlu\u011fu 0,16 seviyesinde ger\u00e7ekle\u015fen <strong>B\u0130M<\/strong>, 2025 y\u0131l\u0131na kadar su t\u00fcketim yo\u011funlu\u011funu %20 azaltmay\u0131 hedefliyor.<\/p>\n<p><strong>B\u0130M<\/strong>, \u00fcst \u00fcste iki y\u0131l\u0131n ard\u0131ndan 2023 y\u0131l\u0131nda da y\u00fcksek s\u00fcrd\u00fcr\u00fclebilirlik ba\u015far\u0131s\u0131yla <strong>BIST S\u00fcrd\u00fcr\u00fclebilirlik Endeksi<\/strong>\u2019nde yer ald\u0131. S\u00fcrd\u00fcr\u00fclebilirlik alan\u0131ndaki ba\u015far\u0131lar\u0131 \u00fclkemiz s\u0131n\u0131rlar\u0131n\u0131 a\u015fan <strong>B\u0130M<\/strong>, 2023 y\u0131l\u0131nda ayr\u0131ca d\u00fcnya genelinde \u00f6nemli s\u00fcrd\u00fcr\u00fclebilirlik endekslerinden olan <strong>FTSE Emerging ESG Index<\/strong> ve <strong>FTSE4Good Emerging endekslerinde de<\/strong> bulunuyor.<\/p>","protected":false},"excerpt":{"rendered":"<p>Sorry, this entry is only available in Turkish. For the sake of viewer convenience, the content is shown below in the alternative language. You may click the link to switch the active language. B\u0130M, 1 Ocak-31 Aral\u0131k 2023 d\u00f6nemini kapsayan entegre faaliyet raporunu kamuoyu ile payla\u015ft\u0131. \u015eirket, iklim krizinin yol a\u00e7t\u0131\u011f\u0131 riskleri y\u00f6netmek amac\u0131yla faaliyetlerinden [&hellip;]<\/p>\n","protected":false},"author":1,"featured_media":188081,"comment_status":"open","ping_status":"open","sticky":false,"template":"","format":"standard","meta":[],"categories":[53,52,49],"tags":[113840,3119,46776,50124,20026,113839,31929,50126,40308,2979,113841,508],"views":42,"_links":{"self":[{"href":"https:\/\/www.enerjigazetesi.ist\/en\/wp-json\/wp\/v2\/posts\/188078"}],"collection":[{"href":"https:\/\/www.enerjigazetesi.ist\/en\/wp-json\/wp\/v2\/posts"}],"about":[{"href":"https:\/\/www.enerjigazetesi.ist\/en\/wp-json\/wp\/v2\/types\/post"}],"author":[{"embeddable":true,"href":"https:\/\/www.enerjigazetesi.ist\/en\/wp-json\/wp\/v2\/users\/1"}],"replies":[{"embeddable":true,"href":"https:\/\/www.enerjigazetesi.ist\/en\/wp-json\/wp\/v2\/comments?post=188078"}],"version-history":[{"count":0,"href":"https:\/\/www.enerjigazetesi.ist\/en\/wp-json\/wp\/v2\/posts\/188078\/revisions"}],"wp:featuredmedia":[{"embeddable":true,"href":"https:\/\/www.enerjigazetesi.ist\/en\/wp-json\/wp\/v2\/media\/188081"}],"wp:attachment":[{"href":"https:\/\/www.enerjigazetesi.ist\/en\/wp-json\/wp\/v2\/media?parent=188078"}],"wp:term":[{"taxonomy":"category","embeddable":true,"href":"https:\/\/www.enerjigazetesi.ist\/en\/wp-json\/wp\/v2\/categories?post=188078"},{"taxonomy":"post_tag","embeddable":true,"href":"https:\/\/www.enerjigazetesi.ist\/en\/wp-json\/wp\/v2\/tags?post=188078"}],"curies":[{"name":"wp","href":"https:\/\/api.w.org\/{rel}","templated":true}]}}