{"id":188063,"date":"2024-05-14T16:12:25","date_gmt":"2024-05-14T13:12:25","guid":{"rendered":"https:\/\/www.enerjigazetesi.ist\/?p=188063"},"modified":"2024-05-14T16:12:25","modified_gmt":"2024-05-14T13:12:25","slug":"is-sagligi-ve-guvenligi-haftasi-mutlu-yarinlar-etkinligi-ile-kutlandi","status":"publish","type":"post","link":"https:\/\/www.enerjigazetesi.ist\/en\/is-sagligi-ve-guvenligi-haftasi-mutlu-yarinlar-etkinligi-ile-kutlandi\/","title":{"rendered":"(Turkish) \u0130\u015f Sa\u011fl\u0131\u011f\u0131 ve G\u00fcvenli\u011fi Haftas\u0131 &#8220;Mutlu Yar\u0131nlar&#8221; Etkinli\u011fi ile Kutland\u0131"},"content":{"rendered":"<p class=\"qtranxs-available-languages-message qtranxs-available-languages-message-en\">Sorry, this entry is only available in <a href=\"https:\/\/www.enerjigazetesi.ist\/tr\/wp-json\/wp\/v2\/posts\/188063\" class=\"qtranxs-available-language-link qtranxs-available-language-link-tr\" title=\"Turkish\">Turkish<\/a>. For the sake of viewer convenience, the content is shown below in the alternative language. You may click the link to switch the active language.<\/p><p><\/p>\n<h2><strong>SEDA\u015e, \u0130\u015f Sa\u011fl\u0131\u011f\u0131 ve G\u00fcvenli\u011fi Haftas\u0131\u2019nda \u201cMutlu Yar\u0131nlar\u201d etkinli\u011finde bir araya geldi. Bu y\u0131l d\u00f6rd\u00fcnc\u00fcs\u00fc d\u00fczenlenen online bulu\u015fmada \u00dcst Y\u00f6netim Ekibi \u00e7al\u0131\u015fanlarla bulu\u015ftu. Sa\u011fl\u0131kl\u0131 ve g\u00fcvenli \u00e7al\u0131\u015fma ortam\u0131 i\u00e7in fark\u0131ndal\u0131\u011f\u0131 art\u0131rmay\u0131 hedefleyen programda ba\u015far\u0131l\u0131 \u00e7al\u0131\u015fanlara \u00f6d\u00fclleri t\u00f6renle verildi.<\/strong><\/h2>\n<p style=\"text-align: center;\"><img loading=\"lazy\" class=\"aligncenter wp-image-188065\" src=\"https:\/\/www.enerjigazetesi.ist\/wp-content\/uploads\/2024\/05\/is-sagligi-ve-guvenligi-haftasi-mutlu-yarinlar-etkinligi-ile-kutlandi.jpg\" alt=\"\" width=\"500\" height=\"295\" srcset=\"https:\/\/www.enerjigazetesi.ist\/wp-content\/uploads\/2024\/05\/is-sagligi-ve-guvenligi-haftasi-mutlu-yarinlar-etkinligi-ile-kutlandi.jpg 550w, https:\/\/www.enerjigazetesi.ist\/wp-content\/uploads\/2024\/05\/is-sagligi-ve-guvenligi-haftasi-mutlu-yarinlar-etkinligi-ile-kutlandi-300x177.jpg 300w, https:\/\/www.enerjigazetesi.ist\/wp-content\/uploads\/2024\/05\/is-sagligi-ve-guvenligi-haftasi-mutlu-yarinlar-etkinligi-ile-kutlandi-500x295.jpg 500w, https:\/\/www.enerjigazetesi.ist\/wp-content\/uploads\/2024\/05\/is-sagligi-ve-guvenligi-haftasi-mutlu-yarinlar-etkinligi-ile-kutlandi-80x47.jpg 80w\" sizes=\"(max-width: 500px) 100vw, 500px\" \/><\/p>\n<p>Sakarya Elektrik Da\u011f\u0131t\u0131m A.\u015e. (SEDA\u015e) \u00e7al\u0131\u015fanlar\u0131, 4-10 May\u0131s \u0130\u015f Sa\u011fl\u0131\u011f\u0131 ve G\u00fcvenli\u011fi Haftas\u0131 kapsam\u0131ndaki geleneksel \u201cMutlu Yar\u0131nlar\u201d etkinli\u011finde bulu\u015ftu. SEDA\u015e\u2019\u0131n \u00dcst Y\u00f6netim Ekibi ile t\u00fcm \u00e7al\u0131\u015fanlar\u0131n\u0131n kat\u0131ld\u0131\u011f\u0131 online organizasyonda i\u015f sa\u011fl\u0131\u011f\u0131 ve g\u00fcvenli\u011finin (\u0130SG) kritik \u00f6nemine dikkat \u00e7ekildi.<\/p>\n<p>Program\u0131n a\u00e7\u0131l\u0131\u015f konu\u015fmas\u0131n\u0131 yapan <strong>SEDA\u015e \u0130cra Ba\u015fkan\u0131 Dr. Necmi Odyakmaz<\/strong>, i\u015f sa\u011fl\u0131\u011f\u0131 ve <img loading=\"lazy\" class=\"alignright wp-image-188066\" src=\"https:\/\/www.enerjigazetesi.ist\/wp-content\/uploads\/2024\/05\/SEDAS-Icra-Baskani-Dr.Necmi-Odyakmaz.jpg\" alt=\"\" width=\"320\" height=\"227\" srcset=\"https:\/\/www.enerjigazetesi.ist\/wp-content\/uploads\/2024\/05\/SEDAS-Icra-Baskani-Dr.Necmi-Odyakmaz.jpg 550w, https:\/\/www.enerjigazetesi.ist\/wp-content\/uploads\/2024\/05\/SEDAS-Icra-Baskani-Dr.Necmi-Odyakmaz-300x213.jpg 300w, https:\/\/www.enerjigazetesi.ist\/wp-content\/uploads\/2024\/05\/SEDAS-Icra-Baskani-Dr.Necmi-Odyakmaz-500x355.jpg 500w, https:\/\/www.enerjigazetesi.ist\/wp-content\/uploads\/2024\/05\/SEDAS-Icra-Baskani-Dr.Necmi-Odyakmaz-70x50.jpg 70w\" sizes=\"(max-width: 320px) 100vw, 320px\" \/>g\u00fcvenli\u011finin en \u00f6ncelikli g\u00fcndem maddesi oldu\u011funun alt\u0131n\u0131 \u00e7izdi. Elektrik da\u011f\u0131t\u0131m faaliyetleri esnas\u0131nda gerekli tedbirlerin eksiksiz uygulanmas\u0131 gerekti\u011fini belirten Odyakmaz; <em>\u201cSakarya, Kocaeli, Bolu, D\u00fczce ve Gebze\u2019yi i\u00e7ine alan 20 bin kilometrekarelik geni\u015f bir alanda ve zor bir co\u011frafyada g\u00f6rev yap\u0131yoruz. \u00c7al\u0131\u015fan sa\u011fl\u0131\u011f\u0131n\u0131 \u00f6nceli\u011fimiz olarak g\u00f6ren kurum k\u00fclt\u00fcr\u00fcyle i\u015f g\u00fcvenli\u011fi bilincini t\u00fcm i\u015f s\u00fcre\u00e7lerimize yerle\u015ftiriyoruz. Faaliyetlerimizde i\u015f kazas\u0131 risklerini sapt\u0131yor, gerekli t\u00fcm tedbirleri al\u0131yor, \u00e7al\u0131\u015fanlar\u0131m\u0131z\u0131n g\u00fcvenli ko\u015fullarda i\u015flerini yapmalar\u0131n\u0131 hedefliyoruz. Bu noktada geli\u015ftirdi\u011fimiz \u00fcst d\u00fczey \u00f6nlemlere eksiksiz ve titizlikle uymak \u00e7ok \u00f6nemli. M\u00fc\u015fterilerimize kesintisiz enerji ula\u015ft\u0131r\u0131rken, t\u00fcm \u00e7al\u0131\u015fanlar\u0131m\u0131z\u0131n sa\u011fl\u0131\u011f\u0131 ve g\u00fcvenli\u011fi i\u00e7in en \u00fcst seviyede tedbirleri alarak \u0130SG k\u00fclt\u00fcr\u00fcn\u00fc geli\u015ftiren de\u011ferli SEDA\u015e Ailesine te\u015fekk\u00fcr ederim\u201d<\/em> \u015feklinde konu\u015ftu.<\/p>\n<p>\u0130SG k\u00fclt\u00fcr\u00fcn\u00fcn peki\u015ftirilmesi ve g\u00fc\u00e7l\u00fc bir fark\u0131ndal\u0131k yarat\u0131lmas\u0131n\u0131 ama\u00e7layan etkinlik; geleneksel hale gelen \u201c\u0130SG Enerjini G\u00f6ster\u2019 online bilgi yar\u0131\u015fmas\u0131, enerjinin g\u00fcvenli kullan\u0131m\u0131n\u0131 yans\u0131tan \u201cEnerjini G\u00fcvenli Kullan\u201d e\u011fitim videosu, SEDA\u015e B\u00f6lge M\u00fcd\u00fcrlerinin \u201cRisk Alma \u00d6nlem Al\u201d video mesajlar\u0131, \u0130SG haftas\u0131 kapsam\u0131nda organize edilen saha \u00e7al\u0131\u015fanlar\u0131na ailelerinin de kat\u0131l\u0131m\u0131 ile yap\u0131lan s\u00fcrpriz do\u011fum g\u00fcn\u00fc video g\u00f6sterimi ve \u201cAlt\u0131n Baret\u201d \u00f6d\u00fcl t\u00f6reni ile devam etti.<\/p>\n<p>Online bilgi yar\u0131\u015fmas\u0131nda dereceye giren Eda Onarer U\u00e7ar\u2019a \u00f6d\u00fcl\u00fcn\u00fc SEDA\u015e \u0130\u015f Sa\u011fl\u0131\u011f\u0131 ve G\u00fcvenli\u011fi M\u00fcd\u00fcr\u00fc Ebru \u00d6zt\u00fcrk verdi. \u201cAlt\u0131n Baret\u201d kategorisinde Bolu B\u00f6lge M\u00fcd\u00fcrl\u00fc\u011f\u00fcnden Onur Sakall\u0131o\u011flu\u2019na \u00f6d\u00fcl\u00fcn\u00fc SEDA\u015e Finans Direkt\u00f6r\u00fc Erdin\u00e7 Mo\u011fol, Sakarya B\u00f6lge M\u00fcd\u00fcrl\u00fc\u011f\u00fcnden Metin Osmano\u011flu\u2019na \u00f6d\u00fcl\u00fcn\u00fc SEDA\u015e Yat\u0131r\u0131m, Varl\u0131k ve \u015eebeke Y\u00f6netimi Direkt\u00f6r\u00fc Mustafa Emre \u015eafak, D\u00fczce B\u00f6lge M\u00fcd\u00fcrl\u00fc\u011f\u00fcnden Aykut Y\u0131lmaz\u2019a \u00f6d\u00fcl\u00fcn\u00fc SEDA\u015e Saha Operasyonlar\u0131 Grup M\u00fcd\u00fcr\u00fc G\u00fcrcan Seymen, Gebze B\u00f6lge M\u00fcd\u00fcrl\u00fc\u011f\u00fcnden Fatih Ko\u00e7ver\u2019e \u00f6d\u00fcl\u00fcn\u00fc SEDA\u015e Kurumsal \u0130leti\u015fim ve M\u00fc\u015fteri \u0130li\u015fkileri M\u00fcd\u00fcr\u00fc Efsun Ergin ve Kocaeli B\u00f6lge M\u00fcd\u00fcrl\u00fc\u011f\u00fcnden Yunus \u00d6zt\u00fcrk\u2019e \u00f6d\u00fcl\u00fcn\u00fc SEDA\u015e Sakarya B\u00f6lge M\u00fcd\u00fcr\u00fc Arzu Karaduman verdi.<\/p>\n<p>Canl\u0131 yay\u0131nda ger\u00e7ekle\u015fen online mavi yaka bilgi yar\u0131\u015fmas\u0131nda Serkan Karata\u015f, Yakup K\u00fc\u00e7\u00fck\u015fahin ve U\u011fur Cankurtaran dereceye girenler isimler oldu.<\/p>","protected":false},"excerpt":{"rendered":"<p>Sorry, this entry is only available in Turkish. For the sake of viewer convenience, the content is shown below in the alternative language. You may click the link to switch the active language. SEDA\u015e, \u0130\u015f Sa\u011fl\u0131\u011f\u0131 ve G\u00fcvenli\u011fi Haftas\u0131\u2019nda \u201cMutlu Yar\u0131nlar\u201d etkinli\u011finde bir araya geldi. Bu y\u0131l d\u00f6rd\u00fcnc\u00fcs\u00fc d\u00fczenlenen online bulu\u015fmada \u00dcst Y\u00f6netim Ekibi \u00e7al\u0131\u015fanlarla [&hellip;]<\/p>\n","protected":false},"author":1,"featured_media":188065,"comment_status":"open","ping_status":"open","sticky":false,"template":"","format":"standard","meta":[],"categories":[51,53],"tags":[113834,19241,71915,102600,2444],"views":41,"_links":{"self":[{"href":"https:\/\/www.enerjigazetesi.ist\/en\/wp-json\/wp\/v2\/posts\/188063"}],"collection":[{"href":"https:\/\/www.enerjigazetesi.ist\/en\/wp-json\/wp\/v2\/posts"}],"about":[{"href":"https:\/\/www.enerjigazetesi.ist\/en\/wp-json\/wp\/v2\/types\/post"}],"author":[{"embeddable":true,"href":"https:\/\/www.enerjigazetesi.ist\/en\/wp-json\/wp\/v2\/users\/1"}],"replies":[{"embeddable":true,"href":"https:\/\/www.enerjigazetesi.ist\/en\/wp-json\/wp\/v2\/comments?post=188063"}],"version-history":[{"count":0,"href":"https:\/\/www.enerjigazetesi.ist\/en\/wp-json\/wp\/v2\/posts\/188063\/revisions"}],"wp:featuredmedia":[{"embeddable":true,"href":"https:\/\/www.enerjigazetesi.ist\/en\/wp-json\/wp\/v2\/media\/188065"}],"wp:attachment":[{"href":"https:\/\/www.enerjigazetesi.ist\/en\/wp-json\/wp\/v2\/media?parent=188063"}],"wp:term":[{"taxonomy":"category","embeddable":true,"href":"https:\/\/www.enerjigazetesi.ist\/en\/wp-json\/wp\/v2\/categories?post=188063"},{"taxonomy":"post_tag","embeddable":true,"href":"https:\/\/www.enerjigazetesi.ist\/en\/wp-json\/wp\/v2\/tags?post=188063"}],"curies":[{"name":"wp","href":"https:\/\/api.w.org\/{rel}","templated":true}]}}