{"id":187980,"date":"2024-05-10T19:19:09","date_gmt":"2024-05-10T16:19:09","guid":{"rendered":"https:\/\/www.enerjigazetesi.ist\/?p=187980"},"modified":"2024-05-10T19:20:08","modified_gmt":"2024-05-10T16:20:08","slug":"baymak-in-yeni-genel-muduru-ulku-ozcan-oldu","status":"publish","type":"post","link":"https:\/\/www.enerjigazetesi.ist\/en\/baymak-in-yeni-genel-muduru-ulku-ozcan-oldu\/","title":{"rendered":"(Turkish) Baymak\u2019\u0131n Yeni Genel M\u00fcd\u00fcr\u00fc &#8216;\u00dclk\u00fc \u00d6zcan&#8217; Oldu"},"content":{"rendered":"<p class=\"qtranxs-available-languages-message qtranxs-available-languages-message-en\">Sorry, this entry is only available in <a href=\"https:\/\/www.enerjigazetesi.ist\/tr\/wp-json\/wp\/v2\/posts\/187980\" class=\"qtranxs-available-language-link qtranxs-available-language-link-tr\" title=\"Turkish\">Turkish<\/a>. For the sake of viewer convenience, the content is shown below in the alternative language. You may click the link to switch the active language.<\/p><p><\/p>\n<h2><strong>\u0130klimlendirme sekt\u00f6r\u00fcnde 55 y\u0131ll\u0131k ge\u00e7mi\u015fe sahip olan Baymak\u2019\u0131n Genel M\u00fcd\u00fcrl\u00fck g\u00f6revine \u00dclk\u00fc \u00d6zcan atand\u0131. \u00c7<\/strong><strong>ok uluslu i\u015fletmeler ve sayg\u0131n T\u00fcrk kurulu\u015flar\u0131nda 25 y\u0131l\u0131 a\u015fk\u0131n deneyime sahip olan \u00d6zcan, 1 May\u0131s 2024 itibariyle Baymak Genel M\u00fcd\u00fcr\u00fc olarak g\u00f6revine ba\u015flad\u0131.<\/strong><\/h2>\n<p style=\"text-align: center;\"><img loading=\"lazy\" class=\"aligncenter wp-image-187982\" src=\"https:\/\/www.enerjigazetesi.ist\/wp-content\/uploads\/2024\/05\/baymak-in-yeni-genel-muduru-ulku-ozcan-oldu.jpg\" alt=\"\" width=\"500\" height=\"345\" srcset=\"https:\/\/www.enerjigazetesi.ist\/wp-content\/uploads\/2024\/05\/baymak-in-yeni-genel-muduru-ulku-ozcan-oldu.jpg 550w, https:\/\/www.enerjigazetesi.ist\/wp-content\/uploads\/2024\/05\/baymak-in-yeni-genel-muduru-ulku-ozcan-oldu-300x207.jpg 300w, https:\/\/www.enerjigazetesi.ist\/wp-content\/uploads\/2024\/05\/baymak-in-yeni-genel-muduru-ulku-ozcan-oldu-500x345.jpg 500w, https:\/\/www.enerjigazetesi.ist\/wp-content\/uploads\/2024\/05\/baymak-in-yeni-genel-muduru-ulku-ozcan-oldu-73x50.jpg 73w\" sizes=\"(max-width: 500px) 100vw, 500px\" \/><\/p>\n<p>2013 y\u0131l\u0131nda iklimlendirme sekt\u00f6r\u00fcnde Avrupa\u2019n\u0131n ilk \u00fc\u00e7 \u015firketi aras\u0131nda yer alan BDR Thermea Group b\u00fcnyesine kat\u0131lan Baymak,\u00a055 y\u0131ll\u0131k tecr\u00fcbesiyle enerji d\u00f6n\u00fc\u015f\u00fcm\u00fcne \u00f6nc\u00fcl\u00fck ediyor. \u0130stanbul\u2019daki \u00fcretim tesisinde \u00e7evre dostu iklimlendirme cihazlar\u0131 \u00fcreten \u015firket; 600\u2019\u00fcn \u00fczerinde bayi, 2 bin 100\u2019den fazla sat\u0131\u015f, 300\u2019\u00fcn \u00fczerinde de yetkili servis noktas\u0131na sahip ve 65 \u00fclkeye ihracat yap\u0131yor.\u00a0K\u00fcresel rekabetin h\u0131zla de\u011fi\u015fen dinamiklerine, s\u00fcrd\u00fcr\u00fclebilir stratejileriyle uyum sa\u011flayan \u015firket kurumsal g\u00fc\u00e7lenmesini de devam ettiriyor. Bu kapsamda yap\u0131lan \u00fcst y\u00f6netim atamas\u0131 ile birlikte\u00a0Baymak\u2019\u0131n genel m\u00fcd\u00fcrl\u00fck g\u00f6revini\u00a0\u00dclk\u00fc \u00d6zcan\u00a0\u00fcstlendi. 25 y\u0131ll\u0131k kariyerinde operasyonlar ve ticari faaliyetler de dahil olmak \u00fczere pek \u00e7ok alanda, g\u00f6rev ald\u0131\u011f\u0131 \u015firketlerin k\u00fclt\u00fcrel\u00a0d\u00f6n\u00fc\u015f\u00fcm\u00fcne\u00a0liderlik eden \u00d6zcan,\u00a01 May\u0131s 2024 tarihi itibariyle g\u00f6revine ba\u015flad\u0131.<\/p>\n<p>Galatasaray Lisesi ve Marmara \u00dcniversitesi \u0130ngilizce \u0130\u015fletme mezunu olan \u00d6zcan, prestijli ve \u00e7ok uluslu i\u015fletmelerin yan\u0131 s\u0131ra sayg\u0131n T\u00fcrk kurulu\u015flar\u0131nda da uluslararas\u0131 kariyere sahip bir profesyonel. Kariyerine yap\u0131 malzemeleri sekt\u00f6r\u00fcnde Lafarge ile ba\u015flayan \u00d6zcan, daha sonra d\u00fcnyan\u0131n \u00f6nde gelen markalar\u0131ndan biri olan \u00c7imsa\u2019da \u00e7al\u0131\u015fmalar\u0131n\u0131 s\u00fcrd\u00fcrd\u00fc. \u00c7imsa\u2019da CEO\u2019luk g\u00f6revine terfi eden \u00d6zcan, T\u00fcrkiye\u2019deki alt\u0131 \u00e7imento fabrikas\u0131 ve d\u00fcnyan\u0131n \u00e7e\u015fitli yerlerinde bulunan i\u015ftiraklerinin organik ve inorganik b\u00fcy\u00fcmelerine liderlik etti. \u00dclk\u00fc \u00d6zcan son \u00fc\u00e7 y\u0131ld\u0131r, enerji ve telekom\u00fcnikasyon kablolar\u0131 \u00fcretimi ve sat\u0131\u015f\u0131\u00a0alan\u0131nda faaliyet g\u00f6steren \u00e7ok uluslu bir \u015firket olan Prysmian\u2019da T\u00fcrk Prysmian Kablo\u2019nun\u00a0CEO\u2019su olarak g\u00f6rev yapt\u0131.<\/p>","protected":false},"excerpt":{"rendered":"<p>Sorry, this entry is only available in Turkish. For the sake of viewer convenience, the content is shown below in the alternative language. You may click the link to switch the active language. \u0130klimlendirme sekt\u00f6r\u00fcnde 55 y\u0131ll\u0131k ge\u00e7mi\u015fe sahip olan Baymak\u2019\u0131n Genel M\u00fcd\u00fcrl\u00fck g\u00f6revine \u00dclk\u00fc \u00d6zcan atand\u0131. \u00c7ok uluslu i\u015fletmeler ve sayg\u0131n T\u00fcrk kurulu\u015flar\u0131nda 25 [&hellip;]<\/p>\n","protected":false},"author":1,"featured_media":187982,"comment_status":"open","ping_status":"open","sticky":false,"template":"","format":"standard","meta":[],"categories":[53],"tags":[5265,113798,4782,3172,92684],"views":26,"_links":{"self":[{"href":"https:\/\/www.enerjigazetesi.ist\/en\/wp-json\/wp\/v2\/posts\/187980"}],"collection":[{"href":"https:\/\/www.enerjigazetesi.ist\/en\/wp-json\/wp\/v2\/posts"}],"about":[{"href":"https:\/\/www.enerjigazetesi.ist\/en\/wp-json\/wp\/v2\/types\/post"}],"author":[{"embeddable":true,"href":"https:\/\/www.enerjigazetesi.ist\/en\/wp-json\/wp\/v2\/users\/1"}],"replies":[{"embeddable":true,"href":"https:\/\/www.enerjigazetesi.ist\/en\/wp-json\/wp\/v2\/comments?post=187980"}],"version-history":[{"count":0,"href":"https:\/\/www.enerjigazetesi.ist\/en\/wp-json\/wp\/v2\/posts\/187980\/revisions"}],"wp:featuredmedia":[{"embeddable":true,"href":"https:\/\/www.enerjigazetesi.ist\/en\/wp-json\/wp\/v2\/media\/187982"}],"wp:attachment":[{"href":"https:\/\/www.enerjigazetesi.ist\/en\/wp-json\/wp\/v2\/media?parent=187980"}],"wp:term":[{"taxonomy":"category","embeddable":true,"href":"https:\/\/www.enerjigazetesi.ist\/en\/wp-json\/wp\/v2\/categories?post=187980"},{"taxonomy":"post_tag","embeddable":true,"href":"https:\/\/www.enerjigazetesi.ist\/en\/wp-json\/wp\/v2\/tags?post=187980"}],"curies":[{"name":"wp","href":"https:\/\/api.w.org\/{rel}","templated":true}]}}