{"id":18794,"date":"2013-12-05T18:15:23","date_gmt":"2013-12-05T15:15:23","guid":{"rendered":"https:\/\/www.enerjigazetesi.ist\/?p=18794"},"modified":"2013-12-05T18:15:23","modified_gmt":"2013-12-05T15:15:23","slug":"iran-kuresel-petrol-fiyatlari-savasini-tetikleyebilir","status":"publish","type":"post","link":"https:\/\/www.enerjigazetesi.ist\/en\/iran-kuresel-petrol-fiyatlari-savasini-tetikleyebilir\/","title":{"rendered":"(Turkish) \u0130ran, K\u00fcresel Petrol-Fiyatlar\u0131 Sava\u015f\u0131n\u0131 Tetikleyebilir&#8230;"},"content":{"rendered":"<p class=\"qtranxs-available-languages-message qtranxs-available-languages-message-en\">Sorry, this entry is only available in <a href=\"https:\/\/www.enerjigazetesi.ist\/tr\/wp-json\/wp\/v2\/posts\/18794\" class=\"qtranxs-available-language-link qtranxs-available-language-link-tr\" title=\"Turkish\">Turkish<\/a>. For the sake of viewer convenience, the content is shown below in the alternative language. You may click the link to switch the active language.<\/p><p><strong>Financial Times gazetesi, \u0130ran\u2019\u0131n OPEC ne yaparsa yaps\u0131n \u00fcretimini art\u0131rmaya kararl\u0131 oldu\u011funu s\u00f6yleyerek petrol fiyatlar\u0131 sava\u015f\u0131n\u0131 tetikleyebilece\u011fini yazd\u0131. \u0130ran\u2019\u0131n duru\u015fu, bu hafta Viyana\u2019da yapt\u0131klar\u0131 toplant\u0131da \u00fcretim hedeflerini ayn\u0131 seviyede tutma karar\u0131 alan petrol karteli \u00fcyeleri aras\u0131nda karga\u015faya neden olabilir.<\/strong><\/p>\n<p>\u0130ran petrol bakan\u0131 Bijan Zangeneh, \u0130ranl\u0131 gazetecilere, \u201cPetrol\u00fcn varil fiyat\u0131 20 dolar\u0131n alt\u0131na d\u00fc\u015fse bile, g\u00fcnl\u00fck 4 milyon varil hacmi yakalayacaklar\u0131n\u0131\u201d s\u00f6yledi. \u0130r<a href=\"https:\/\/www.enerjigazetesi.ist\/wp-content\/uploads\/2013\/12\/iran-kuresel-petrol-fiyatlari-savasini-tetikleyebilir.jpg\"><img loading=\"lazy\" class=\"alignleft size-medium wp-image-18795\" title=\"iran-kuresel-petrol-fiyatlari-savasini-tetikleyebilir\" src=\"https:\/\/www.enerjigazetesi.ist\/wp-content\/uploads\/2013\/12\/iran-kuresel-petrol-fiyatlari-savasini-tetikleyebilir-300x199.jpg\" alt=\"\" width=\"300\" height=\"199\" srcset=\"https:\/\/www.enerjigazetesi.ist\/wp-content\/uploads\/2013\/12\/iran-kuresel-petrol-fiyatlari-savasini-tetikleyebilir-300x199.jpg 300w, https:\/\/www.enerjigazetesi.ist\/wp-content\/uploads\/2013\/12\/iran-kuresel-petrol-fiyatlari-savasini-tetikleyebilir-75x50.jpg 75w, https:\/\/www.enerjigazetesi.ist\/wp-content\/uploads\/2013\/12\/iran-kuresel-petrol-fiyatlari-savasini-tetikleyebilir.jpg 446w\" sizes=\"(max-width: 300px) 100vw, 300px\" \/><\/a>an \u015fu anda g\u00fcnl\u00fck 2.8 milyon varil \u00fcretiyor.<\/p>\n<p>Zangeneh, \u201cBu konuda haklar\u0131m\u0131zdan vazge\u00e7meyece\u011fiz\u201d dedi.<\/p>\n<p>\u0130ran\u2019\u0131n petrol konusundaki g\u00fc\u00e7 g\u00f6sterisi fiyatlar \u00fczerinde a\u015fa\u011f\u0131 y\u00f6nl\u00fc bask\u0131 olu\u015fturabilir ve OPEC, d\u00fcnya genelinde arz fazlal\u0131l\u0131\u011f\u0131n\u0131 \u00f6nlemek i\u00e7in di\u011fer \u00fclkelerdeki petrol \u00fcretimini azaltmak zorunda kalabilir.<\/p>\n<p>\u0130ran\u2019\u0131n kom\u015fusu Irak\u2019ta da enerji yetkilileri, 2014\u2032te petrol \u00fcretimini g\u00fcnl\u00fck 1 milyon varilden 4 milyon varile \u00e7\u0131karmay\u0131 d\u00fc\u015f\u00fcn\u00fcyor.<\/p>\n<p>Times gazetesi, Irak ve \u0130ran\u2019\u0131n \u00fcretimlerini art\u0131rmas\u0131 kar\u015f\u0131s\u0131nda, kendi \u00fcretimini azaltma bask\u0131s\u0131yla kar\u015f\u0131 kar\u015f\u0131ya kalaca\u011f\u0131n\u0131 \u00f6ng\u00f6rd\u00fc.<\/p>\n<p>Suudi Arabistan\u2019\u0131n petrol bakan\u0131 Ali al-Naimi, \u0130ran\u2019\u0131n tehdidinin, OPEC \u00fcyelerinden daha fazla zarar verebilece\u011fini s\u00f6yledi.<\/p>\n<p>Kaynak: <a href=\"http:\/\/enerjienstitusu.com\/2013\/12\/05\/iran-kuresel-petrol-fiyatlari-savasini-tetikleyebilir\/\" target=\"_blank\">Enerji Enstit\u00fcs\u00fc<\/a><\/p>","protected":false},"excerpt":{"rendered":"<p>Sorry, this entry is only available in Turkish. For the sake of viewer convenience, the content is shown below in the alternative language. You may click the link to switch the active language.Financial Times gazetesi, \u0130ran\u2019\u0131n OPEC ne yaparsa yaps\u0131n \u00fcretimini art\u0131rmaya kararl\u0131 oldu\u011funu s\u00f6yleyerek petrol fiyatlar\u0131 sava\u015f\u0131n\u0131 tetikleyebilece\u011fini yazd\u0131. \u0130ran\u2019\u0131n duru\u015fu, bu hafta Viyana\u2019da [&hellip;]<\/p>\n","protected":false},"author":1,"featured_media":18795,"comment_status":"open","ping_status":"open","sticky":false,"template":"","format":"standard","meta":[],"categories":[53,44],"tags":[10974,63,67,1009,165,1333,1377,59,79,347,1369],"views":611,"_links":{"self":[{"href":"https:\/\/www.enerjigazetesi.ist\/en\/wp-json\/wp\/v2\/posts\/18794"}],"collection":[{"href":"https:\/\/www.enerjigazetesi.ist\/en\/wp-json\/wp\/v2\/posts"}],"about":[{"href":"https:\/\/www.enerjigazetesi.ist\/en\/wp-json\/wp\/v2\/types\/post"}],"author":[{"embeddable":true,"href":"https:\/\/www.enerjigazetesi.ist\/en\/wp-json\/wp\/v2\/users\/1"}],"replies":[{"embeddable":true,"href":"https:\/\/www.enerjigazetesi.ist\/en\/wp-json\/wp\/v2\/comments?post=18794"}],"version-history":[{"count":2,"href":"https:\/\/www.enerjigazetesi.ist\/en\/wp-json\/wp\/v2\/posts\/18794\/revisions"}],"predecessor-version":[{"id":18797,"href":"https:\/\/www.enerjigazetesi.ist\/en\/wp-json\/wp\/v2\/posts\/18794\/revisions\/18797"}],"wp:featuredmedia":[{"embeddable":true,"href":"https:\/\/www.enerjigazetesi.ist\/en\/wp-json\/wp\/v2\/media\/18795"}],"wp:attachment":[{"href":"https:\/\/www.enerjigazetesi.ist\/en\/wp-json\/wp\/v2\/media?parent=18794"}],"wp:term":[{"taxonomy":"category","embeddable":true,"href":"https:\/\/www.enerjigazetesi.ist\/en\/wp-json\/wp\/v2\/categories?post=18794"},{"taxonomy":"post_tag","embeddable":true,"href":"https:\/\/www.enerjigazetesi.ist\/en\/wp-json\/wp\/v2\/tags?post=18794"}],"curies":[{"name":"wp","href":"https:\/\/api.w.org\/{rel}","templated":true}]}}