{"id":187926,"date":"2024-05-07T15:42:01","date_gmt":"2024-05-07T12:42:01","guid":{"rendered":"https:\/\/www.enerjigazetesi.ist\/?p=187926"},"modified":"2024-05-07T15:42:01","modified_gmt":"2024-05-07T12:42:01","slug":"mahmut-dede-schneider-electric-ulke-satis-genel-mudur-yardimcisi-oldu","status":"publish","type":"post","link":"https:\/\/www.enerjigazetesi.ist\/en\/mahmut-dede-schneider-electric-ulke-satis-genel-mudur-yardimcisi-oldu\/","title":{"rendered":"(Turkish) &#8217;Mahmut Dede&#8217; Schneider Electric \u00dclke Sat\u0131\u015f Genel M\u00fcd\u00fcr Yard\u0131mc\u0131s\u0131 Oldu"},"content":{"rendered":"<p class=\"qtranxs-available-languages-message qtranxs-available-languages-message-en\">Sorry, this entry is only available in <a href=\"https:\/\/www.enerjigazetesi.ist\/tr\/wp-json\/wp\/v2\/posts\/187926\" class=\"qtranxs-available-language-link qtranxs-available-language-link-tr\" title=\"Turkish\">Turkish<\/a>. For the sake of viewer convenience, the content is shown below in the alternative language. You may click the link to switch the active language.<\/p><p><\/p>\n<h2>Enerji y\u00f6netimi ve otomasyonun dijital d\u00f6n\u00fc\u015f\u00fcm\u00fcne liderlik eden Schneider Electric, Mahmut Dede\u2019nin T\u00fcrkiye \u00dclke Sat\u0131\u015f Genel M\u00fcd\u00fcr Yard\u0131mc\u0131s\u0131 olarak atand\u0131\u011f\u0131n\u0131 duyurdu.<\/h2>\n<p style=\"text-align: center;\"><img loading=\"lazy\" class=\"aligncenter wp-image-187928\" src=\"https:\/\/www.enerjigazetesi.ist\/wp-content\/uploads\/2024\/05\/mahmut-dede-schneider-electric-ulke-satis-genel-mudur-yardimcisi-oldu.jpg\" alt=\"\" width=\"500\" height=\"368\" srcset=\"https:\/\/www.enerjigazetesi.ist\/wp-content\/uploads\/2024\/05\/mahmut-dede-schneider-electric-ulke-satis-genel-mudur-yardimcisi-oldu.jpg 550w, https:\/\/www.enerjigazetesi.ist\/wp-content\/uploads\/2024\/05\/mahmut-dede-schneider-electric-ulke-satis-genel-mudur-yardimcisi-oldu-300x221.jpg 300w, https:\/\/www.enerjigazetesi.ist\/wp-content\/uploads\/2024\/05\/mahmut-dede-schneider-electric-ulke-satis-genel-mudur-yardimcisi-oldu-500x368.jpg 500w, https:\/\/www.enerjigazetesi.ist\/wp-content\/uploads\/2024\/05\/mahmut-dede-schneider-electric-ulke-satis-genel-mudur-yardimcisi-oldu-68x50.jpg 68w\" sizes=\"(max-width: 500px) 100vw, 500px\" \/><\/p>\n<p>1 May\u0131s 2024 tarihi itibariyle yeni g\u00f6revine ba\u015flayan Dede, m\u00fc\u015fteri odakl\u0131 stratejiler geli\u015ftirerek pazardaki rekabet\u00e7i konumunu g\u00fc\u00e7lendirme, yeni pazar f\u0131rsatlar\u0131n\u0131 ke\u015ffetme ve sat\u0131\u015f performans\u0131n\u0131 art\u0131rma g\u00f6revini \u00fcstlendi. Ayr\u0131ca, mevcut m\u00fc\u015fteri ili\u015fkilerini g\u00fc\u00e7lendirerek m\u00fc\u015fteri memnuniyetini art\u0131rmak ve uzun vadeli m\u00fc\u015fteri ba\u011fl\u0131l\u0131\u011f\u0131n\u0131 sa\u011flamla\u015ft\u0131rmak gibi bir\u00e7ok konuya liderlik edecek.<\/p>\n<p>Alan\u0131nda 15 y\u0131l\u0131 a\u015fk\u0131n tecr\u00fcbeye sahip olan ve 2011 y\u0131l\u0131ndan bu yana Schneider Electric&#8217;te g\u00f6rev alan Dede, \u00dclke Sat\u0131\u015f Genel M\u00fcd\u00fcr Yard\u0131mc\u0131l\u0131\u011f\u0131n\u0131n \u00f6ncesinde son olarak 2021 y\u0131l\u0131ndan beri Servisler ekibine liderlik ederek, Servisler \u0130\u015f Biriminin b\u00fcy\u00fcmesine ve stratejik olarak konumlanmas\u0131na \u00f6nemli katk\u0131lar sa\u011flad\u0131.<\/p>\n<p>Dede, \u0130stanbul Erkek Lisesi\u2019ni bitirdikten sonra 2008 senesinde Bo\u011fazi\u00e7i \u00dcniversitesi Makine M\u00fchendisli\u011fi b\u00f6l\u00fcm\u00fcnden mezun oldu. 2009 senesinde ETH \u00dcniversitesi\u2019nde Y\u00f6netim, Teknoloji ve Ekonomi program\u0131n\u0131 tamamlad\u0131.<\/p>","protected":false},"excerpt":{"rendered":"<p>Sorry, this entry is only available in Turkish. For the sake of viewer convenience, the content is shown below in the alternative language. You may click the link to switch the active language. Enerji y\u00f6netimi ve otomasyonun dijital d\u00f6n\u00fc\u015f\u00fcm\u00fcne liderlik eden Schneider Electric, Mahmut Dede\u2019nin T\u00fcrkiye \u00dclke Sat\u0131\u015f Genel M\u00fcd\u00fcr Yard\u0131mc\u0131s\u0131 olarak atand\u0131\u011f\u0131n\u0131 duyurdu. 1 [&hellip;]<\/p>\n","protected":false},"author":1,"featured_media":187928,"comment_status":"open","ping_status":"open","sticky":false,"template":"","format":"standard","meta":[],"categories":[51,53,157],"tags":[4781,92279,25149,4157,113780],"views":39,"_links":{"self":[{"href":"https:\/\/www.enerjigazetesi.ist\/en\/wp-json\/wp\/v2\/posts\/187926"}],"collection":[{"href":"https:\/\/www.enerjigazetesi.ist\/en\/wp-json\/wp\/v2\/posts"}],"about":[{"href":"https:\/\/www.enerjigazetesi.ist\/en\/wp-json\/wp\/v2\/types\/post"}],"author":[{"embeddable":true,"href":"https:\/\/www.enerjigazetesi.ist\/en\/wp-json\/wp\/v2\/users\/1"}],"replies":[{"embeddable":true,"href":"https:\/\/www.enerjigazetesi.ist\/en\/wp-json\/wp\/v2\/comments?post=187926"}],"version-history":[{"count":0,"href":"https:\/\/www.enerjigazetesi.ist\/en\/wp-json\/wp\/v2\/posts\/187926\/revisions"}],"wp:featuredmedia":[{"embeddable":true,"href":"https:\/\/www.enerjigazetesi.ist\/en\/wp-json\/wp\/v2\/media\/187928"}],"wp:attachment":[{"href":"https:\/\/www.enerjigazetesi.ist\/en\/wp-json\/wp\/v2\/media?parent=187926"}],"wp:term":[{"taxonomy":"category","embeddable":true,"href":"https:\/\/www.enerjigazetesi.ist\/en\/wp-json\/wp\/v2\/categories?post=187926"},{"taxonomy":"post_tag","embeddable":true,"href":"https:\/\/www.enerjigazetesi.ist\/en\/wp-json\/wp\/v2\/tags?post=187926"}],"curies":[{"name":"wp","href":"https:\/\/api.w.org\/{rel}","templated":true}]}}