{"id":187841,"date":"2024-05-03T19:50:47","date_gmt":"2024-05-03T16:50:47","guid":{"rendered":"https:\/\/www.enerjigazetesi.ist\/?p=187841"},"modified":"2024-05-03T19:50:47","modified_gmt":"2024-05-03T16:50:47","slug":"enerjisa-uretim-7-mayis-ta-ruzgar-gunu-zirvesi-ni-duzenliyor","status":"publish","type":"post","link":"https:\/\/www.enerjigazetesi.ist\/en\/enerjisa-uretim-7-mayis-ta-ruzgar-gunu-zirvesi-ni-duzenliyor\/","title":{"rendered":"(Turkish) &#8217;Enerjisa \u00dcretim&#8217; 7 May\u0131s\u2019ta R\u00fczgar G\u00fcn\u00fc Zirvesi\u2019ni D\u00fczenliyor"},"content":{"rendered":"<p class=\"qtranxs-available-languages-message qtranxs-available-languages-message-en\">Sorry, this entry is only available in <a href=\"https:\/\/www.enerjigazetesi.ist\/tr\/wp-json\/wp\/v2\/posts\/187841\" class=\"qtranxs-available-language-link qtranxs-available-language-link-tr\" title=\"Turkish\">Turkish<\/a>. For the sake of viewer convenience, the content is shown below in the alternative language. You may click the link to switch the active language.<\/p><p><\/p>\n<h2><strong>Enerjisa \u00dcretim, enerji sekt\u00f6r\u00fcn\u00fcn s\u00fcrd\u00fcr\u00fclebilir gelece\u011fi hakk\u0131nda gen\u00e7ler aras\u0131nda fark\u0131ndal\u0131k yaratmak, sekt\u00f6r\u00fcn iklim kriziyle m\u00fccadelesindeki \u00f6nemli rol\u00fcne dikkat \u00e7ekmek ve istihdam f\u0131rsatlar\u0131n\u0131 konu\u015fmak amac\u0131yla 7 May\u0131s\u2019ta R\u00fczgar G\u00fcn\u00fc Zirvesi\u2019ni d\u00fczenliyor. Zirve &#8220;Enerjimiz R\u00fczgarla, Gelece\u011fimiz Seninle&#8221; temas\u0131yla ve Harvard Business Review T\u00fcrkiye\u2019nin stratejik ortakl\u0131\u011f\u0131yla online ve ilgili t\u00fcm herkese a\u00e7\u0131k olarak ger\u00e7ekle\u015ftirilecek.<\/strong><\/h2>\n<h2 style=\"text-align: center;\"><strong><img loading=\"lazy\" class=\"aligncenter wp-image-187844\" src=\"https:\/\/www.enerjigazetesi.ist\/wp-content\/uploads\/2024\/05\/enerjisa-uretim-7-mayis-ta-ruzgar-gunu-zirvesi-ni-duzenliyor-1.jpg\" alt=\"\" width=\"500\" height=\"281\" srcset=\"https:\/\/www.enerjigazetesi.ist\/wp-content\/uploads\/2024\/05\/enerjisa-uretim-7-mayis-ta-ruzgar-gunu-zirvesi-ni-duzenliyor-1.jpg 550w, https:\/\/www.enerjigazetesi.ist\/wp-content\/uploads\/2024\/05\/enerjisa-uretim-7-mayis-ta-ruzgar-gunu-zirvesi-ni-duzenliyor-1-300x169.jpg 300w, https:\/\/www.enerjigazetesi.ist\/wp-content\/uploads\/2024\/05\/enerjisa-uretim-7-mayis-ta-ruzgar-gunu-zirvesi-ni-duzenliyor-1-500x281.jpg 500w, https:\/\/www.enerjigazetesi.ist\/wp-content\/uploads\/2024\/05\/enerjisa-uretim-7-mayis-ta-ruzgar-gunu-zirvesi-ni-duzenliyor-1-80x45.jpg 80w\" sizes=\"(max-width: 500px) 100vw, 500px\" \/>\u00a0<\/strong><\/h2>\n<p>T\u00fcrkiye\u2019nin lider \u00f6zel sekt\u00f6r enerji \u00fcretim \u015firketi Enerjisa \u00dcretim, 2022 y\u0131l\u0131ndan bu yana her y\u0131l D\u00fcnya R\u00fczgar G\u00fcn\u00fc nedeniyle hayata ge\u00e7irdi\u011fi R\u00fczgar G\u00fcn\u00fc Zirvesi\u2019ni bu y\u0131l ikinci kez Harvard Business Review T\u00fcrkiye stratejik ortakl\u0131\u011f\u0131 ile d\u00fczenliyor.<strong>\u00a0<\/strong>R\u00fczgar enerjisinin s\u00fcrd\u00fcr\u00fclebilirlik a\u00e7\u0131s\u0131ndan ta\u015f\u0131d\u0131\u011f\u0131 \u00f6nemi vurgulamay\u0131 hedefleyen R\u00fczgar G\u00fcn\u00fc Zirvesi, sekt\u00f6r\u00fcn \u00f6nde gelen isimlerini bir araya getirecek. Zirveye, do\u011fa sevgisini sat\u0131rlar\u0131na ta\u015f\u0131yan yazar Sunay Ak\u0131n da kat\u0131lacak.<\/p>\n<p>Gen\u00e7lere ve \u00f6\u011frencilere odaklanan zirvede r\u00fczgar enerjisinin gelece\u011fimizdeki rol\u00fc \u00e7e\u015fitli bak\u0131\u015f a\u00e7\u0131lar\u0131yla ele al\u0131nacak, ayr\u0131ca, enerji teknolojilerindeki son geli\u015fmeler masaya yat\u0131r\u0131lacak. Etkinlik boyunca, r\u00fczgar enerjisinin kullan\u0131m\u0131ndaki zorluklar ve sa\u011flad\u0131\u011f\u0131 f\u0131rsatlar detayl\u0131 bir \u015fekilde tart\u0131\u015f\u0131lacak. Bu s\u00fcre\u00e7te, gen\u00e7lerin bu alandaki potansiyellerine dikkat \u00e7ekilecek ve sekt\u00f6r\u00fcn \u00f6nde gelen isimleri, gen\u00e7lerin sorular\u0131n\u0131 cevaplayarak onlara ilham verecek.<\/p>\n<p><strong>&#8220;Enerjimiz R\u00fczgarla, Gelece\u011fimiz Seninle&#8221;\u00a0<\/strong>temas\u0131yla yap\u0131lacak etkinlik r\u00fczgar enerjisinin g\u00fcc\u00fcn\u00fc ve gelecekteki potansiyelini ke\u015ffetmek isteyen herkes i\u00e7in <strong>7 May\u0131s Sal\u0131<\/strong> g\u00fcn\u00fc <strong>10.00\u2019da<\/strong> <strong>online<\/strong> ve <strong>\u00fccretsiz<\/strong> olarak sunulacak. Ayr\u0131ca etkinlik boyunca surpriz hediyeler de arma\u011fan edilecek.<\/p>\n<p><strong>Zirve Program\u0131 ve Kay\u0131t \u0130\u00e7in:<\/strong>\u00a0<a href=\"https:\/\/webinar.hbrturkiye.com\/register\/ruzgar-gunu-zirvesi-enerjimiz-ruzgarla-gelecegimiz-seninle-2024\" target=\"_blank\" rel=\"noopener\">https:\/\/webinar.hbrturkiye.com\/register\/ruzgar-gunu-zirvesi-enerjimiz-ruzgarla-gelecegimiz-seninle-2024<\/a><\/p>\n<p><strong><u>Program:\u00a0<\/u><\/strong><\/p>\n<p><strong>10:00<\/strong><\/p>\n<p><strong>HBR Perspektifi<\/strong><\/p>\n<p><strong>Serdar Turan<\/strong><\/p>\n<p>HBR T\u00fcrkiye, Genel Yay\u0131n Y\u00f6netmeni<\/p>\n<p><strong>10:10<\/strong><\/p>\n<p><strong>\u0130klim De\u011fi\u015fikli\u011finin Etkilerini Anlamak<\/strong><\/p>\n<p><strong>Dr. \u00dcmit \u015eahin<\/strong><\/p>\n<p>Sabanc\u0131 \u00dcniversitesi, \u0130klim De\u011fi\u015fikli\u011fi \u00c7al\u0131\u015fmalar\u0131 Koordinat\u00f6r\u00fc, K\u0131demli Uzman<\/p>\n<p><strong>10:30<\/strong><\/p>\n<p><strong>Soru&amp;Cevap: Enerjide \u2018R\u00fczgar\u2019 F\u0131rsat\u0131 ve Gelecek<\/strong><\/p>\n<p><strong>\u0130hsan Erbil Bay\u00e7\u00f6l<\/strong><\/p>\n<p>Enerjisa \u00dcretim, CEO<\/p>\n<p>Moderat\u00f6r<\/p>\n<p><strong>Serdar Turan<\/strong><\/p>\n<p>HBR T\u00fcrkiye, Genel Yay\u0131n Y\u00f6netmeni<\/p>\n<p><strong>10:50<\/strong><\/p>\n<p><strong>Panel: S\u00fcrd\u00fcr\u00fclebilirlik Stratejisi ve D\u00f6n\u00fc\u015f\u00fcm Yolculu\u011fu<\/strong><\/p>\n<p><strong>\u0130zel Levi Co\u015fkun<\/strong><\/p>\n<p>Mazars Denge, CEO &amp; Kurumsal S\u00fcrd\u00fcr\u00fclebilirlik El\u00e7isi<\/p>\n<p><strong>Murat Er\u00f6z<\/strong><\/p>\n<p>Enerjisa \u00dcretim, Varl\u0131k Y\u00f6netimi ve S\u00fcrd\u00fcr\u00fclebilirlik Lideri<\/p>\n<p>Moderat\u00f6r<\/p>\n<p><strong>Beliz Kudat<\/strong><\/p>\n<p>HBR T\u00fcrkiye, Yaz\u0131 \u0130\u015fleri M\u00fcd\u00fcr\u00fc<\/p>\n<p><strong>11:20<\/strong><\/p>\n<p><strong>Tabiattan Dersler ve R\u00fczgarl\u0131 Hikayeler<\/strong><\/p>\n<p><strong>Sunay Ak\u0131n<\/strong><\/p>\n<p>\u015eair \/ Yazar \/ Gazeteci \/ Ara\u015ft\u0131rmac\u0131<\/p>\n<p><strong>12:00<\/strong><\/p>\n<p><strong>Ara<\/strong><\/p>\n<p><strong>13:00<\/strong><\/p>\n<p><strong>Enerjinin D\u00f6n\u00fc\u015f\u00fcm\u00fc<\/strong><\/p>\n<p><strong>Bora \u015eekip G\u00fcray<\/strong><\/p>\n<p>Sabanc\u0131 \u00dcniversitesi \u0130stanbul Uluslararas\u0131 Enerji ve \u0130klim Merkezi, Direkt\u00f6r<\/p>\n<p><strong>13:20<\/strong><\/p>\n<p><strong>Panel 2 \/ T\u00fcrkiye\u2019nin Yenilenebilir Enerji Yat\u0131r\u0131mlar\u0131<\/strong><\/p>\n<p><strong>Arif G\u00fcnyar<\/strong><\/p>\n<p>ENERCON, Orta Asya, Orta Do\u011fu ve Afrika B\u00f6lge Ba\u015fkan\u0131 ve Genel M\u00fcd\u00fcr\u00fc<\/p>\n<p><strong>G\u00f6khan Serdar<\/strong><\/p>\n<p>TPI Composites, EMEA B\u00f6lgesi K\u0131demli Ba\u015fkan Yard\u0131mc\u0131s\u0131 \/ Genel M\u00fcd\u00fcr\u00fc<\/p>\n<p><strong>Mahmut G\u00fcldo\u011fan<\/strong><\/p>\n<p>Ate\u015f Wind Power, Y\u00f6netim Kurulu Ba\u015fkan.Yard\u0131mc\u0131s\u0131<\/p>\n<p>Moderat\u00f6r<\/p>\n<p><strong>Ezgi Deniz Katmer<\/strong><\/p>\n<p>Enerjisa \u00dcretim, R\u00fczgar Santralleri Yat\u0131r\u0131mlar\u0131 Direkt\u00f6r\u00fc<\/p>\n<p><strong>14:00<\/strong><\/p>\n<p><strong>Panel 3 \/ Enerji Sekt\u00f6r\u00fcnde Yetene\u011fin D\u00f6n\u00fc\u015f\u00fcm\u00fc<\/strong><\/p>\n<p><strong>Ay\u015feg\u00fcl G\u00fcrkale<\/strong><\/p>\n<p>Enerjisa \u00dcretim, \u0130nsan ve K\u00fclt\u00fcr Genel M\u00fcd\u00fcr Yard\u0131mc\u0131s\u0131<\/p>\n<p><strong>Didem \u00dc\u015fenmez<\/strong><\/p>\n<p>Ate\u015f Wind Power, \u0130nsan Kaynaklar\u0131 M\u00fcd\u00fcr\u00fc<\/p>\n<p><strong>Demet \u00dcnver<\/strong><\/p>\n<p>TPI Composites, Kurumsal Geli\u0307\u015fi\u0307m M\u00fcd\u00fcr\u00fc<\/p>\n<p>Moderat\u00f6r<\/p>\n<p><strong>Beliz Kudat<\/strong><\/p>\n<p>HBR T\u00fcrkiye, Yaz\u0131 \u0130\u015fleri M\u00fcd\u00fcr\u00fc<\/p>\n<p><strong>14:40<\/strong><\/p>\n<p><strong>Yetene\u011fin G\u00f6z\u00fcnden<\/strong><\/p>\n<p><strong>Ervanur Kaya<\/strong><\/p>\n<p>Enerjisa \u00dcretim R\u00fczgar Santralleri Yat\u0131r\u0131mlar\u0131 Proje M\u00fchendisi<\/p>\n<p>Moderat\u00f6r<\/p>\n<p><strong>Ezgi Deniz Katmer<\/strong><\/p>\n<p>Enerjisa \u00dcretim, R\u00fczgar Santralleri Yat\u0131r\u0131mlar\u0131 Direkt\u00f6r\u00fc<\/p>\n<p><strong>14:50<\/strong><\/p>\n<p><strong>Gen\u00e7lerin Kariyer Beklentileri<\/strong><\/p>\n<p><strong>Evrim Kuran<\/strong><\/p>\n<p>Evrim Kuran Dan\u0131\u015fmanl\u0131k, Kurucu &amp; Universum, T\u00fcrkiye Lideri<\/p>\n<p>Moderat\u00f6r<\/p>\n<p><strong>Serdar Turan<\/strong><\/p>\n<p>HBR T\u00fcrkiye, Genel Yay\u0131n Y\u00f6netmeni<\/p>\n<p><strong>15:05<\/strong><\/p>\n<p><strong>Kapan\u0131\u015f<\/strong><\/p>","protected":false},"excerpt":{"rendered":"<p>Sorry, this entry is only available in Turkish. For the sake of viewer convenience, the content is shown below in the alternative language. You may click the link to switch the active language. Enerjisa \u00dcretim, enerji sekt\u00f6r\u00fcn\u00fcn s\u00fcrd\u00fcr\u00fclebilir gelece\u011fi hakk\u0131nda gen\u00e7ler aras\u0131nda fark\u0131ndal\u0131k yaratmak, sekt\u00f6r\u00fcn iklim kriziyle m\u00fccadelesindeki \u00f6nemli rol\u00fcne dikkat \u00e7ekmek ve istihdam f\u0131rsatlar\u0131n\u0131 [&hellip;]<\/p>\n","protected":false},"author":1,"featured_media":187843,"comment_status":"open","ping_status":"open","sticky":false,"template":"","format":"standard","meta":[],"categories":[53,50],"tags":[35365,91824,474,231,5320,109219],"views":63,"_links":{"self":[{"href":"https:\/\/www.enerjigazetesi.ist\/en\/wp-json\/wp\/v2\/posts\/187841"}],"collection":[{"href":"https:\/\/www.enerjigazetesi.ist\/en\/wp-json\/wp\/v2\/posts"}],"about":[{"href":"https:\/\/www.enerjigazetesi.ist\/en\/wp-json\/wp\/v2\/types\/post"}],"author":[{"embeddable":true,"href":"https:\/\/www.enerjigazetesi.ist\/en\/wp-json\/wp\/v2\/users\/1"}],"replies":[{"embeddable":true,"href":"https:\/\/www.enerjigazetesi.ist\/en\/wp-json\/wp\/v2\/comments?post=187841"}],"version-history":[{"count":0,"href":"https:\/\/www.enerjigazetesi.ist\/en\/wp-json\/wp\/v2\/posts\/187841\/revisions"}],"wp:featuredmedia":[{"embeddable":true,"href":"https:\/\/www.enerjigazetesi.ist\/en\/wp-json\/wp\/v2\/media\/187843"}],"wp:attachment":[{"href":"https:\/\/www.enerjigazetesi.ist\/en\/wp-json\/wp\/v2\/media?parent=187841"}],"wp:term":[{"taxonomy":"category","embeddable":true,"href":"https:\/\/www.enerjigazetesi.ist\/en\/wp-json\/wp\/v2\/categories?post=187841"},{"taxonomy":"post_tag","embeddable":true,"href":"https:\/\/www.enerjigazetesi.ist\/en\/wp-json\/wp\/v2\/tags?post=187841"}],"curies":[{"name":"wp","href":"https:\/\/api.w.org\/{rel}","templated":true}]}}