{"id":187827,"date":"2024-05-03T18:33:22","date_gmt":"2024-05-03T15:33:22","guid":{"rendered":"https:\/\/www.enerjigazetesi.ist\/?p=187827"},"modified":"2024-05-03T18:38:55","modified_gmt":"2024-05-03T15:38:55","slug":"isicam-sistemleri-nden-50-yila-ozel-kampanya","status":"publish","type":"post","link":"https:\/\/www.enerjigazetesi.ist\/en\/isicam-sistemleri-nden-50-yila-ozel-kampanya\/","title":{"rendered":"(Turkish) Is\u0131cam Sistemleri\u2019nden 50. Y\u0131la \u00d6zel Kampanya"},"content":{"rendered":"<p class=\"qtranxs-available-languages-message qtranxs-available-languages-message-en\">Sorry, this entry is only available in <a href=\"https:\/\/www.enerjigazetesi.ist\/tr\/wp-json\/wp\/v2\/posts\/187827\" class=\"qtranxs-available-language-link qtranxs-available-language-link-tr\" title=\"Turkish\">Turkish<\/a>. For the sake of viewer convenience, the content is shown below in the alternative language. You may click the link to switch the active language.<\/p><p><\/p>\n<h2><strong>Cam\u0131n t\u00fcm temel alanlar\u0131nda faaliyet g\u00f6steren ve d\u00fcnyan\u0131n en b\u00fcy\u00fck d\u00fcz cam \u00fcreticilerinden olan \u015ei\u015fecam\u2019\u0131n k\u00f6kl\u00fc markas\u0131 \u201cIs\u0131cam Sistemleri\u201d, 50\u2019nci y\u0131l\u0131n\u0131 kutluyor. Is\u0131cam, de\u011fer zincirindeki t\u00fcm payda\u015flar\u0131 ile birlikte hayata ayn\u0131 camdan bakman\u0131n verdi\u011fi gurur ile 50. y\u0131l\u0131na \u00f6zel kampanya d\u00fczenliyor. 01 May\u0131s- 31 Temmuz tarihleri aras\u0131nda ge\u00e7erli olan kampanya kapsam\u0131nda, Is\u0131cam\u2019\u0131n enerji ve b\u00fct\u00e7e tasarrufu sa\u011flayan do\u011fa dostu S ve K serisi \u00fcr\u00fcnlerini tercih eden son kullan\u0131c\u0131lar, 1.500 TL\u2019ye varan hediye \u00e7eki kazan\u0131yor.<\/strong><\/h2>\n<p style=\"text-align: center;\"><img loading=\"lazy\" class=\"aligncenter wp-image-187829\" src=\"https:\/\/www.enerjigazetesi.ist\/wp-content\/uploads\/2024\/05\/isicam-sistemleri-nden-50-yila-ozel-kampanya.jpg\" alt=\"\" width=\"500\" height=\"331\" srcset=\"https:\/\/www.enerjigazetesi.ist\/wp-content\/uploads\/2024\/05\/isicam-sistemleri-nden-50-yila-ozel-kampanya.jpg 550w, https:\/\/www.enerjigazetesi.ist\/wp-content\/uploads\/2024\/05\/isicam-sistemleri-nden-50-yila-ozel-kampanya-300x199.jpg 300w, https:\/\/www.enerjigazetesi.ist\/wp-content\/uploads\/2024\/05\/isicam-sistemleri-nden-50-yila-ozel-kampanya-500x331.jpg 500w, https:\/\/www.enerjigazetesi.ist\/wp-content\/uploads\/2024\/05\/isicam-sistemleri-nden-50-yila-ozel-kampanya-76x50.jpg 76w\" sizes=\"(max-width: 500px) 100vw, 500px\" \/><\/p>\n<p>\u015ei\u015fecam\u2019\u0131n k\u00f6kl\u00fc markas\u0131 <strong>Is\u0131cam Sistemleri<\/strong>, yar\u0131m as\u0131rd\u0131r t\u00fcm ya\u015fam alanlar\u0131n\u0131n ihtiyac\u0131na y\u00f6nelik yenilik\u00e7i cam \u00e7\u00f6z\u00fcmleri sunarak t\u00fcketicilerin hayat\u0131na de\u011fer katmaya devam ediyor. 1974 y\u0131l\u0131nda ba\u015flayan bu yolculu\u011fu s\u00fcrekli geli\u015fim vizyonu ile s\u00fcrd\u00fcren Is\u0131cam, de\u011fer zincirindeki t\u00fcm payda\u015flar\u0131 ile birlikte hayata ayn\u0131 camdan bakman\u0131n verdi\u011fi gururu yans\u0131tt\u0131\u011f\u0131 kampanyas\u0131 ile <strong>50\u2019nci y\u0131l\u0131n\u0131<\/strong> kutluyor.<\/p>\n<p>Is\u0131cam Sistemleri\u2019nin 50. y\u0131l\u0131na \u00f6zel ba\u015flatt\u0131\u011f\u0131 kampanyas\u0131 <strong>1 May\u0131s- 31 Temmuz 2024<\/strong> tarihleri aras\u0131nda ge\u00e7erli olacak. Mevcut camlar\u0131n\u0131<strong> Is\u0131cam S<\/strong> veya<strong> Is\u0131cam K<\/strong> ile de\u011fi\u015ftiren son kullan\u0131c\u0131lara ayn\u0131 garanti belgesi i\u00e7inde ve ayn\u0131 adreste olmak \u015fart\u0131 ile <strong>10-19,99 m\u00b2<\/strong> aras\u0131 al\u0131mlar\u0131 i\u00e7in <strong>1.000 TL<\/strong>, <strong>20-35 m\u00b2<\/strong> aras\u0131 al\u0131mlar\u0131 i\u00e7in<strong> 1.500 TL hediye \u00e7eki<\/strong> tan\u0131mlan\u0131yor. Is\u0131cam, evlerinin cam\u0131n\u0131 yenilemek isteyenleri en yak\u0131n <strong>Is\u0131cam Yetkili \u00dcreticisine<\/strong> veya <strong>kaliteyi tercih eden do\u011frama firmalar\u0131na<\/strong> davet ediyor.<\/p>\n<p>\u015ei\u015fecam\u2019\u0131n y\u00fcksek nitelikli<strong> Solar Low-E ve Low-E camlar\u0131<\/strong> ile \u00fcretilen <strong>Is\u0131cam K ve S serisi \u00fcr\u00fcnler<\/strong>, <strong>\u00fcst\u00fcn \u0131s\u0131 yal\u0131t\u0131m\u0131<\/strong> sayesinde <strong>b\u00fct\u00e7e<\/strong> ve <strong>enerji tasarrufu<\/strong> sa\u011flarken <strong>karbon emisyonunun do\u011faya sal\u0131m\u0131n\u0131n\u0131<\/strong> engelliyor.<\/p>\n<p>Kampanya detaylar\u0131\u00a0<a href=\"https:\/\/www.isicam.com.tr\/tr\" target=\"_blank\" rel=\"noopener\">isicam.com.tr<\/a>\u00a0adresinde yer al\u0131yor.<\/p>","protected":false},"excerpt":{"rendered":"<p>Sorry, this entry is only available in Turkish. For the sake of viewer convenience, the content is shown below in the alternative language. You may click the link to switch the active language. Cam\u0131n t\u00fcm temel alanlar\u0131nda faaliyet g\u00f6steren ve d\u00fcnyan\u0131n en b\u00fcy\u00fck d\u00fcz cam \u00fcreticilerinden olan \u015ei\u015fecam\u2019\u0131n k\u00f6kl\u00fc markas\u0131 \u201cIs\u0131cam Sistemleri\u201d, 50\u2019nci y\u0131l\u0131n\u0131 kutluyor. [&hellip;]<\/p>\n","protected":false},"author":1,"featured_media":187829,"comment_status":"open","ping_status":"open","sticky":false,"template":"","format":"standard","meta":[],"categories":[53,52],"tags":[20832,82415,113739,57862,113740,12426,5205,113738,32733,113737],"views":34,"_links":{"self":[{"href":"https:\/\/www.enerjigazetesi.ist\/en\/wp-json\/wp\/v2\/posts\/187827"}],"collection":[{"href":"https:\/\/www.enerjigazetesi.ist\/en\/wp-json\/wp\/v2\/posts"}],"about":[{"href":"https:\/\/www.enerjigazetesi.ist\/en\/wp-json\/wp\/v2\/types\/post"}],"author":[{"embeddable":true,"href":"https:\/\/www.enerjigazetesi.ist\/en\/wp-json\/wp\/v2\/users\/1"}],"replies":[{"embeddable":true,"href":"https:\/\/www.enerjigazetesi.ist\/en\/wp-json\/wp\/v2\/comments?post=187827"}],"version-history":[{"count":0,"href":"https:\/\/www.enerjigazetesi.ist\/en\/wp-json\/wp\/v2\/posts\/187827\/revisions"}],"wp:featuredmedia":[{"embeddable":true,"href":"https:\/\/www.enerjigazetesi.ist\/en\/wp-json\/wp\/v2\/media\/187829"}],"wp:attachment":[{"href":"https:\/\/www.enerjigazetesi.ist\/en\/wp-json\/wp\/v2\/media?parent=187827"}],"wp:term":[{"taxonomy":"category","embeddable":true,"href":"https:\/\/www.enerjigazetesi.ist\/en\/wp-json\/wp\/v2\/categories?post=187827"},{"taxonomy":"post_tag","embeddable":true,"href":"https:\/\/www.enerjigazetesi.ist\/en\/wp-json\/wp\/v2\/tags?post=187827"}],"curies":[{"name":"wp","href":"https:\/\/api.w.org\/{rel}","templated":true}]}}