{"id":187709,"date":"2024-04-30T18:34:45","date_gmt":"2024-04-30T15:34:45","guid":{"rendered":"https:\/\/www.enerjigazetesi.ist\/?p=187709"},"modified":"2024-04-30T18:35:08","modified_gmt":"2024-04-30T15:35:08","slug":"surdurulebilirligin-ana-arterlerinde-hizmet-veriyoruz","status":"publish","type":"post","link":"https:\/\/www.enerjigazetesi.ist\/en\/surdurulebilirligin-ana-arterlerinde-hizmet-veriyoruz\/","title":{"rendered":"(Turkish) &#8221;S\u00fcrd\u00fcr\u00fclebilirli\u011fin Ana Arterlerinde Hizmet Veriyoruz&#8221;"},"content":{"rendered":"<p class=\"qtranxs-available-languages-message qtranxs-available-languages-message-en\">Sorry, this entry is only available in <a href=\"https:\/\/www.enerjigazetesi.ist\/tr\/wp-json\/wp\/v2\/posts\/187709\" class=\"qtranxs-available-language-link qtranxs-available-language-link-tr\" title=\"Turkish\">Turkish<\/a>. For the sake of viewer convenience, the content is shown below in the alternative language. You may click the link to switch the active language.<\/p><p><\/p>\n<h2><strong>Uluda\u011f Ekonomi Zirvesi S\u00fcrd\u00fcr\u00fclebilirlik Paneli\u2019nde konu\u015fan Eksim Holding Y\u00f6netim Kurulu Ba\u015fkan Vekili Osman Ar\u0131o\u011flu, s\u00fcrd\u00fcr\u00fclebilirli\u011fin ana arterleri olan alanlarda faaliyet g\u00f6sterdiklerini ve israfla m\u00fccadeleyi en \u00f6nde tuttuklar\u0131n\u0131 dile getirdi. Ar\u0131o\u011flu; \u201cHolding \u015firketlerimizden Dicle Elektrik\u2019in hizmet verdi\u011fi b\u00f6lgelerde bulunan tar\u0131m alanlar\u0131ndaki aktif sulaman\u0131n %70\u2019i elektrikle \u00e7ekilen yer alt\u0131 suyu ile yap\u0131l\u0131yor. B\u00f6lgedeki verimli arazilerin \u00e7\u00f6lle\u015fmeye ba\u015flamas\u0131 ise bizim s\u00fcrd\u00fcr\u00fclebilirli\u011fe vurgu yapmam\u0131z\u0131n temel nedeni! Bilin\u00e7siz sulama sebebiyle arazilerdeki tuz oran\u0131 art\u0131yor ve b\u00f6lge verimsizle\u015fiyor.\u201d diye konu\u015ftu. \u00a0Ar\u0131o\u011flu g\u0131da i\u015f kollar\u0131nda israfa kar\u015f\u0131 dikkat \u00e7ekmek ad\u0131na Asl\u0131 markalar\u0131 ile Serpme de\u011fil Se\u00e7me Kahvalt\u0131 uygulamas\u0131n\u0131 hayata ge\u00e7irdiklerini de s\u00f6zlerine ekledi.<\/strong><\/h2>\n<div id=\"attachment_187712\" style=\"width: 510px\" class=\"wp-caption aligncenter\"><img aria-describedby=\"caption-attachment-187712\" loading=\"lazy\" class=\"wp-image-187712\" src=\"https:\/\/www.enerjigazetesi.ist\/wp-content\/uploads\/2024\/04\/surdurulebilirligin-ana-arterlerinde-hizmet-veriyoruz-1.jpg\" alt=\"\" width=\"500\" height=\"334\" srcset=\"https:\/\/www.enerjigazetesi.ist\/wp-content\/uploads\/2024\/04\/surdurulebilirligin-ana-arterlerinde-hizmet-veriyoruz-1.jpg 550w, https:\/\/www.enerjigazetesi.ist\/wp-content\/uploads\/2024\/04\/surdurulebilirligin-ana-arterlerinde-hizmet-veriyoruz-1-300x200.jpg 300w, https:\/\/www.enerjigazetesi.ist\/wp-content\/uploads\/2024\/04\/surdurulebilirligin-ana-arterlerinde-hizmet-veriyoruz-1-500x334.jpg 500w, https:\/\/www.enerjigazetesi.ist\/wp-content\/uploads\/2024\/04\/surdurulebilirligin-ana-arterlerinde-hizmet-veriyoruz-1-75x50.jpg 75w, https:\/\/www.enerjigazetesi.ist\/wp-content\/uploads\/2024\/04\/surdurulebilirligin-ana-arterlerinde-hizmet-veriyoruz-1-450x300.jpg 450w\" sizes=\"(max-width: 500px) 100vw, 500px\" \/><p id=\"caption-attachment-187712\" class=\"wp-caption-text\">Eksim Holding Y\u00f6netim Kurulu Ba\u015fkan Vekili Osman Ar\u0131o\u011flu<\/p><\/div>\n<p>\u0130\u015f d\u00fcnyas\u0131n\u0131n nabz\u0131n\u0131n att\u0131\u011f\u0131 \u00f6nemli etkinliklerden biri olan Uluda\u011f Ekonomi Zirvesi\u2019nin <strong>\u201c21. Y\u00fczy\u0131l \u0130\u00e7in S\u00fcrd\u00fcr\u00fclebilir \u0130\u015f Modelleri ve Stratejiler\u201d<\/strong> oturumunda konu\u015fan <strong>Eksim Holding Y\u00f6netim Kurulu Ba\u015fkan Vekili Osman Ar\u0131o\u011flu<\/strong>, \u015firketlerin ayakta kalmalar\u0131 i\u00e7in finansal yat\u0131r\u0131mlar\u0131n\u0131n yan\u0131nda s\u00fcrd\u00fcr\u00fclebilir yat\u0131r\u0131mlar\u0131 somut olarak ortaya koymalar\u0131 gerekti\u011fini belirtti.<\/p>\n<h3><strong>\u201c2,5 Milyon Ton Karbon Sal\u0131m\u0131n\u0131 Engelledik\u201d<\/strong><\/h3>\n<p>Eksim Holding\u2019in s\u00fcrd\u00fcr\u00fclebilirli\u011fin ana arterleri olan alanlarda faaliyet g\u00f6sterdi\u011fini belirten Ar\u0131o\u011flu, iklim de\u011fi\u015fikli\u011finin do\u011frudan hissedildi\u011fi enerji ve g\u0131da alanlar\u0131nda ticari faaliyetin \u00f6tesinde yat\u0131r\u0131mlar ger\u00e7ekle\u015ftirdiklerini ifade etti. Holding\u2019in enerji yat\u0131r\u0131mlar\u0131 i\u00e7in ekosisteme olan katk\u0131lar\u0131n\u0131 her ge\u00e7en g\u00fcn art\u0131rmay\u0131 hedeflerini belirten Ar\u0131o\u011flu, <em>\u201c2022 ve 2023 y\u0131l\u0131 \u00f6l\u00e7\u00fcmlerimize g\u00f6re, sadece T\u00fcrkiye\u2019de y\u0131ll\u0131k yakla\u015f\u0131k <strong>1,8 milyar kWh<\/strong> elektrik enerjisini <strong>yenilenebilir kaynaklardan \u00fcreterek<\/strong> iki y\u0131lda toplam <strong>2,5 milyon tondan fazla karbon e\u015fleni\u011fi<\/strong> sal\u0131m\u0131n\u0131n \u00f6n\u00fcne ge\u00e7tik. \u0130zin ve yap\u0131m a\u015famas\u0131ndaki projelerimizin ve in\u015fa halindeki tesislerimizin devreye girmesiyle birlikte <strong>y\u0131ll\u0131k 4 milyon ton karbon e\u015fleni\u011fi sal\u0131m\u0131n\u0131<\/strong> engellemeyi hedefliyoruz.\u201d dedi. <strong>2024 ve 2025 y\u0131llar\u0131nda<\/strong> mevcut <strong>kapasiteyi 2\u2019ye katlama hedefleri<\/strong> oldu\u011funu belirten Ar\u0131o\u011flu, \u201c<strong>R\u00fczgar tesislerimiz yan\u0131nda<\/strong> ilaveten \u015eanl\u0131urfa\u2019da<strong> 150 MW<\/strong>\u2019l\u0131k <strong>yenilenebilir g\u00fcne\u015f enerjisi yat\u0131r\u0131m\u0131m\u0131z<\/strong> bulunuyor. Y\u0131l sonuna do\u011fru kademe kademe devreye girecek\u201d<\/em> dedi.<\/p>\n<h3><strong>10 Y\u0131lda 1 Milyar USD Yat\u0131r\u0131m Yapt\u0131lar<\/strong><\/h3>\n<p>Eksim Holding \u015firketlerinden Dicle Elektrik ile G\u00fcneydo\u011fu Anadolu B\u00f6lgesi\u2019nin 6 ilinde hizmet verdiklerini belirten Ar\u0131o\u011flu, <em>\u201cB\u00f6lgemizde s\u00fcrd\u00fcr\u00fclebilir yat\u0131r\u0131m felsefesiyle 10 y\u0131lda 1 milyar USD yat\u0131r\u0131m yapt\u0131k. Kay\u0131p-ka\u00e7ak elektrik kullan\u0131m\u0131 ile m\u00fccadelemiz neticesinde bug\u00fcnk\u00fc de\u011feri 165 milyar TL\u2019yi bulan bir enerji kayb\u0131n\u0131 \u00f6nledik. Bu y\u0131l da 10 Milyar TL\u2019nin \u00fczerinde bir yat\u0131r\u0131m\u0131 b\u00f6lgemizde ger\u00e7ekle\u015ftirece\u011fiz.\u201d dedi. <\/em>B\u00f6lgedeki ka\u00e7ak elektrik kullan\u0131m\u0131na da de\u011finen Ar\u0131o\u011flu,<em> \u201c2013 y\u0131l\u0131nda Dicle Elektrik\u2019i \u00f6zelle\u015ftirme ile devrald\u0131\u011f\u0131m\u0131zda b\u00f6lgedeki kay\u0131p ka\u00e7ak oran\u0131 resmi kay\u0131tlarda <strong>y\u00fczde 76<\/strong> olarak belirtiliyordu. Bug\u00fcn geldi\u011fimiz noktada toplam kay\u0131p ka\u00e7ak oran\u0131n\u0131 <strong>y\u00fczde 42<\/strong>\u2019lere indirebildik.\u201d<\/em> dedi.<\/p>\n<h3><strong>\u201cBilin\u00e7siz Sulama ile B\u00f6lgemizdeki Araziler \u00c7\u00f6lle\u015fiyor\u201d<\/strong><\/h3>\n<p><em>\u201cDicle Elektrik\u2019in hizmet verdi\u011fi b\u00f6lgedeki 140 bin \u00e7ift\u00e7inin 65 bini, sulu tar\u0131mla u\u011fra\u015f\u0131yor ve toplam 9,8 milyon d\u00f6n\u00fcm alanda faaliyet g\u00f6steriyor\u201d <\/em>diyen Ar\u0131o\u011flu,<em> \u2018\u2019B\u00f6lgemizdeki aktif sulaman\u0131n <strong>%70<\/strong>\u2019i <strong>elektrikle \u00e7ekilen yer alt\u0131 suyu<\/strong> ile yap\u0131l\u0131rken,<strong> %30<\/strong>\u2019u nehir, kanal ve g\u00f6letler \u00fczerinden ger\u00e7ekle\u015fiyor. Bir di\u011fer ifadeyle hizmet alan\u0131m\u0131zdaki <strong>\u00e7ift\u00e7ilerin y\u00fczde 70&#8217;i tar\u0131msal sulama i\u00e7in elektrikle \u00e7al\u0131\u015fan motopompalar<\/strong> kullan\u0131yor. Bundan 10 y\u0131l \u00f6nce 100-150 metreden su \u00e7eken \u00e7ift\u00e7iler, art\u0131k yer yer 600-700 metre derine inmek zorunda. Bu da asl\u0131nda bize b\u00f6lgede elektrik de\u011fil, sulama sorunu oldu\u011funu g\u00f6steriyor ve su israf\u0131yla birlikte elektrik israf\u0131 daha da art\u0131yor. Atat\u00fcrk Baraj\u0131 ile \u00f6rnekleyecek olursak sadece tar\u0131mdaki kay\u0131p enerjinin bedeli, Atat\u00fcrk Baraj\u0131&#8217;n\u0131n \u00fcretti\u011fi enerjinin 2 kat\u0131na ula\u015f\u0131yor. B\u00f6lgedeki verimli arazilerin \u00e7\u00f6lle\u015fmeye ba\u015flamas\u0131 ise bizim s\u00fcrd\u00fcr\u00fclebilirli\u011fe vurgu yapmam\u0131z\u0131n temel nedeni!\u201d<\/em> dedi.<\/p>\n<h3><strong>\u201cSerpme Kahvalt\u0131\u201d Yerine \u0130sraf Kar\u015f\u0131t\u0131 \u201cSe\u00e7me Kahvalt\u0131\u201d<\/strong><\/h3>\n<p>Eksim Holding\u2019in enerji yat\u0131r\u0131mlar\u0131 d\u0131\u015f\u0131nda g\u0131da taraf\u0131nda da israf\u0131 \u00f6nleme ad\u0131na faaliyetlerde bulundu\u011funu belirten Ar\u0131o\u011flu, <em>\u201cAt\u0131k geri d\u00f6n\u00fc\u015f\u00fcm projeleri \u00fcretiyor, belediyelerle i\u015f birli\u011fi ger\u00e7ekle\u015ftirerek s\u0131f\u0131r at\u0131k hedefiyle yolumuza devam ediyoruz.\u201c dedi.<\/em> Cafe\u00a0&amp;\u00a0Restoran zinciri sekt\u00f6r\u00fcnde bulunan Asl\u0131 markas\u0131yla da israf\u0131n \u00f6n\u00fcne ge\u00e7meyi hedeflediklerini belirten Osman Ar\u0131o\u011flu,<em> \u201cMarkam\u0131z \u2018serpme kahvalt\u0131\u2019 yerine \u2018se\u00e7me kahvalt\u0131\u2019 ad\u0131nda yeni bir konsept geli\u015ftirdi. Bu \u015fekilde yaln\u0131zca t\u00fcketilecek g\u0131dan\u0131n hizmetini sunarak hem israf\u0131 engelliyor hem de israfa kar\u015f\u0131 kolektif bilincin art\u0131r\u0131lmas\u0131na destek oluyor. \u0130sraf kar\u015f\u0131t\u0131 ba\u015flatt\u0131\u011f\u0131m\u0131z bu seferberli\u011fi, t\u00fcketicilerimizi davet ederek b\u00fcy\u00fctmek istiyoruz. \u0130srafa kar\u015f\u0131 ataca\u011f\u0131m\u0131z her ad\u0131m; toplumsal refah\u0131m\u0131z\u0131n, do\u011fal ve milli kaynaklar\u0131m\u0131z\u0131n korunmas\u0131 i\u00e7in hayati bir rol oynayacak\u201d<\/em>\u00a0 dedi.<\/p>","protected":false},"excerpt":{"rendered":"<p>Sorry, this entry is only available in Turkish. For the sake of viewer convenience, the content is shown below in the alternative language. You may click the link to switch the active language. Uluda\u011f Ekonomi Zirvesi S\u00fcrd\u00fcr\u00fclebilirlik Paneli\u2019nde konu\u015fan Eksim Holding Y\u00f6netim Kurulu Ba\u015fkan Vekili Osman Ar\u0131o\u011flu, s\u00fcrd\u00fcr\u00fclebilirli\u011fin ana arterleri olan alanlarda faaliyet g\u00f6sterdiklerini ve [&hellip;]<\/p>\n","protected":false},"author":1,"featured_media":187711,"comment_status":"open","ping_status":"open","sticky":false,"template":"","format":"standard","meta":[],"categories":[51,53],"tags":[113687,12240,20664,532,113686,87556],"views":23,"_links":{"self":[{"href":"https:\/\/www.enerjigazetesi.ist\/en\/wp-json\/wp\/v2\/posts\/187709"}],"collection":[{"href":"https:\/\/www.enerjigazetesi.ist\/en\/wp-json\/wp\/v2\/posts"}],"about":[{"href":"https:\/\/www.enerjigazetesi.ist\/en\/wp-json\/wp\/v2\/types\/post"}],"author":[{"embeddable":true,"href":"https:\/\/www.enerjigazetesi.ist\/en\/wp-json\/wp\/v2\/users\/1"}],"replies":[{"embeddable":true,"href":"https:\/\/www.enerjigazetesi.ist\/en\/wp-json\/wp\/v2\/comments?post=187709"}],"version-history":[{"count":0,"href":"https:\/\/www.enerjigazetesi.ist\/en\/wp-json\/wp\/v2\/posts\/187709\/revisions"}],"wp:featuredmedia":[{"embeddable":true,"href":"https:\/\/www.enerjigazetesi.ist\/en\/wp-json\/wp\/v2\/media\/187711"}],"wp:attachment":[{"href":"https:\/\/www.enerjigazetesi.ist\/en\/wp-json\/wp\/v2\/media?parent=187709"}],"wp:term":[{"taxonomy":"category","embeddable":true,"href":"https:\/\/www.enerjigazetesi.ist\/en\/wp-json\/wp\/v2\/categories?post=187709"},{"taxonomy":"post_tag","embeddable":true,"href":"https:\/\/www.enerjigazetesi.ist\/en\/wp-json\/wp\/v2\/tags?post=187709"}],"curies":[{"name":"wp","href":"https:\/\/api.w.org\/{rel}","templated":true}]}}