{"id":187641,"date":"2024-04-29T20:17:00","date_gmt":"2024-04-29T17:17:00","guid":{"rendered":"https:\/\/www.enerjigazetesi.ist\/?p=187641"},"modified":"2024-04-29T20:17:00","modified_gmt":"2024-04-29T17:17:00","slug":"oedas-in-resim-siir-yarismasi-cocuklardaki-enerji-bilincini-gosterdi","status":"publish","type":"post","link":"https:\/\/www.enerjigazetesi.ist\/en\/oedas-in-resim-siir-yarismasi-cocuklardaki-enerji-bilincini-gosterdi\/","title":{"rendered":"(Turkish) &#8217;OEDA\u015e&#8217;\u0131n Resim-\u015eiir Yar\u0131\u015fmas\u0131 \u00c7ocuklardaki Enerji Bilincini G\u00f6sterdi"},"content":{"rendered":"<p class=\"qtranxs-available-languages-message qtranxs-available-languages-message-en\">Sorry, this entry is only available in <a href=\"https:\/\/www.enerjigazetesi.ist\/tr\/wp-json\/wp\/v2\/posts\/187641\" class=\"qtranxs-available-language-link qtranxs-available-language-link-tr\" title=\"Turkish\">Turkish<\/a>. For the sake of viewer convenience, the content is shown below in the alternative language. You may click the link to switch the active language.<\/p><p><\/p>\n<h2>Afyonkarahisar, Bilecik, Eski\u015fehir, K\u00fctahya ve U\u015fak\u2019ta elektrik da\u011f\u0131t\u0131m hizmeti sa\u011flayan <strong>Osmangazi Elektrik Da\u011f\u0131t\u0131m A\u015e (OEDA\u015e) <\/strong>taraf\u0131ndan d\u00fczenlenen <strong>\u201cEnerji Tasarrufu\u201d<\/strong> temal\u0131 geleneksel \u015fiir ve resim yar\u0131\u015fmas\u0131n\u0131n sonu\u00e7lar\u0131 t\u00f6renle a\u00e7\u0131kland\u0131.<\/h2>\n<p style=\"text-align: center;\"><img loading=\"lazy\" class=\"aligncenter wp-image-187643\" src=\"https:\/\/www.enerjigazetesi.ist\/wp-content\/uploads\/2024\/04\/oedas-in-resim-siir-yarismasi-cocuklardaki-enerji-bilincini-gosterdi-2.jpg\" alt=\"\" width=\"500\" height=\"334\" srcset=\"https:\/\/www.enerjigazetesi.ist\/wp-content\/uploads\/2024\/04\/oedas-in-resim-siir-yarismasi-cocuklardaki-enerji-bilincini-gosterdi-2.jpg 550w, https:\/\/www.enerjigazetesi.ist\/wp-content\/uploads\/2024\/04\/oedas-in-resim-siir-yarismasi-cocuklardaki-enerji-bilincini-gosterdi-2-300x200.jpg 300w, https:\/\/www.enerjigazetesi.ist\/wp-content\/uploads\/2024\/04\/oedas-in-resim-siir-yarismasi-cocuklardaki-enerji-bilincini-gosterdi-2-500x334.jpg 500w, https:\/\/www.enerjigazetesi.ist\/wp-content\/uploads\/2024\/04\/oedas-in-resim-siir-yarismasi-cocuklardaki-enerji-bilincini-gosterdi-2-75x50.jpg 75w, https:\/\/www.enerjigazetesi.ist\/wp-content\/uploads\/2024\/04\/oedas-in-resim-siir-yarismasi-cocuklardaki-enerji-bilincini-gosterdi-2-450x300.jpg 450w\" sizes=\"(max-width: 500px) 100vw, 500px\" \/><\/p>\n<p>Her y\u0131l OEDA\u015e\u2019\u0131n hizmet verdi\u011fi farkl\u0131 bir \u015fehirde yap\u0131lan <strong>yar\u0131\u015fman\u0131n yedincisi Eski\u015fehir\u2019deki G\u00fclay Kanatl\u0131 Ortaokulu<\/strong>\u2019nda ger\u00e7ekle\u015ftirildi. Eski\u015fehir \u0130l Milli E\u011fitim M\u00fcd\u00fcrl\u00fc\u011f\u00fc ile birlikte d\u00fczenlenen yar\u0131\u015fman\u0131n \u00f6d\u00fcl t\u00f6renine <em>Vali Yard\u0131mc\u0131s\u0131 Osman Nuri Canatan, Vali Yard\u0131mc\u0131s\u0131 O\u011fuz \u015eenlik, \u0130l Milli E\u011fitim M\u00fcd\u00fcr Yard\u0131mc\u0131s\u0131 Ceylan Yavuz, OEDA\u015e Direkt\u00f6r\u00fc Muzaffer Yal\u00e7\u0131n, OEDA\u015e \u0130l M\u00fcd\u00fcr\u00fc \u0130brahim Tozan<\/em>\u2019\u0131n yan\u0131 s\u0131ra <strong>\u00f6\u011frenciler, \u00f6\u011fretmenler, veliler ve davetliler<\/strong> kat\u0131ld\u0131.<\/p>\n<h3><strong>T\u00f6rene Kat\u0131lan T\u00fcm \u00d6\u011frencilere Hediyeler Verildi<\/strong><\/h3>\n<p>\u0130lkokul \u00f6\u011frencilerinin resim, ortaokul \u00f6\u011frencilerinin ise \u015fiirleriyle kat\u0131l\u0131m g\u00f6sterdi\u011fi yar\u0131\u015fmaya \u00e7ok say\u0131da \u00f6\u011frenci ba\u015fvurdu. Yar\u0131\u015fman\u0131n finalinde her iki kategoride birinci olan \u00f6\u011frenciler laptop, ikinciler tablet, \u00fc\u00e7\u00fcnc\u00fcler ise bisiklet \u00f6d\u00fcl\u00fcn\u00fcn sahibi oldu. Ayr\u0131ca t\u00f6rene kat\u0131lan t\u00fcm \u00f6\u011frencilere kalem kutusu, 12\u2019li kuru boya kalem, kur\u015fun kalem, k\u0131rm\u0131z\u0131 kalem, kalemt\u0131ra\u015f ve silgiden olu\u015fan birer k\u0131rtasiye seti hediye edildi. T\u00f6rende her y\u0131l oldu\u011fu gibi bu y\u0131l da <strong>23 Nisan Ulusal Egemenlik ve \u00c7ocuk Bayram\u0131<\/strong> hep birlikte co\u015fkuyla kutland\u0131.<\/p>\n<p style=\"text-align: center;\"><img loading=\"lazy\" class=\"aligncenter wp-image-187644\" src=\"https:\/\/www.enerjigazetesi.ist\/wp-content\/uploads\/2024\/04\/oedas-in-resim-siir-yarismasi-cocuklardaki-enerji-bilincini-gosterdi-1.jpg\" alt=\"\" width=\"500\" height=\"334\" srcset=\"https:\/\/www.enerjigazetesi.ist\/wp-content\/uploads\/2024\/04\/oedas-in-resim-siir-yarismasi-cocuklardaki-enerji-bilincini-gosterdi-1.jpg 550w, https:\/\/www.enerjigazetesi.ist\/wp-content\/uploads\/2024\/04\/oedas-in-resim-siir-yarismasi-cocuklardaki-enerji-bilincini-gosterdi-1-300x200.jpg 300w, https:\/\/www.enerjigazetesi.ist\/wp-content\/uploads\/2024\/04\/oedas-in-resim-siir-yarismasi-cocuklardaki-enerji-bilincini-gosterdi-1-500x334.jpg 500w, https:\/\/www.enerjigazetesi.ist\/wp-content\/uploads\/2024\/04\/oedas-in-resim-siir-yarismasi-cocuklardaki-enerji-bilincini-gosterdi-1-75x50.jpg 75w, https:\/\/www.enerjigazetesi.ist\/wp-content\/uploads\/2024\/04\/oedas-in-resim-siir-yarismasi-cocuklardaki-enerji-bilincini-gosterdi-1-450x300.jpg 450w\" sizes=\"(max-width: 500px) 100vw, 500px\" \/><\/p>\n<h3><strong>Muzaffer Yal\u00e7\u0131n: \u201c\u00c7ocuklar Sayesinde Gezegenimizi Daha \u0130yi Bir Gelecek Bekliyor\u201d<\/strong><\/h3>\n<p>Enerjinin d\u00fcnyan\u0131n en b\u00fcy\u00fck ihtiya\u00e7lar\u0131ndan biri oldu\u011funu s\u00f6yleyen <strong>OEDA\u015e Direkt\u00f6r\u00fc Muzaffer Yal\u00e7\u0131n<\/strong>,<em> \u201cBiz b\u00fcy\u00fckler, enerji kaynaklar\u0131na ula\u015fmak i\u00e7in \u00e7evremize, gezegenimize zarar verdik. \u015eimdiki \u00e7ocuklar\u0131m\u0131z ise \u00e7evre bilinci ve enerji tasarrufu konular\u0131nda fark\u0131ndal\u0131k geli\u015ftirerek b\u00fcy\u00fcyor. \u00d6\u011frencilerimizin \u00e7evre bilinci ve enerji verimlili\u011fi konular\u0131nda g\u00f6sterdikleri ilgi ve yetenek bizi ger\u00e7ekten gururland\u0131r\u0131yor. Yar\u0131\u015fmaya kat\u0131lan t\u00fcm \u00f6\u011frencilerimizi tebrik ediyorum. Hepsi \u00e7ok yetenekli, j\u00fcrimiz se\u00e7im yapmakta olduk\u00e7a zorland\u0131. Onlar\u0131n bu \u00e7al\u0131\u015fmalar\u0131, gezegenimizi daha iyi bir gelece\u011fin bekledi\u011fine dair bizlere b\u00fcy\u00fck umutlar veriyor. Bu k\u0131ymetli etkinli\u011fin d\u00fczenlenmesine destek veren Eski\u015fehir \u0130l Milli E\u011fitim M\u00fcd\u00fcrl\u00fc\u011f\u00fc&#8217;ne ve t\u00fcm kat\u0131l\u0131mc\u0131lara te\u015fekk\u00fcr ediyorum. OEDA\u015e olarak, toplumumuzun enerjiyi verimli kullanmas\u0131 ve \u00e7evreye duyarl\u0131 olmas\u0131 konular\u0131nda \u00e7al\u0131\u015fmalar\u0131m\u0131z\u0131 s\u00fcrd\u00fcrece\u011fiz.&#8221;<\/em> dedi. <strong>Yal\u00e7\u0131n<\/strong> ayr\u0131ca ba\u015fta \u00e7ocuklar olmak \u00fczere t\u00fcm davetlilerin 23 Nisan Ulusal Egemenlik ve \u00c7ocuk Bayram\u0131\u2019n\u0131 kutlad\u0131.<\/p>\n<h3><strong><u>Resim kategorisinde dereceye giren \u00f6\u011frenciler<\/u><\/strong><\/h3>\n<p>1- Zeynep Elif \u015eenlik \u2013 Odunpazar\u0131 \/ Meserret \u0130nel \u0130lkokulu &#8211; 4. s\u0131n\u0131f<\/p>\n<p>2- Mira\u00e7 Duran \u2013 Odunpazar\u0131 \/ Halil Yasin \u0130lkokulu &#8211; 4. s\u0131n\u0131f<\/p>\n<p>3- Aleyna Alt\u0131ner \u2013 \u00c7ifteler \/ Sakarya \u0130lkokulu &#8211; 2. s\u0131n\u0131f<\/p>\n<h3><strong><u>\u015eiir kategorisinde dereceye giren \u00f6\u011frenciler<\/u><\/strong><\/h3>\n<p>1- Yaman Kuru \u2013 Odunpazar\u0131 \/ Melahat \u00dcn\u00fcg\u00fcr Ortaokulu &#8211; 5. s\u0131n\u0131f<\/p>\n<p>2- Ceyda Irmak Fener \u2013 Tepeba\u015f\u0131 \/ Atat\u00fcrk Ortaokulu &#8211; 6. s\u0131n\u0131f<\/p>\n<p>3- Asmin Kandemir \u2013 Odunpazar\u0131 \/ \u015eehit G\u00fcng\u00f6ren Bostan Ortaokulu &#8211; 6. s\u0131n\u0131f<\/p>","protected":false},"excerpt":{"rendered":"<p>Sorry, this entry is only available in Turkish. For the sake of viewer convenience, the content is shown below in the alternative language. You may click the link to switch the active language. Afyonkarahisar, Bilecik, Eski\u015fehir, K\u00fctahya ve U\u015fak\u2019ta elektrik da\u011f\u0131t\u0131m hizmeti sa\u011flayan Osmangazi Elektrik Da\u011f\u0131t\u0131m A\u015e (OEDA\u015e) taraf\u0131ndan d\u00fczenlenen \u201cEnerji Tasarrufu\u201d temal\u0131 geleneksel \u015fiir [&hellip;]<\/p>\n","protected":false},"author":1,"featured_media":187645,"comment_status":"open","ping_status":"open","sticky":false,"template":"","format":"standard","meta":[],"categories":[51,53,52],"tags":[2309,15016,103,9749,7471,102872],"views":23,"_links":{"self":[{"href":"https:\/\/www.enerjigazetesi.ist\/en\/wp-json\/wp\/v2\/posts\/187641"}],"collection":[{"href":"https:\/\/www.enerjigazetesi.ist\/en\/wp-json\/wp\/v2\/posts"}],"about":[{"href":"https:\/\/www.enerjigazetesi.ist\/en\/wp-json\/wp\/v2\/types\/post"}],"author":[{"embeddable":true,"href":"https:\/\/www.enerjigazetesi.ist\/en\/wp-json\/wp\/v2\/users\/1"}],"replies":[{"embeddable":true,"href":"https:\/\/www.enerjigazetesi.ist\/en\/wp-json\/wp\/v2\/comments?post=187641"}],"version-history":[{"count":0,"href":"https:\/\/www.enerjigazetesi.ist\/en\/wp-json\/wp\/v2\/posts\/187641\/revisions"}],"wp:featuredmedia":[{"embeddable":true,"href":"https:\/\/www.enerjigazetesi.ist\/en\/wp-json\/wp\/v2\/media\/187645"}],"wp:attachment":[{"href":"https:\/\/www.enerjigazetesi.ist\/en\/wp-json\/wp\/v2\/media?parent=187641"}],"wp:term":[{"taxonomy":"category","embeddable":true,"href":"https:\/\/www.enerjigazetesi.ist\/en\/wp-json\/wp\/v2\/categories?post=187641"},{"taxonomy":"post_tag","embeddable":true,"href":"https:\/\/www.enerjigazetesi.ist\/en\/wp-json\/wp\/v2\/tags?post=187641"}],"curies":[{"name":"wp","href":"https:\/\/api.w.org\/{rel}","templated":true}]}}