{"id":187631,"date":"2024-04-29T19:43:04","date_gmt":"2024-04-29T16:43:04","guid":{"rendered":"https:\/\/www.enerjigazetesi.ist\/?p=187631"},"modified":"2024-04-29T19:43:37","modified_gmt":"2024-04-29T16:43:37","slug":"genel-elektrik-kesintisi-iddialarina-dicle-elektrik-ten-yanit-geldi","status":"publish","type":"post","link":"https:\/\/www.enerjigazetesi.ist\/en\/genel-elektrik-kesintisi-iddialarina-dicle-elektrik-ten-yanit-geldi\/","title":{"rendered":"(Turkish) Genel Elektrik Kesintisi \u0130ddialar\u0131na &#8216;Dicle Elektrik&#8217;ten Yan\u0131t Geldi"},"content":{"rendered":"<p class=\"qtranxs-available-languages-message qtranxs-available-languages-message-en\">Sorry, this entry is only available in <a href=\"https:\/\/www.enerjigazetesi.ist\/tr\/wp-json\/wp\/v2\/posts\/187631\" class=\"qtranxs-available-language-link qtranxs-available-language-link-tr\" title=\"Turkish\">Turkish<\/a>. For the sake of viewer convenience, the content is shown below in the alternative language. You may click the link to switch the active language.<\/p><p><\/p>\n<h2><strong>Dicle Elektrik baz\u0131 sosyal medya organlar\u0131nda bilin\u00e7li ve yan\u0131lt\u0131c\u0131 olarak g\u00fcndeme getirilen da\u011f\u0131t\u0131m b\u00f6lgesinde genel bir enerji kesintisi yap\u0131ld\u0131\u011f\u0131 iddialar\u0131na y\u00f6nelik a\u00e7\u0131klama yapt\u0131. Dicle Elektrik yetkilileri yapt\u0131klar\u0131 a\u00e7\u0131klamada 10 y\u0131l\u0131 a\u015fk\u0131n s\u00fcredir kaliteli, kay\u0131ps\u0131z ve kesintisiz elektrik vizyonu \u00e7er\u00e7evesinde b\u00f6lgeye sa\u011flad\u0131klar\u0131 katk\u0131y\u0131 bir kez daha \u00f6zetledi. Ayr\u0131ca a\u00e7\u0131klamada Dicle Elektrik hizmet b\u00f6lgesindeki tar\u0131m sulama alanlar\u0131nda, \u00f6ng\u00f6r\u00fclmeyen oranlarda ka\u00e7ak ve kay\u0131t d\u0131\u015f\u0131 elektrik kullan\u0131m\u0131n\u0131n oldu\u011fu aktar\u0131ld\u0131.<\/strong><\/h2>\n<p style=\"text-align: center;\"><img loading=\"lazy\" class=\"aligncenter wp-image-187634\" src=\"https:\/\/www.enerjigazetesi.ist\/wp-content\/uploads\/2024\/04\/genel-elektrik-kesintisi-iddialarina-dicle-elektrik-ten-yanit-geldi.jpg\" alt=\"\" width=\"500\" height=\"353\" srcset=\"https:\/\/www.enerjigazetesi.ist\/wp-content\/uploads\/2024\/04\/genel-elektrik-kesintisi-iddialarina-dicle-elektrik-ten-yanit-geldi.jpg 550w, https:\/\/www.enerjigazetesi.ist\/wp-content\/uploads\/2024\/04\/genel-elektrik-kesintisi-iddialarina-dicle-elektrik-ten-yanit-geldi-300x212.jpg 300w, https:\/\/www.enerjigazetesi.ist\/wp-content\/uploads\/2024\/04\/genel-elektrik-kesintisi-iddialarina-dicle-elektrik-ten-yanit-geldi-500x353.jpg 500w, https:\/\/www.enerjigazetesi.ist\/wp-content\/uploads\/2024\/04\/genel-elektrik-kesintisi-iddialarina-dicle-elektrik-ten-yanit-geldi-71x50.jpg 71w\" sizes=\"(max-width: 500px) 100vw, 500px\" \/><\/p>\n<p>Dicle Elektrik yetkilileri sosyal medya \u00fczerinden olu\u015fturulmaya \u00e7al\u0131\u015f\u0131lan alg\u0131ya yan\u0131t verdi. Yap\u0131lan a\u00e7\u0131klamada; <em>\u201cT\u00fcrkiye Cumhuriyeti Enerji ve Tabii Kaynaklar Bakanl\u0131\u011f\u0131 ve Enerji Piyasas\u0131 D\u00fczenleme Kurumu (EPDK) reg\u00fclasyonlar\u0131na tabii bir g\u00f6revli elektrik da\u011f\u0131t\u0131m \u015firketi olarak G\u00fcneydo\u011fu Anadolu B\u00f6lgesi\u2019nde bulunan 6 ilde b\u00f6lgemize de\u011fer katan \u00e7al\u0131\u015fmalara imza at\u0131yoruz. Baz\u0131 haberlerde ve sosyal medya mecralar\u0131nda \u015firketimizin genel elektrik kesintisi yapt\u0131\u011f\u0131na ili\u015fkin bir k\u0131s\u0131m iddialar yer ald\u0131\u011f\u0131n\u0131 g\u00f6r\u00fcyoruz. Bu y\u00f6ndeki iddialar asla ger\u00e7ekle ba\u011fda\u015fm\u0131yor ve elektrik da\u011f\u0131t\u0131m hizmetimize kesintisiz devam ediyoruz. Daha \u00f6nce de defalarca kamuoyu ile payla\u015ft\u0131\u011f\u0131m\u0131z \u00fczere; hizmet b\u00f6lgemizdeki tar\u0131msal sulama alanlar\u0131nda \u00f6ng\u00f6r\u00fclmeyen oranlarda kay\u0131t d\u0131\u015f\u0131 elektrik kullan\u0131m\u0131 yap\u0131ld\u0131\u011f\u0131n\u0131 s\u0131kl\u0131kla tespit ediyoruz. Mardin ili K\u0131z\u0131ltepe ve Derik ile \u015eanl\u0131urfa ili Viran\u015fehir ve Siverek il\u00e7elerinin k\u0131rsal alanlar\u0131nda bulunan hatlar\u0131m\u0131zda ise a\u015f\u0131r\u0131 gerilim d\u00fc\u015f\u00fcm\u00fcne yol a\u00e7an arz dengesizlik sorunlar\u0131 meydana geldi.\u201d<\/em> denildi.<\/p>\n<h3><strong>\u015eehir Merkezleri ile Tar\u0131msal Sulama B\u00f6lgelerindeki Ar\u0131za Bak\u0131m Prosed\u00fcrleri Ayn\u0131<\/strong><\/h3>\n<p>A\u00e7\u0131klaman\u0131n devam\u0131nda, <em>\u201cToplam k\u00f6y\/k\u0131rsal yerle\u015fim alan\u0131n\u0131n yaln\u0131zca binde ikisini te\u015fkil eden tar\u0131msal sulama faaliyetleri, toplam elektrik t\u00fcketiminin y\u00fczde 50\u2019sini tek ba\u015f\u0131na ger\u00e7ekle\u015ftiriyor. Bu alanlarda arz g\u00fcvenli\u011finden etkilenmemek i\u00e7in olu\u015fan ar\u0131zalar\u0131n giderilmesi amac\u0131yla bak\u0131m ve onar\u0131m \u00e7al\u0131\u015fmalar\u0131m\u0131z aral\u0131ks\u0131z s\u00fcr\u00fcyor. \u015eehir merkezlerinde \u00e7e\u015fitli sebeplerle meydana gelen az say\u0131da elektrik ar\u0131zas\u0131na hangi prosed\u00fcrler ile m\u00fcdahale ediliyor ise ayn\u0131 \u015fekilde tar\u0131msal sulama b\u00f6lgelerine a\u015f\u0131r\u0131 y\u00fcklenme sebebiyle meydana gelen ar\u0131zalara da ayn\u0131 \u015fekilde m\u00fcdahale ediyoruz. Arz g\u00fcvenli\u011fi ve di\u011fer b\u00f6lgelerin etkilenmemesi i\u00e7in zaruri olan k\u0131smi kesintileri minimum seviyeye indirmek i\u00e7in \u00e7al\u0131\u015fmalar\u0131m\u0131z devam ediyor\u201d<\/em> ifadelerine yer verildi.<\/p>\n<p>Ya\u015fanan muhtemel ma\u011fduriyetlere kar\u015f\u0131n her zaman tedbirlerin al\u0131nd\u0131\u011f\u0131n\u0131 da ifade eden yetkililer <em>\u201cSa\u011fl\u0131k sebebiyle elektri\u011fe ihtiya\u00e7 duyan t\u00fcm vatanda\u015flar\u0131m\u0131za kap\u0131m\u0131z borcunu \u00f6demi\u015f olup olmad\u0131\u011f\u0131na bak\u0131lmaks\u0131z\u0131n a\u00e7\u0131k bulunuyor. Bu t\u00fcr durumlarda \u015firketimizle ileti\u015fime ge\u00e7erek jenerat\u00f6r talep edebilirler. Ancak bug\u00fcne kadar bu t\u00fcr bir talep, bir elin parmaklar\u0131n\u0131 ge\u00e7medi\u201d<\/em> denildi.<\/p>\n<h3><strong>T\u00fcrkiye\u2019deki Tar\u0131msal Sulamada Kullan\u0131lan Elektri\u011fin %50\u2019si Dicle B\u00f6lgesinde T\u00fcketiliyor<\/strong><\/h3>\n<p>Tar\u0131msal sulamada ka\u00e7ak kullan\u0131m\u0131n enerji arz g\u00fcvenli\u011fini tehdit etti\u011fi ifade edilen a\u00e7\u0131klamada, b\u00f6lgedeki elektrikle sulama oran\u0131n\u0131n %70\u2019e ula\u015ft\u0131\u011f\u0131na dikkat \u00e7ekilerek; <em>\u201cTedarik b\u00f6lgemizde bulunan toplam 135 bin \u00e7ift\u00e7imizin 31 bini tar\u0131msal sulama abonelerinden olu\u015fuyor. T\u00fcm T\u00fcrkiye\u2019de yer alan tar\u0131msal sulama aboneleri i\u00e7erisindeyse, b\u00f6lgemizdeki abonelerin oran\u0131 sadece % 4,2. Ancak k\u00fc\u00e7\u00fck bir oran gibi g\u00f6r\u00fcnen bu kesim, 2023 y\u0131l\u0131nda tar\u0131msal sulama i\u00e7in 6.5 milyar kWh elektrik t\u00fcketti. S\u00f6z konusu abone grubu t\u00fcm T\u00fcrkiye\u2019de tar\u0131msal sulama i\u00e7in t\u00fcketilen elektri\u011fin yakla\u015f\u0131k %50\u2019sini kullan\u0131yor. Bu da b\u00f6lgede tar\u0131msal sulama i\u00e7in ne denli fazla elektrik t\u00fcketildi\u011fini a\u00e7\u0131k\u00e7a ortaya koyuyor.\u201d<\/em> ifadelerine yer verildi.<\/p>\n<h3><strong>\u201cYat\u0131r\u0131mlarla B\u00f6lgemizin Gelece\u011finin Elektrik Alt Yap\u0131s\u0131n\u0131 \u0130n\u015fa Ediyoruz\u201d<\/strong><\/h3>\n<p>A\u00e7\u0131klamada Dicle Elektrik\u2019in 10 y\u0131l\u0131 a\u015fk\u0131n s\u00fcredir yapt\u0131\u011f\u0131 yat\u0131r\u0131mlar tekrar vurgulanarak; <em>\u201c2023 sonuna kadar <strong>toplam yat\u0131r\u0131mlar\u0131m\u0131z<\/strong> bug\u00fcnk\u00fc de\u011ferle <strong>1 milyar USD<\/strong>\u2019yi a\u015ft\u0131. Sene ba\u015f\u0131nda belirtti\u011fimiz \u00fczere bu y\u0131l ve \u00f6n\u00fcm\u00fczdeki y\u0131l toplam yat\u0131r\u0131m\u0131m\u0131z\u0131n neredeyse yar\u0131s\u0131 kadar bir yat\u0131r\u0131m\u0131 daha b\u00f6lgeye kazand\u0131raca\u011f\u0131z.\u201d<\/em> denildi.<\/p>","protected":false},"excerpt":{"rendered":"<p>Sorry, this entry is only available in Turkish. For the sake of viewer convenience, the content is shown below in the alternative language. You may click the link to switch the active language. Dicle Elektrik baz\u0131 sosyal medya organlar\u0131nda bilin\u00e7li ve yan\u0131lt\u0131c\u0131 olarak g\u00fcndeme getirilen da\u011f\u0131t\u0131m b\u00f6lgesinde genel bir enerji kesintisi yap\u0131ld\u0131\u011f\u0131 iddialar\u0131na y\u00f6nelik a\u00e7\u0131klama [&hellip;]<\/p>\n","protected":false},"author":1,"featured_media":187634,"comment_status":"open","ping_status":"open","sticky":false,"template":"","format":"standard","meta":[],"categories":[51,53],"tags":[12240,4546,113661,3833,113660,36234,113659,13289,113662],"views":28,"_links":{"self":[{"href":"https:\/\/www.enerjigazetesi.ist\/en\/wp-json\/wp\/v2\/posts\/187631"}],"collection":[{"href":"https:\/\/www.enerjigazetesi.ist\/en\/wp-json\/wp\/v2\/posts"}],"about":[{"href":"https:\/\/www.enerjigazetesi.ist\/en\/wp-json\/wp\/v2\/types\/post"}],"author":[{"embeddable":true,"href":"https:\/\/www.enerjigazetesi.ist\/en\/wp-json\/wp\/v2\/users\/1"}],"replies":[{"embeddable":true,"href":"https:\/\/www.enerjigazetesi.ist\/en\/wp-json\/wp\/v2\/comments?post=187631"}],"version-history":[{"count":0,"href":"https:\/\/www.enerjigazetesi.ist\/en\/wp-json\/wp\/v2\/posts\/187631\/revisions"}],"wp:featuredmedia":[{"embeddable":true,"href":"https:\/\/www.enerjigazetesi.ist\/en\/wp-json\/wp\/v2\/media\/187634"}],"wp:attachment":[{"href":"https:\/\/www.enerjigazetesi.ist\/en\/wp-json\/wp\/v2\/media?parent=187631"}],"wp:term":[{"taxonomy":"category","embeddable":true,"href":"https:\/\/www.enerjigazetesi.ist\/en\/wp-json\/wp\/v2\/categories?post=187631"},{"taxonomy":"post_tag","embeddable":true,"href":"https:\/\/www.enerjigazetesi.ist\/en\/wp-json\/wp\/v2\/tags?post=187631"}],"curies":[{"name":"wp","href":"https:\/\/api.w.org\/{rel}","templated":true}]}}