{"id":18761,"date":"2013-12-05T11:11:31","date_gmt":"2013-12-05T08:11:31","guid":{"rendered":"https:\/\/www.enerjigazetesi.ist\/?p=18761"},"modified":"2013-12-05T11:11:31","modified_gmt":"2013-12-05T08:11:31","slug":"japonya-g-kore-ve-cin-arasinda-nukleer-isbirligi-anlasmasi-yapildi","status":"publish","type":"post","link":"https:\/\/www.enerjigazetesi.ist\/en\/japonya-g-kore-ve-cin-arasinda-nukleer-isbirligi-anlasmasi-yapildi\/","title":{"rendered":"(Turkish) Japonya, G.Kore ve \u00c7in Aras\u0131nda N\u00fckleer \u0130\u015fbirli\u011fi Anla\u015fmas\u0131 Yap\u0131ld\u0131&#8230;"},"content":{"rendered":"<p class=\"qtranxs-available-languages-message qtranxs-available-languages-message-en\">Sorry, this entry is only available in <a href=\"https:\/\/www.enerjigazetesi.ist\/tr\/wp-json\/wp\/v2\/posts\/18761\" class=\"qtranxs-available-language-link qtranxs-available-language-link-tr\" title=\"Turkish\">Turkish<\/a>. For the sake of viewer convenience, the content is shown below in the alternative language. You may click the link to switch the active language.<\/p><p><strong>Japonya ve Koreli yetkililerin \u00c7ar\u015famba g\u00fcn\u00fc verdi\u011fi bilgiye g\u00f6re, Japonya, G\u00fcney Kore ve \u00c7in, b\u00f6lgede artan gerilime ra\u011fmen 2011 y\u0131l\u0131nda ya\u015fanan Fukushima-Daiichi kazas\u0131 gibi acil durumlarda h\u0131zla bilgi al\u0131\u015fveri\u015finde bulunacak n\u00fckleer bir g\u00fcvenlik a\u011f\u0131 kurulmas\u0131 konusunda anla\u015ft\u0131.<\/strong><\/p>\n<p>Japonya N\u00fckleer D\u00fczenleme Kurulu\u2019nun be\u015f delegesinden biri olan Kenzo Oshima, \u00fc\u00e7 \u00fclkenin \u00c7in\u2019de n\u00fckleer d\u00fczenleyicileri ve uzmanlar\u0131 aras\u0131nda yap\u0131lan bir toplant\u0131da taslak \u00fczerinde anla\u015fma sa\u011flad\u0131\u011f\u0131n\u0131 belirtti. \u00c7in\u2019in Guangdong eyaletinin Taishan kentindeki toplant\u0131ya Japonya N\u00fckleer D\u00fczenleme Kurulu\u2019nun yan\u0131nda G\u00fcney Kore N\u00fckleer G\u00fcvenlik Komisyonu ve \u00c7in Ulusal N\u00fckleer G\u00fcvenlik Y\u00f6netimi\u2019nden yetkililer de anla\u015fmay\u0131 imzalad\u0131.<\/p>\n<p>Oshima, \u201cBir kaza olmas\u0131 durumunda bu \u00fc\u00e7 kom\u015fu \u00fclke etkilenecektir. Bu nedenle her \u00fc\u00e7 \u00fclke de g\u00fcvenlik konusunda i\u015fbirli\u011fi yapmak \u00fczere temel prensipte anla\u015ft\u0131,\u201d dedi.<a href=\"https:\/\/www.enerjigazetesi.ist\/wp-content\/uploads\/2013\/03\/cin_nukleer_enerji.jpg\"><img loading=\"lazy\" class=\"alignleft size-medium wp-image-8204\" title=\"n\u00fckleer enerji\" src=\"https:\/\/www.enerjigazetesi.ist\/wp-content\/uploads\/2013\/03\/cin_nukleer_enerji-300x212.jpg\" alt=\"\" width=\"300\" height=\"212\" srcset=\"https:\/\/www.enerjigazetesi.ist\/wp-content\/uploads\/2013\/03\/cin_nukleer_enerji-300x212.jpg 300w, https:\/\/www.enerjigazetesi.ist\/wp-content\/uploads\/2013\/03\/cin_nukleer_enerji-70x50.jpg 70w, https:\/\/www.enerjigazetesi.ist\/wp-content\/uploads\/2013\/03\/cin_nukleer_enerji.jpg 488w\" sizes=\"(max-width: 300px) 100vw, 300px\" \/><\/a><\/p>\n<p>\u00c7in N\u00fckleer G\u00fcvenlik Uluslararas\u0131 \u0130\u015fbirli\u011fi B\u00f6l\u00fcm\u00fc\u2019nden telefonla ula\u015f\u0131lan bir yetkili toplant\u0131 ya da anla\u015fma konusunda bilgisi olmad\u0131\u011f\u0131n\u0131 belirtti. \u00c7in D\u0131\u015fi\u015fleri Bakanl\u0131\u011f\u0131\u2019ndan bir s\u00f6zc\u00fc de, \u00c7ar\u015famba g\u00fcn\u00fc ola\u011fan olarak ger\u00e7ekle\u015ftirilen bir bas\u0131n toplant\u0131s\u0131nda benzer \u015fekilde bilgisi olmad\u0131\u011f\u0131n\u0131 a\u00e7\u0131klad\u0131.<\/p>\n<p>Ge\u00e7en haftalarda \u00c7in\u2019in hem \u00c7in hem de Japonya taraf\u0131ndan \u00fczerinde hak iddia edilen adalar\u0131 da kapsayan bir b\u00f6lgeyi hava savunma te\u015fhis b\u00f6lgesi ilan etmesinin ard\u0131ndan \u00fclkeler aras\u0131nda gerilim artm\u0131\u015ft\u0131. Pekin ve Tokyo aras\u0131ndaki \u00fcst d\u00fczey g\u00f6r\u00fc\u015fmeler halen s\u00fcresiz olarak ask\u0131ya al\u0131nm\u0131\u015f durumda.<\/p>\n<p>Japonya N\u00fckleer D\u00fczenleme Kurulu Ba\u015fkan\u0131 Shunichi Tanaka, \u201cJaponya, \u00c7in ve G\u00fcney Kore aras\u0131nda i\u015fbirli\u011fi sa\u011flanmas\u0131 b\u00fcy\u00fck n\u00fckleer g\u00fc\u00e7ler olmalar\u0131 dolay\u0131s\u0131yla bir\u00e7ok a\u00e7\u0131dan \u00f6nemli,\u201d dedi.<\/p>\n<p>Anla\u015fma uyar\u0131nca her bir \u00fclkenin d\u00fczenleyicileri, di\u011fer iki \u00fclkedeki meslekta\u015flar\u0131na n\u00fckleer kazalar konusunda hem email hem de telefon vas\u0131tas\u0131yla, h\u0131zla bilgilendirmede bulunacak. Uluslararas\u0131 N\u00fckleer ve Radyolojik Olay \u00d6l\u00e7e\u011fi\u2019ne g\u00f6re 2. Seviye ya da \u00fczerinde oldu\u011fu belirlenenler ve ayr\u0131ca 1. Seviye kazalar anla\u015fmaya g\u00f6re bilgilendirmeye tabi olacak.<\/p>\n<p>Anla\u015fmaya g\u00f6re, \u00fc\u00e7 \u00fclke bilgi payla\u015f\u0131m\u0131 i\u00e7in h\u0131zla \u00f6zel email hesaplar\u0131 olu\u015fturacak, gelecekte ise buna video konferans altyap\u0131s\u0131 eklenebilecek.<\/p>\n<p>Kaza bilgilerinin payla\u015f\u0131lmas\u0131n\u0131n yan\u0131nda \u00fc\u00e7 \u00fclke s\u00fcrmekte olan g\u00fcvenlik planlar\u0131 gibi d\u00fczenli bilgilerde de payla\u015f\u0131mda bulunacak.<\/p>\n<p>Bu habere In-Soo Nam ve Wayne Ma da katk\u0131da bulunmu\u015ftur.<\/p>\n<p>Kaynak: <a href=\"http:\/\/enerjienstitusu.com\/2013\/12\/05\/japonya-g-kore-ve-cin-arasinda-nukleer-isbirligi-anlasmasi-yapildi\/\" target=\"_blank\">Enerji Enstit\u00fcs\u00fc<\/a><\/p>","protected":false},"excerpt":{"rendered":"<p>Sorry, this entry is only available in Turkish. For the sake of viewer convenience, the content is shown below in the alternative language. You may click the link to switch the active language.Japonya ve Koreli yetkililerin \u00c7ar\u015famba g\u00fcn\u00fc verdi\u011fi bilgiye g\u00f6re, Japonya, G\u00fcney Kore ve \u00c7in, b\u00f6lgede artan gerilime ra\u011fmen 2011 y\u0131l\u0131nda ya\u015fanan Fukushima-Daiichi kazas\u0131 [&hellip;]<\/p>\n","protected":false},"author":1,"featured_media":8204,"comment_status":"open","ping_status":"open","sticky":false,"template":"","format":"standard","meta":[],"categories":[53,43],"tags":[1768,886,63,67,1009,165,5363,10960,1547,10961,10962,71,21,9676],"views":761,"_links":{"self":[{"href":"https:\/\/www.enerjigazetesi.ist\/en\/wp-json\/wp\/v2\/posts\/18761"}],"collection":[{"href":"https:\/\/www.enerjigazetesi.ist\/en\/wp-json\/wp\/v2\/posts"}],"about":[{"href":"https:\/\/www.enerjigazetesi.ist\/en\/wp-json\/wp\/v2\/types\/post"}],"author":[{"embeddable":true,"href":"https:\/\/www.enerjigazetesi.ist\/en\/wp-json\/wp\/v2\/users\/1"}],"replies":[{"embeddable":true,"href":"https:\/\/www.enerjigazetesi.ist\/en\/wp-json\/wp\/v2\/comments?post=18761"}],"version-history":[{"count":1,"href":"https:\/\/www.enerjigazetesi.ist\/en\/wp-json\/wp\/v2\/posts\/18761\/revisions"}],"predecessor-version":[{"id":18762,"href":"https:\/\/www.enerjigazetesi.ist\/en\/wp-json\/wp\/v2\/posts\/18761\/revisions\/18762"}],"wp:featuredmedia":[{"embeddable":true,"href":"https:\/\/www.enerjigazetesi.ist\/en\/wp-json\/wp\/v2\/media\/8204"}],"wp:attachment":[{"href":"https:\/\/www.enerjigazetesi.ist\/en\/wp-json\/wp\/v2\/media?parent=18761"}],"wp:term":[{"taxonomy":"category","embeddable":true,"href":"https:\/\/www.enerjigazetesi.ist\/en\/wp-json\/wp\/v2\/categories?post=18761"},{"taxonomy":"post_tag","embeddable":true,"href":"https:\/\/www.enerjigazetesi.ist\/en\/wp-json\/wp\/v2\/tags?post=18761"}],"curies":[{"name":"wp","href":"https:\/\/api.w.org\/{rel}","templated":true}]}}