{"id":187504,"date":"2024-04-25T20:56:16","date_gmt":"2024-04-25T17:56:16","guid":{"rendered":"https:\/\/www.enerjigazetesi.ist\/?p=187504"},"modified":"2024-04-25T20:56:36","modified_gmt":"2024-04-25T17:56:36","slug":"tupras-23-nisani-12inci-kez-duzenledigi-cocuk-senligi-ile-kutladi","status":"publish","type":"post","link":"https:\/\/www.enerjigazetesi.ist\/en\/tupras-23-nisani-12inci-kez-duzenledigi-cocuk-senligi-ile-kutladi\/","title":{"rendered":"(Turkish) &#8217;T\u00fcpra\u015f&#8217; 23 Nisan&#8217;\u0131 12&#8217;inci Kez D\u00fczenledi\u011fi \u00c7ocuk \u015eenli\u011fi ile Kutlad\u0131"},"content":{"rendered":"<p class=\"qtranxs-available-languages-message qtranxs-available-languages-message-en\">Sorry, this entry is only available in <a href=\"https:\/\/www.enerjigazetesi.ist\/tr\/wp-json\/wp\/v2\/posts\/187504\" class=\"qtranxs-available-language-link qtranxs-available-language-link-tr\" title=\"Turkish\">Turkish<\/a>. For the sake of viewer convenience, the content is shown below in the alternative language. You may click the link to switch the active language.<\/p><p><\/p>\n<h2>\u201cEnerjimiz Gelece\u011fe\u201d slogan\u0131yla T\u00fcrkiye&#8217;nin enerjisini \u00fcretirken, toplumsal fayda odakl\u0131 projeleri de hayata ge\u00e7iren T\u00fcpra\u015f, T\u00fcrkiye Cumhuriyeti\u2019nin kurucusu B\u00fcy\u00fck \u00d6nder Mustafa Kemal Atat\u00fcrk\u2019\u00fcn \u00e7ocuklara arma\u011fan etti\u011fi 23 Nisan Ulusal Egemenlik ve \u00c7ocuk Bayram\u0131\u2019nda, geleneksel T\u00fcpra\u015f Batman Rafinerisi \u00c7ocuk \u015eenli\u011fi\u2019nin 12\u2019ncisini d\u00fczenledi.<\/h2>\n<p style=\"text-align: center;\"><img loading=\"lazy\" class=\"aligncenter wp-image-187506\" src=\"https:\/\/www.enerjigazetesi.ist\/wp-content\/uploads\/2024\/04\/tupras-23-nisani-12inci-kez-duzenledigi-cocuk-senligi-ile-kutladi.jpg\" alt=\"\" width=\"500\" height=\"280\" srcset=\"https:\/\/www.enerjigazetesi.ist\/wp-content\/uploads\/2024\/04\/tupras-23-nisani-12inci-kez-duzenledigi-cocuk-senligi-ile-kutladi.jpg 550w, https:\/\/www.enerjigazetesi.ist\/wp-content\/uploads\/2024\/04\/tupras-23-nisani-12inci-kez-duzenledigi-cocuk-senligi-ile-kutladi-300x168.jpg 300w, https:\/\/www.enerjigazetesi.ist\/wp-content\/uploads\/2024\/04\/tupras-23-nisani-12inci-kez-duzenledigi-cocuk-senligi-ile-kutladi-500x280.jpg 500w, https:\/\/www.enerjigazetesi.ist\/wp-content\/uploads\/2024\/04\/tupras-23-nisani-12inci-kez-duzenledigi-cocuk-senligi-ile-kutladi-80x45.jpg 80w\" sizes=\"(max-width: 500px) 100vw, 500px\" \/><\/p>\n<p><strong>T\u00fcpra\u015f Batman Sosyal Tesisleri<\/strong>&#8216;nde geni\u015f kat\u0131l\u0131ml\u0131 etkinliklerle kutlanan \u015fenlikte,\u00a0<strong>10<\/strong> \u00e7evre ilk\u00f6\u011fretim okulundan, <strong>7-11 ya\u015f<\/strong> aras\u0131 <strong>1.500\u2019\u00fc a\u015fk\u0131n \u00f6\u011frenci<\/strong> ve <strong>Batman Rafinerisi \u00e7al\u0131\u015fanlar\u0131n\u0131n \u00e7ocuklar\u0131<\/strong> bulu\u015ftu.<\/p>\n<p>Batman Valili\u011fi ve \u0130l Milli E\u011fitim M\u00fcd\u00fcrl\u00fc\u011f\u00fc i\u015f birli\u011fiyle ger\u00e7ekle\u015fen etkinlikte, Batman Valisi\u2019nin e\u015fi Dr. Ayten Canalp, Batman \u0130l Milli E\u011fitim M\u00fcd\u00fcr Yard\u0131mc\u0131s\u0131 Be\u015fir Tile\u011fi, Batman \u00dcniversitesi Rekt\u00f6r\u00fc Prof. Dr. \u0130dris Demir ve e\u015fi Zeynep Demir ile T\u00fcpra\u015f y\u00f6netimi haz\u0131r bulundu.<\/p>\n<p>Organizasyonda <strong>a\u011f\u0131rl\u0131kl\u0131 Batman&#8217;dan<\/strong> olmak \u00fczere <strong>\u0130zmit, \u0130zmir, K\u0131r\u0131kkale<\/strong> rafinerilerinden gelen <strong>70 ki\u015filik<\/strong> T\u00fcpra\u015f g\u00f6n\u00fcll\u00fc ekibine<strong> 70 \u00f6\u011fretmen<\/strong> e\u015flik etti. Etkinlik s\u00fcrecinde \u00e7ocuklar okullar\u0131ndan \u00f6\u011fretmenleri ve T\u00fcpra\u015f g\u00f6n\u00fcllerinin rehberli\u011finde al\u0131narak, T\u00fcpra\u015f Batman Rafinerisi sosyal tesislerindeki e\u011flence alan\u0131na getirildi ve ayn\u0131 \u015fekilde, g\u00fcn sonunda okullar\u0131na teslim edildi.<\/p>\n<p>Ko\u00e7 Toplulu\u011fu b\u00fcnyesindeki ba\u015far\u0131l\u0131 projelerin belirlendi\u011fi<strong> &#8220;En Ba\u015far\u0131l\u0131 Ko\u00e7lular&#8221;<\/strong>da da <strong>\u00f6d\u00fcl alan toplumsal geli\u015fim projelerinden<\/strong> biri olan etkinlik, Batman Valili\u011fi&#8217;ni, \u0130l Milli E\u011fitim M\u00fcd\u00fcrl\u00fc\u011f\u00fc\u2019n\u00fc, \u00e7evre okul y\u00f6netici ve \u00f6\u011fretmenlerini, sivil toplum kurulu\u015flar\u0131n\u0131, T\u00fcpra\u015f g\u00f6n\u00fcllerini ve ailelerini bulu\u015fturan g\u00fc\u00e7l\u00fc bir i\u015f birli\u011fi \u00f6rne\u011fi olu\u015fturuyor.<\/p>\n<h3><strong>23 Nisan Batman \u00c7ocuk \u015eenliklerinde Bug\u00fcne Dek 25 Bine Yak\u0131n \u00c7ocu\u011fa Ula\u015f\u0131ld\u0131<\/strong><\/h3>\n<p>T\u00fcpra\u015f\u2019\u0131n ilk g\u00fcnden bu yana b\u00fcy\u00fck bir titizlikle ger\u00e7ekle\u015ftirdi\u011fi toplumsal geli\u015fim projelerinden biri olan 23 Nisan Batman \u00c7ocuk \u015eenli\u011fi, uzun y\u0131llard\u0131r Batman halk\u0131yla b\u00fct\u00fcnle\u015fen bir etkinlik haline geldi. \u00c7evre okullardan \u00f6\u011frencileri ve rafineri \u00e7al\u0131\u015fanlar\u0131n\u0131n \u00e7ocuklar\u0131n\u0131 a\u011f\u0131rlayan \u015fenliklerde bug\u00fcne dek 25 bine yak\u0131n \u00e7ocuk misafir edildi.<\/p>\n<h3><strong>\u00c7ocuklar T\u00fcpra\u015f Tesislerinde Kurulan Oyun Parklar\u0131nda Animat\u00f6rler ve Sahne \u015eovlar\u0131 ile Keyifli Saatler Ge\u00e7irdi<\/strong><\/h3>\n<p>T\u00fcpra\u015f Batman Rafinerisi Tesislerinde kurulan, animat\u00f6rlerin \u00e7e\u015fitli etkinlik ve sahne g\u00f6sterileri sergiledi\u011fi \u015fenlik meydan\u0131nda \u00e7ocuklar, birbirinden keyifli oyuncaklarla ve ikramlarla doyas\u0131yla e\u011flendikleri bir g\u00fcn ge\u00e7irdiler. <strong>23 Nisan\u2019a \u00f6zel olarak tasarlanan, Atat\u00fcrk\u2019le birlikte hat\u0131ra foto\u011fraf\u0131 \u00e7ekimiyle de g\u00fcn\u00fc \u00f6l\u00fcms\u00fczle\u015ftirdiler.<\/strong><\/p>\n<p>23 Nisan \u00c7ocuk \u015eenlikleri, Batman rafinerisinde b\u00f6lge halk\u0131n\u0131n geni\u015f kat\u0131l\u0131m\u0131yla kutlan\u0131rken; ayr\u0131ca <strong>\u0130zmit, K\u0131r\u0131kkale ve \u0130zmir<\/strong> rafinerilerindeki <strong>T\u00fcpra\u015f tesislerinde de \u00e7al\u0131\u015fanlar\u0131n \u00e7ocuklar\u0131na<\/strong> y\u00f6nelik <strong>\u00e7e\u015fitli aktiviteler<\/strong> d\u00fczenleniyor.<\/p>\n<p>T\u00fcpra\u015f, insan odakl\u0131, toplumsal fayday\u0131 b\u00fcy\u00fctmeyi hedefleyen bak\u0131\u015f a\u00e7\u0131s\u0131yla \u00fcretim ger\u00e7ekle\u015ftirdi\u011fi b\u00f6lgelerde kal\u0131c\u0131 de\u011fer yaratmaya odaklan\u0131rken, <strong>sosyal dayan\u0131\u015fmay\u0131<\/strong> ve<strong> k\u00fclt\u00fcrel geli\u015fimi de desteklemeye<\/strong> devam edecek.<\/p>","protected":false},"excerpt":{"rendered":"<p>Sorry, this entry is only available in Turkish. For the sake of viewer convenience, the content is shown below in the alternative language. You may click the link to switch the active language. \u201cEnerjimiz Gelece\u011fe\u201d slogan\u0131yla T\u00fcrkiye&#8217;nin enerjisini \u00fcretirken, toplumsal fayda odakl\u0131 projeleri de hayata ge\u00e7iren T\u00fcpra\u015f, T\u00fcrkiye Cumhuriyeti\u2019nin kurucusu B\u00fcy\u00fck \u00d6nder Mustafa Kemal Atat\u00fcrk\u2019\u00fcn [&hellip;]<\/p>\n","protected":false},"author":1,"featured_media":187506,"comment_status":"open","ping_status":"open","sticky":false,"template":"","format":"standard","meta":[],"categories":[53,44],"tags":[33851,113616,1000,27217,113617,113615],"views":36,"_links":{"self":[{"href":"https:\/\/www.enerjigazetesi.ist\/en\/wp-json\/wp\/v2\/posts\/187504"}],"collection":[{"href":"https:\/\/www.enerjigazetesi.ist\/en\/wp-json\/wp\/v2\/posts"}],"about":[{"href":"https:\/\/www.enerjigazetesi.ist\/en\/wp-json\/wp\/v2\/types\/post"}],"author":[{"embeddable":true,"href":"https:\/\/www.enerjigazetesi.ist\/en\/wp-json\/wp\/v2\/users\/1"}],"replies":[{"embeddable":true,"href":"https:\/\/www.enerjigazetesi.ist\/en\/wp-json\/wp\/v2\/comments?post=187504"}],"version-history":[{"count":0,"href":"https:\/\/www.enerjigazetesi.ist\/en\/wp-json\/wp\/v2\/posts\/187504\/revisions"}],"wp:featuredmedia":[{"embeddable":true,"href":"https:\/\/www.enerjigazetesi.ist\/en\/wp-json\/wp\/v2\/media\/187506"}],"wp:attachment":[{"href":"https:\/\/www.enerjigazetesi.ist\/en\/wp-json\/wp\/v2\/media?parent=187504"}],"wp:term":[{"taxonomy":"category","embeddable":true,"href":"https:\/\/www.enerjigazetesi.ist\/en\/wp-json\/wp\/v2\/categories?post=187504"},{"taxonomy":"post_tag","embeddable":true,"href":"https:\/\/www.enerjigazetesi.ist\/en\/wp-json\/wp\/v2\/tags?post=187504"}],"curies":[{"name":"wp","href":"https:\/\/api.w.org\/{rel}","templated":true}]}}