{"id":18745,"date":"2013-12-04T18:14:40","date_gmt":"2013-12-04T15:14:40","guid":{"rendered":"https:\/\/www.enerjigazetesi.ist\/?p=18745"},"modified":"2013-12-04T18:14:40","modified_gmt":"2013-12-04T15:14:40","slug":"turkiyede-enerji-verimliligi-bilgi-seviyesi-dusuk","status":"publish","type":"post","link":"https:\/\/www.enerjigazetesi.ist\/en\/turkiyede-enerji-verimliligi-bilgi-seviyesi-dusuk\/","title":{"rendered":"(Turkish) T\u00fcrkiye\u2019de Enerji Verimlili\u011fi Bilgi Seviyesi D\u00fc\u015f\u00fck!"},"content":{"rendered":"<p class=\"qtranxs-available-languages-message qtranxs-available-languages-message-en\">Sorry, this entry is only available in <a href=\"https:\/\/www.enerjigazetesi.ist\/tr\/wp-json\/wp\/v2\/posts\/18745\" class=\"qtranxs-available-language-link qtranxs-available-language-link-tr\" title=\"Turkish\">Turkish<\/a>. For the sake of viewer convenience, the content is shown below in the alternative language. You may click the link to switch the active language.<\/p><p><strong>Enerji Verimlili\u011fi ve Binalarda Is\u0131 Yal\u0131t\u0131m\u0131 T\u00fcketici Alg\u0131 Ara\u015ft\u0131rmas\u0131 sonu\u00e7lar\u0131na g\u00f6re T\u00fcrkiye\u2019de enerji verimlili\u011fi bilgi seviyesi d\u00fc\u015f\u00fck. Filli Boya Yal\u0131t\u0131m\u2019\u0131n deste\u011fi ile S\u00fcrd\u00fcr\u00fclebilirlik Akademisi taraf\u0131ndan ger\u00e7ekle\u015ftirilen \u201cEnerji Verimlili\u011fi ve Binalarda Is\u0131 Yal\u0131t\u0131m\u0131 T\u00fcketici Alg\u0131 Ara\u015ft\u0131rmas\u0131\u201d sonu\u00e7lar\u0131 d\u00fczenlenen bir bas\u0131n toplant\u0131s\u0131yla a\u00e7\u0131kland\u0131.<\/strong><\/p>\n<p>T\u00fcrkiye\u2019de t\u00fcketicinin enerji verimlili\u011fi ve binalarda \u0131s\u0131 yal\u0131t\u0131m\u0131 ili\u015fkisini nas\u0131l alg\u0131lad\u0131\u011f\u0131n\u0131, beklentilerinin neler oldu\u011funu ortaya koyan\u201cEnerji Verimlili\u011fi ve Binalarda Is\u0131 Yal\u0131t\u0131m\u0131 T\u00fcketici Alg\u0131 Ara\u015ft\u0131rmas\u0131\u201d yal\u0131t\u0131m sekt\u00f6r\u00fc i\u00e7in \u00e7arp\u0131c\u0131 sonu\u00e7lar i\u00e7eriyor. Ara\u015ft\u0131rmaya g\u00f6re 10 ki\u015fiden 9\u2019u \u0131s\u0131 yal\u0131t\u0131m\u0131n\u0131 konutta \u00e7ok \u00f6nemli olarak tan\u0131ml\u0131yor. Is\u0131 yal\u0131t\u0131m\u0131 para ve enerji tasarrufu sa\u011flad\u0131\u011f\u0131 i\u00e7in \u00f6nemli olarak de\u011ferlendiriliyor. Ancak sadece d\u00f6rt ki\u015fiden biri \u0131s\u0131 yal\u0131t\u0131m\u0131n\u0131n enerji verimlili\u011fi i\u00e7in \u00f6nemli oldu\u011funu d\u00fc\u015f\u00fcn\u00fcyor.<\/p>\n<p><strong>T\u00dcKET\u0130C\u0130LER ENERJ\u0130 FATURALARINI ARTTIRAN EN \u00d6NEML\u0130 NEDEN\u0130N ELEKTR\u0130KL\u0130 EV E\u015eYALARI OLDU\u011eUNU D\u00dc\u015e\u00dcN\u00dcYOR<\/strong><br \/>\nAra\u015ft\u0131rman\u0131n \u00e7arp\u0131c\u0131 sonu\u00e7lar\u0131ndan bir di\u011feri ise, t\u00fcketicilerin \u0131s\u0131 yal\u0131t\u0131m\u0131n\u0131n enerji faturalar\u0131na olan etkisi ile ilgili alg\u0131lar\u0131. T\u00fcketiciler ger\u00e7ek verilerin tersine enerji faturalar\u0131n\u0131 artt\u0131ran en \u00f6nemli nedenin elektrikli ev e\u015fyalar\u0131 oldu\u011funu d\u00fc\u015f\u00fcn\u00fcyorlar. Di\u011fer bir deyi\u015fle ara\u015ft\u0131rma, bireylerin konutlarda enerji faturalar\u0131n\u0131 elektrikli ev aletleri ve beyaz e\u015fyan\u0131n artt\u0131rd\u0131\u011f\u0131n\u0131 d\u00fc\u015f\u00fcnd\u00fcklerini, \u0131s\u0131 yal\u0131t\u0131m\u0131n\u0131n ise t\u00fcketiciler i\u00e7in b\u00fcy\u00fck \u00f6l\u00e7\u00fcde tasarruf ve konfor sa\u011flad\u0131\u011f\u0131n\u0131 ortaya k<a href=\"https:\/\/www.enerjigazetesi.ist\/wp-content\/uploads\/2013\/12\/turkiyede-enerji-verimliligi-bilgi-seviyesi-dusuk.jpg\"><img loading=\"lazy\" class=\"alignright size-medium wp-image-18746\" title=\"turkiyede-enerji-verimliligi-bilgi-seviyesi-dusuk\" src=\"https:\/\/www.enerjigazetesi.ist\/wp-content\/uploads\/2013\/12\/turkiyede-enerji-verimliligi-bilgi-seviyesi-dusuk-300x200.jpg\" alt=\"\" width=\"300\" height=\"200\" srcset=\"https:\/\/www.enerjigazetesi.ist\/wp-content\/uploads\/2013\/12\/turkiyede-enerji-verimliligi-bilgi-seviyesi-dusuk-300x200.jpg 300w, https:\/\/www.enerjigazetesi.ist\/wp-content\/uploads\/2013\/12\/turkiyede-enerji-verimliligi-bilgi-seviyesi-dusuk-74x50.jpg 74w, https:\/\/www.enerjigazetesi.ist\/wp-content\/uploads\/2013\/12\/turkiyede-enerji-verimliligi-bilgi-seviyesi-dusuk.jpg 448w\" sizes=\"(max-width: 300px) 100vw, 300px\" \/><\/a>oyuyor.<\/p>\n<p><strong>T\u00dcRK\u0130YE\u2019DE ENERJ\u0130 VER\u0130ML\u0130\u011e\u0130NE Y\u00d6NEL\u0130K B\u0130LG\u0130 SEV\u0130YES\u0130 D\u00dc\u015e\u00dcK<\/strong><br \/>\nAra\u015ft\u0131rma sonu\u00e7lar\u0131na g\u00f6re T\u00fcrkiye\u2019de her \u00fc\u00e7 ki\u015fiden biri enerji verimlili\u011fi i\u00e7in ne yapmas\u0131 gerekti\u011fini, her iki ki\u015fiden biri ise enerji verimlili\u011fi ve \u0131s\u0131 yal\u0131t\u0131m\u0131 ili\u015fkisini bilmiyor. Bunlara ek olarak T\u00fcrkiye\u2019de \u0131s\u0131 yal\u0131t\u0131m\u0131na dair mevzuat\u0131n varl\u0131\u011f\u0131ndan haberdar oldu\u011funu belirten bireylerin say\u0131s\u0131 %40 oran\u0131nda. Bilgi seviyesinin d\u00fc\u015f\u00fck olmas\u0131n\u0131n nedeni bilgilendirmelerin yetersiz olmas\u0131 olarak de\u011ferlendiriliyor. T\u00fcrkiye\u2019nin %70\u2019i \u0131s\u0131 yal\u0131t\u0131m\u0131na dair en etkin bilgi kayna\u011f\u0131n\u0131 yak\u0131n \u00e7evre olarak de\u011ferlendiriyor.<\/p>\n<p><strong>ISI YALITIMI MANTOLAMA OLARAK ALGILANIYOR<\/strong><br \/>\nT\u00fcrkiye\u2019de iki bireyden biri \u0131s\u0131 yal\u0131t\u0131m\u0131n\u0131 mantolama olarak tan\u0131ml\u0131yor ve bireylerin %82\u2019si mantolamay\u0131 en etkili \u0131s\u0131 yal\u0131t\u0131m y\u00f6ntemi olarak de\u011ferlendiriyor. Konut sat\u0131n al\u0131m\u0131nda ise yaln\u0131zca d\u00f6rt ki\u015fiden biri bina yal\u0131t\u0131m\u0131na \u00f6nem veriyor. Bireyler i\u00e7in konutlar\u0131n konforlu olmas\u0131, konutta \u0131s\u0131 yal\u0131t\u0131m\u0131 olmas\u0131ndan daha \u00f6nemli. Yine, her iki ki\u015fiden biri \u0131s\u0131 yal\u0131t\u0131m\u0131na yap\u0131lan yat\u0131r\u0131m\u0131n 2 y\u0131l i\u00e7erisinde kendini finanse edece\u011fini belirtiyor. Ara\u015ft\u0131rma kapsam\u0131nda binas\u0131nda ve dairesinde \u0131s\u0131 yal\u0131t\u0131m\u0131 olan bireyler arkada\u015flar\u0131na ve \u00e7evresine \u0131s\u0131 yal\u0131t\u0131m\u0131n\u0131 tavsiye ediyor. Is\u0131 yal\u0131t\u0131ml\u0131 binalarda oturan bireylerin %74\u2019\u00fc elektrik faturalar\u0131nda %40\u2019tan daha fazla enerji tasarrufu yapt\u0131\u011f\u0131n\u0131 d\u00fc\u015f\u00fcn\u00fcyor<\/p>\n<p><strong>ISI YALITIMI KENTSEL D\u00d6N\u00dc\u015e\u00dcM\u00dcN G\u0130ZL\u0130 F\u0130NANSMAN KAYNA\u011eI OLAB\u0130L\u0130R<\/strong><br \/>\nAra\u015ft\u0131rma sonu\u00e7lar\u0131n\u0131n a\u00e7\u0131kland\u0131\u011f\u0131 bas\u0131n toplant\u0131s\u0131nda konu\u015fma yapan S\u00fcrd\u00fcr\u00fclebilirlik Akademisi Y\u00f6netim Kurulu Ba\u015fkan\u0131 Murat Sungur Bursa,\u201cCari a\u00e7\u0131\u011f\u0131m\u0131z\u0131n en \u00f6nemli kalemini olu\u015fturan enerji giderlerinin azalt\u0131lmas\u0131 ve s\u00fcrd\u00fcr\u00fclebilir gelecek i\u00e7in kaynak t\u00fcketimi ve bireylerin bilin\u00e7lendirilmesi \u00e7al\u0131\u015fmalar\u0131nda \u00f6nemli \u00f6l\u00e7\u00fcde yol g\u00f6sterece\u011fine ve y\u00f6n verece\u011fine inand\u0131\u011f\u0131m\u0131z ara\u015ft\u0131rmam\u0131z\u0131n sonu\u00e7lar\u0131n\u0131n kamu ve \u00f6zel sekt\u00f6r ile sivil toplum kurulu\u015flar\u0131n\u0131n \u00e7al\u0131\u015fmalar\u0131na \u00f6nemli katk\u0131lar\u0131n\u0131n olaca\u011f\u0131na inan\u0131yoruz. Binalardaki enerji t\u00fcketiminin toplam enerji t\u00fcketiminde \u00f6nemli bir paya sahip oldu\u011fu dikkate al\u0131nd\u0131\u011f\u0131nda, \u0131s\u0131 yal\u0131t\u0131m\u0131n\u0131n kentsel d\u00f6n\u00fc\u015f\u00fcm\u00fcn gizli finansman kayna\u011f\u0131 olabilece\u011fini s\u00f6yleyebiliriz.\u201d dedi.<\/p>\n<p><strong>UYGULANACAK Y\u00d6NTEMLER \u00dcLKE EKONOM\u0130S\u0130NE KATKI SA\u011eLAYACAK<\/strong><br \/>\nBetek Pazarlama Genel M\u00fcd\u00fcr Yard\u0131mc\u0131s\u0131 G\u00fclay Dindoruk yap\u0131lan ara\u015ft\u0131rmayla ilgili olarak:\u201cBizim i\u00e7in \u00f6nemli olan, pazar lideri olarak yapt\u0131\u011f\u0131m\u0131z i\u015ften memnuniyet duyanlar\u0131n olmas\u0131. Bu ara\u015ft\u0131rma sonucunda da g\u00f6r\u00fcyoruz ki \u0131s\u0131 yal\u0131t\u0131m\u0131 yapt\u0131ranlar\u0131n b\u00fcy\u00fck \u00e7o\u011funlu\u011fu \u00e7evresindeki insanlara \u0131s\u0131 yal\u0131t\u0131m\u0131n\u0131 tavsiye ediyor. Bu da i\u015fimizi iyi yapt\u0131\u011f\u0131m\u0131z\u0131 g\u00f6steriyor. Ara\u015ft\u0131rma sonucundan g\u00f6rd\u00fc\u011f\u00fcm\u00fcz di\u011fer bir sonu\u00e7 ise \u0131s\u0131 yal\u0131t\u0131m\u0131 yapt\u0131rmak isteyenlerin finansman kayna\u011f\u0131na ihtiya\u00e7 duymas\u0131. Burada hem devlete hem de bankac\u0131l\u0131k sekt\u00f6r\u00fcne \u00f6nemli i\u015fler d\u00fc\u015f\u00fcyor. Is\u0131 yal\u0131t\u0131m\u0131nda binalar\u0131n rol\u00fcn\u00fcn \u00e7ok \u00f6nemli oldu\u011funu biliyoruz. Bu sebeple de uygulanacak y\u00f6ntemlerin \u00fclke ekonomisine katk\u0131 sa\u011flayaca\u011f\u0131 \u015f\u00fcphesizdir.\u201cdedi.<\/p>\n<p>Kaynak: <a href=\"http:\/\/enerjigunlugu.net\/turkiyede-enerji-verimliligi-bilgi-seviyesi-dusuk_5924.html\" target=\"_blank\">Enerji G\u00fcnl\u00fc\u011f\u00fc<\/a><\/p>","protected":false},"excerpt":{"rendered":"<p>Sorry, this entry is only available in Turkish. For the sake of viewer convenience, the content is shown below in the alternative language. You may click the link to switch the active language.Enerji Verimlili\u011fi ve Binalarda Is\u0131 Yal\u0131t\u0131m\u0131 T\u00fcketici Alg\u0131 Ara\u015ft\u0131rmas\u0131 sonu\u00e7lar\u0131na g\u00f6re T\u00fcrkiye\u2019de enerji verimlili\u011fi bilgi seviyesi d\u00fc\u015f\u00fck. Filli Boya Yal\u0131t\u0131m\u2019\u0131n deste\u011fi ile S\u00fcrd\u00fcr\u00fclebilirlik [&hellip;]<\/p>\n","protected":false},"author":1,"featured_media":18746,"comment_status":"open","ping_status":"open","sticky":false,"template":"","format":"standard","meta":[],"categories":[53,52],"tags":[766,63,67,1009,165,12,9128,380,1423,10952,133],"views":760,"_links":{"self":[{"href":"https:\/\/www.enerjigazetesi.ist\/en\/wp-json\/wp\/v2\/posts\/18745"}],"collection":[{"href":"https:\/\/www.enerjigazetesi.ist\/en\/wp-json\/wp\/v2\/posts"}],"about":[{"href":"https:\/\/www.enerjigazetesi.ist\/en\/wp-json\/wp\/v2\/types\/post"}],"author":[{"embeddable":true,"href":"https:\/\/www.enerjigazetesi.ist\/en\/wp-json\/wp\/v2\/users\/1"}],"replies":[{"embeddable":true,"href":"https:\/\/www.enerjigazetesi.ist\/en\/wp-json\/wp\/v2\/comments?post=18745"}],"version-history":[{"count":2,"href":"https:\/\/www.enerjigazetesi.ist\/en\/wp-json\/wp\/v2\/posts\/18745\/revisions"}],"predecessor-version":[{"id":18748,"href":"https:\/\/www.enerjigazetesi.ist\/en\/wp-json\/wp\/v2\/posts\/18745\/revisions\/18748"}],"wp:featuredmedia":[{"embeddable":true,"href":"https:\/\/www.enerjigazetesi.ist\/en\/wp-json\/wp\/v2\/media\/18746"}],"wp:attachment":[{"href":"https:\/\/www.enerjigazetesi.ist\/en\/wp-json\/wp\/v2\/media?parent=18745"}],"wp:term":[{"taxonomy":"category","embeddable":true,"href":"https:\/\/www.enerjigazetesi.ist\/en\/wp-json\/wp\/v2\/categories?post=18745"},{"taxonomy":"post_tag","embeddable":true,"href":"https:\/\/www.enerjigazetesi.ist\/en\/wp-json\/wp\/v2\/tags?post=18745"}],"curies":[{"name":"wp","href":"https:\/\/api.w.org\/{rel}","templated":true}]}}