{"id":187383,"date":"2024-04-23T17:41:25","date_gmt":"2024-04-23T14:41:25","guid":{"rendered":"https:\/\/www.enerjigazetesi.ist\/?p=187383"},"modified":"2024-04-23T17:41:40","modified_gmt":"2024-04-23T14:41:40","slug":"pepsico-turkiye-dunya-gununde-surdurulebilirlik-calismalarini-acikladi","status":"publish","type":"post","link":"https:\/\/www.enerjigazetesi.ist\/en\/pepsico-turkiye-dunya-gununde-surdurulebilirlik-calismalarini-acikladi\/","title":{"rendered":"(Turkish) &#8217;PepsiCo T\u00fcrkiye&#8217; D\u00fcnya G\u00fcn\u00fc\u2019nde S\u00fcrd\u00fcr\u00fclebilirlik \u00c7al\u0131\u015fmalar\u0131n\u0131 A\u00e7\u0131klad\u0131"},"content":{"rendered":"<p class=\"qtranxs-available-languages-message qtranxs-available-languages-message-en\">Sorry, this entry is only available in <a href=\"https:\/\/www.enerjigazetesi.ist\/tr\/wp-json\/wp\/v2\/posts\/187383\" class=\"qtranxs-available-language-link qtranxs-available-language-link-tr\" title=\"Turkish\">Turkish<\/a>. For the sake of viewer convenience, the content is shown below in the alternative language. You may click the link to switch the active language.<\/p><p><\/p>\n<h2>Uzun y\u0131llard\u0131r s\u00fcrd\u00fcr\u00fclebilirli\u011fi en temel odak alanlar\u0131ndan biri olarak g\u00f6ren ve t\u00fcm ekosistemin s\u00fcrd\u00fcr\u00fclebilir olmas\u0131 hedefiyle \u00e7al\u0131\u015fan d\u00fcnyan\u0131n en b\u00fcy\u00fck yiyecek ve i\u00e7ecek \u015firketlerinden PepsiCo, Birle\u015fmi\u015f Milletler S\u00fcrd\u00fcr\u00fclebilir Kalk\u0131nma Ama\u00e7lar\u0131n\u0131 rehber alarak daha ya\u015fanabilir bir d\u00fcnyan\u0131n in\u015fas\u0131na katk\u0131 sa\u011flamak i\u00e7in \u00e7al\u0131\u015f\u0131yor.<\/h2>\n<p>Bu konuda hayata ge\u00e7irdi\u011fi projelerle PepsiCo global i\u00e7erisinde dikkat \u00e7eken ve<strong> iklim de\u011fi\u015fikli\u011fi ile m\u00fccadele<\/strong> konular\u0131nda bir\u00e7ok ilke imza atan <strong>PepsiCo T\u00fcrkiye<\/strong>, bu konudaki \u00e7al\u0131\u015fmalar\u0131n\u0131 g\u00fc\u00e7lendirmeye devam ediyor. PepsiCo T\u00fcrkiye bu \u00e7abas\u0131n\u0131 \u00f6zellikle 2021\u2019de a\u00e7\u0131klad\u0131\u011f\u0131 u\u00e7tan uca stratejik bir d\u00f6n\u00fc\u015f\u00fcm vizyonunu i\u00e7eren pep+ ile bir i\u015f stratejisine d\u00f6n\u00fc\u015ft\u00fcrd\u00fc. PepsiCo T\u00fcrkiye pep+ stratejisinin \u00fc\u00e7 temel bile\u015feninden biri olan<strong>\u00a0<\/strong><strong>\u201cPozitif De\u011fer Zinciri\u201d<\/strong>\u00a0ba\u015fl\u0131\u011f\u0131 alt\u0131nda<strong> net-s\u0131f\u0131r emisyona ula\u015fma<\/strong>, <strong>net su pozitif \u015firket olma<\/strong> ve <strong>ambalaj s\u00fcrd\u00fcr\u00fclebilirli\u011fini iyile\u015ftirme<\/strong> y\u00f6n\u00fcndeki \u00e7al\u0131\u015fmalar\u0131n\u0131 g\u00fc\u00e7lendiriyor. Bu kapsamda <strong>yenilenebilir enerji kullan\u0131m\u0131, su verimlili\u011fi, geri d\u00f6n\u00fc\u015ft\u00fcr\u00fclm\u00fc\u015f PET kullan\u0131m\u0131<\/strong> gibi projelerine odaklanmaya devam ediyor.<\/p>\n<p><strong>22\u00a0Nisan D\u00fcnya G\u00fcn\u00fc<\/strong> kapsam\u0131nda PepsiCo\u2019nun s\u00fcrd\u00fcr\u00fclebilirlik ve iklim de\u011fi\u015fikli\u011fi ile m\u00fccadele \u00e7al\u0131\u015fmalar\u0131na de\u011finen\u00a0<strong>PepsiCo T\u00fcrkiye, Kurumsal \u0130li\u015fkiler K\u0131demli Direkt\u00f6r\u00fc ve <img loading=\"lazy\" class=\"alignright wp-image-187385\" src=\"https:\/\/www.enerjigazetesi.ist\/wp-content\/uploads\/2024\/04\/pepsico-turkiye-dunya-gununde-surdurulebilirlik-calismalarini-acikladi.jpg\" alt=\"\" width=\"320\" height=\"288\" srcset=\"https:\/\/www.enerjigazetesi.ist\/wp-content\/uploads\/2024\/04\/pepsico-turkiye-dunya-gununde-surdurulebilirlik-calismalarini-acikladi.jpg 533w, https:\/\/www.enerjigazetesi.ist\/wp-content\/uploads\/2024\/04\/pepsico-turkiye-dunya-gununde-surdurulebilirlik-calismalarini-acikladi-300x270.jpg 300w, https:\/\/www.enerjigazetesi.ist\/wp-content\/uploads\/2024\/04\/pepsico-turkiye-dunya-gununde-surdurulebilirlik-calismalarini-acikladi-444x400.jpg 444w, https:\/\/www.enerjigazetesi.ist\/wp-content\/uploads\/2024\/04\/pepsico-turkiye-dunya-gununde-surdurulebilirlik-calismalarini-acikladi-56x50.jpg 56w, https:\/\/www.enerjigazetesi.ist\/wp-content\/uploads\/2024\/04\/pepsico-turkiye-dunya-gununde-surdurulebilirlik-calismalarini-acikladi-500x450.jpg 500w\" sizes=\"(max-width: 320px) 100vw, 320px\" \/>S\u00fcrd\u00fcr\u00fclebilirlik Lideri Esra \u0130ren<\/strong>,\u00a0<em>\u201cS\u00fcrd\u00fcr\u00fclebilir bir g\u0131da sistemi i\u00e7in PepsiCo Pozitif (pep+) ile gezegen limitleri i\u00e7inde \u00e7al\u0131\u015f\u0131rken, d\u00fcnyam\u0131z ve insanlar i\u00e7in olumlu bir de\u011fi\u015fime ilham vererek; t\u00fcm payda\u015flar i\u00e7in de\u011fer yaratacak bir yakla\u015f\u0131mla \u00e7al\u0131\u015f\u0131yoruz. PepsiCo Pozitif stratejimizin \u00fc\u00e7 temel bile\u015feninden biri olan Pozitif De\u011fer Zinciri kapsam\u0131nda karbon emisyonunu azaltmaya y\u00f6nelik yat\u0131r\u0131mlara b\u00fcy\u00fck bir \u00f6nem veriyoruz. \u201cPozitif De\u011fer\u201d diye tan\u0131mlad\u0131\u011f\u0131m\u0131z ba\u015fl\u0131k alt\u0131nda \u201cS\u0131f\u0131r Emisyon\u201d, \u201cNet Su Pozitif Hedefi\u201d ve \u201cS\u00fcrd\u00fcr\u00fclebilir Ambalaj\u201d ba\u015fta olmak \u00fczere bir\u00e7ok konuda yapt\u0131\u011f\u0131m\u0131z \u00e7al\u0131\u015fmalarla d\u00f6ng\u00fcsel ve kapsay\u0131c\u0131 bir ekonomi olu\u015fturmaya yard\u0131mc\u0131 olmak \u00fczere \u00e7al\u0131\u015f\u0131yoruz.PepsiCo mutlak sera gaz\u0131 emisyonunu<strong>2015&#8217;e k\u0131yasla 2030&#8217;da %40<\/strong> azaltmay\u0131, 2040 y\u0131l\u0131na kadar net s\u0131f\u0131r emisyon elde etmeyi taahh\u00fct ediyor. Biz de PepsiCo T\u00fcrkiye olarak yapt\u0131\u011f\u0131m\u0131z yat\u0131r\u0131mlarla bu global taahh\u00fctlere g\u00fc\u00e7l\u00fc bir katk\u0131 sa\u011fl\u0131yoruz\u201d<\/em> dedi.<\/p>\n<h3><strong>\u201cPepsiCo T\u00fcrkiye Olarak, S\u00fcrd\u00fcr\u00fclebilir Bir G\u0131da Sistemi \u0130n\u015fa Etmek ve \u0130klim De\u011fi\u015fikli\u011finin Etkilerini Hafifletmek \u0130\u00e7in \u00c7al\u0131\u015fmaya Devam Ediyoruz\u201d<\/strong><\/h3>\n<p>Yenilenebilir enerjiye yapt\u0131\u011f\u0131 yat\u0131r\u0131mlarla, PepsiCo i\u00e7erisinde t\u00fcm d\u00fcnyada <strong>%100 yenilenebilir elektrik<\/strong> hedefine ula\u015fan ilk \u00fclkelerden biri olduklar\u0131n\u0131 s\u00f6yleyen <em><strong>\u0130ren<\/strong><\/em>, <em>\u201cFabrikalar\u0131m\u0131z\u0131n elektrik ihtiyac\u0131n\u0131n <strong>%40\u2019\u0131n\u0131<\/strong> <strong>Organik At\u0131k \u0130\u015fleme Tesislerimizde<\/strong> \u00fcretti\u011fimiz <strong>elektrik<\/strong> ve <strong>g\u00fcne\u015f enerjisi yat\u0131r\u0131mlar\u0131m\u0131zla<\/strong> kar\u015f\u0131l\u0131yoruz. <strong>Manisa ve \u0130zmir fabrikalar\u0131m\u0131zda<\/strong> bu oran <strong>60%<\/strong> \u00fczerine \u00e7\u0131kar\u0131yoruz. Elektrik ihtiyac\u0131m\u0131z\u0131n geri kalan k\u0131sm\u0131n\u0131 <strong>yenilenebilir elektrik tedariki<\/strong> sa\u011flayan \u015firketlerden temin ediyoruz. <strong>S\u00fcrd\u00fcr\u00fclebilir Ambalaj<\/strong> konusunda da bug\u00fcne kadar ciddi aksiyonlar ald\u0131k. \u015eu anda geri d\u00f6n\u00fc\u015ft\u00fcr\u00fclm\u00fc\u015f PET kullan\u0131m\u0131nda lider firmalardan\u0131z. Fabrikalar\u0131m\u0131zda<strong> su verimlili\u011fini art\u0131rmak<\/strong> \u00fczere bir\u00e7ok \u00e7al\u0131\u015fma yap\u0131yoruz. \u00d6rne\u011fin<strong> Manisa Fabrikam\u0131z\u0131n<\/strong> a\u00e7\u0131ld\u0131\u011f\u0131 <strong>2018 y\u0131l\u0131ndan bu yana<\/strong> yapt\u0131\u011f\u0131m\u0131z \u00e7ok say\u0131da proje ile fabrikam\u0131zda kilogram ba\u015f\u0131na t\u00fcketti\u011fimiz suyu <strong>%45<\/strong>\u00a0oran\u0131nda azaltmay\u0131 ba\u015fard\u0131k. Bununla birlikte <strong>su verimlili\u011fi<\/strong> i\u00e7in bir\u00e7ok yenilik\u00e7i proje \u00fcretmeye de devam ediyoruz. PepsiCo T\u00fcrkiye olarak bu global hedeflerimizin bir yans\u0131mas\u0131 olarak son olarak Manisa Fabrikam\u0131zda hayata ge\u00e7irdi\u011fimiz, T\u00fcrkiye\u2019de bir ilk olan <strong>Biyometanizasyon Tesisi<\/strong> ile <strong>organik at\u0131klardan biyometan gaz\u0131 \u00fcretmeyi<\/strong> ba\u015flad\u0131k. Biyometanizasyon Tesisi ile hem evlerde, i\u015fyerlerinde kullan\u0131lan <strong>do\u011fal gaz\u0131n yerine ge\u00e7ebilecek daha verimli biyometan gaz\u0131<\/strong> \u00fcreterek hem karbon sal\u0131m\u0131n\u0131 d\u00fc\u015f\u00fcrecek yenilik\u00e7i bir i\u015fe imza atm\u0131\u015f hem de enerji t\u00fcketiminde do\u011fal kaynaklar\u0131n kullan\u0131m\u0131n\u0131 azaltmay\u0131 ba\u015farm\u0131\u015f olaca\u011f\u0131z. PepsiCo T\u00fcrkiye olarak, s\u00fcrd\u00fcr\u00fclebilir bir g\u0131da sistemi in\u015fa etmek, d\u00fcnyan\u0131n yenilenmesine yard\u0131mc\u0131 olmak, iklim de\u011fi\u015fikli\u011finin etkilerini hafifletmek amac\u0131yla \u00e7al\u0131\u015fmalar\u0131m\u0131za devam edece\u011fiz\u201d<\/em> dedi.<\/p>","protected":false},"excerpt":{"rendered":"<p>Sorry, this entry is only available in Turkish. For the sake of viewer convenience, the content is shown below in the alternative language. You may click the link to switch the active language. Uzun y\u0131llard\u0131r s\u00fcrd\u00fcr\u00fclebilirli\u011fi en temel odak alanlar\u0131ndan biri olarak g\u00f6ren ve t\u00fcm ekosistemin s\u00fcrd\u00fcr\u00fclebilir olmas\u0131 hedefiyle \u00e7al\u0131\u015fan d\u00fcnyan\u0131n en b\u00fcy\u00fck yiyecek ve [&hellip;]<\/p>\n","protected":false},"author":1,"featured_media":187385,"comment_status":"open","ping_status":"open","sticky":false,"template":"","format":"standard","meta":[],"categories":[51,53],"tags":[4697,57885,28223,30324,101237,6379],"views":39,"_links":{"self":[{"href":"https:\/\/www.enerjigazetesi.ist\/en\/wp-json\/wp\/v2\/posts\/187383"}],"collection":[{"href":"https:\/\/www.enerjigazetesi.ist\/en\/wp-json\/wp\/v2\/posts"}],"about":[{"href":"https:\/\/www.enerjigazetesi.ist\/en\/wp-json\/wp\/v2\/types\/post"}],"author":[{"embeddable":true,"href":"https:\/\/www.enerjigazetesi.ist\/en\/wp-json\/wp\/v2\/users\/1"}],"replies":[{"embeddable":true,"href":"https:\/\/www.enerjigazetesi.ist\/en\/wp-json\/wp\/v2\/comments?post=187383"}],"version-history":[{"count":0,"href":"https:\/\/www.enerjigazetesi.ist\/en\/wp-json\/wp\/v2\/posts\/187383\/revisions"}],"wp:featuredmedia":[{"embeddable":true,"href":"https:\/\/www.enerjigazetesi.ist\/en\/wp-json\/wp\/v2\/media\/187385"}],"wp:attachment":[{"href":"https:\/\/www.enerjigazetesi.ist\/en\/wp-json\/wp\/v2\/media?parent=187383"}],"wp:term":[{"taxonomy":"category","embeddable":true,"href":"https:\/\/www.enerjigazetesi.ist\/en\/wp-json\/wp\/v2\/categories?post=187383"},{"taxonomy":"post_tag","embeddable":true,"href":"https:\/\/www.enerjigazetesi.ist\/en\/wp-json\/wp\/v2\/tags?post=187383"}],"curies":[{"name":"wp","href":"https:\/\/api.w.org\/{rel}","templated":true}]}}