{"id":187322,"date":"2024-04-22T18:17:15","date_gmt":"2024-04-22T15:17:15","guid":{"rendered":"https:\/\/www.enerjigazetesi.ist\/?p=187322"},"modified":"2024-04-22T18:17:32","modified_gmt":"2024-04-22T15:17:32","slug":"ode-yalitim-2023-yilinin-ihracat-sampiyonu-oldu","status":"publish","type":"post","link":"https:\/\/www.enerjigazetesi.ist\/en\/ode-yalitim-2023-yilinin-ihracat-sampiyonu-oldu\/","title":{"rendered":"(Turkish) &#8217;ODE Yal\u0131t\u0131m&#8217; 2023 Y\u0131l\u0131n\u0131n \u0130hracat \u015eampiyonu Oldu"},"content":{"rendered":"<p class=\"qtranxs-available-languages-message qtranxs-available-languages-message-en\">Sorry, this entry is only available in <a href=\"https:\/\/www.enerjigazetesi.ist\/tr\/wp-json\/wp\/v2\/posts\/187322\" class=\"qtranxs-available-language-link qtranxs-available-language-link-tr\" title=\"Turkish\">Turkish<\/a>. For the sake of viewer convenience, the content is shown below in the alternative language. You may click the link to switch the active language.<\/p><p><\/p>\n<h2><strong>Yal\u0131t\u0131m sekt\u00f6r\u00fcnde global bir marka olma vizyonuyla faaliyetlerini s\u00fcrd\u00fcren ODE Yal\u0131t\u0131m, \u0130klimlendirme Sanayi \u0130hracat\u00e7\u0131lar\u0131 Birli\u011fi (\u0130S\u0130B) taraf\u0131ndan d\u00fczenlenen 2023 Y\u0131l\u0131 \u0130hracat\u0131n Liderleri \u00d6d\u00fcl T\u00f6reni&#8217;nde \u201cYal\u0131t\u0131m Malzemeleri \u0130hracat\u0131\u201d kategorisinde birincilik \u00f6d\u00fcl\u00fcn\u00fcn sahibi oldu. <\/strong><\/h2>\n<p>Ayn\u0131 \u00f6d\u00fcl\u00fc 2022 y\u0131l\u0131nda da alan ODE Yal\u0131t\u0131m, b\u00f6ylece \u00fcst \u00fcste iki y\u0131l ihracat \u015fampiyonlu\u011funa imza att\u0131. T\u00fcrkiye&#8217;nin yal\u0131t\u0131m malzemeleri ihracat\u0131n\u0131n y\u00fczde 16&#8217;s\u0131n\u0131 \u00fcstlenerek \u00fclke ihracat\u0131na b\u00fcy\u00fck bir katk\u0131 <img loading=\"lazy\" class=\"alignright wp-image-187325 size-full\" src=\"https:\/\/www.enerjigazetesi.ist\/wp-content\/uploads\/2024\/04\/ode-yalitim-2023-yilinin-ihracat-sampiyonu-oldu-1.jpg\" alt=\"\" width=\"320\" height=\"480\" srcset=\"https:\/\/www.enerjigazetesi.ist\/wp-content\/uploads\/2024\/04\/ode-yalitim-2023-yilinin-ihracat-sampiyonu-oldu-1.jpg 320w, https:\/\/www.enerjigazetesi.ist\/wp-content\/uploads\/2024\/04\/ode-yalitim-2023-yilinin-ihracat-sampiyonu-oldu-1-200x300.jpg 200w, https:\/\/www.enerjigazetesi.ist\/wp-content\/uploads\/2024\/04\/ode-yalitim-2023-yilinin-ihracat-sampiyonu-oldu-1-267x400.jpg 267w, https:\/\/www.enerjigazetesi.ist\/wp-content\/uploads\/2024\/04\/ode-yalitim-2023-yilinin-ihracat-sampiyonu-oldu-1-33x50.jpg 33w\" sizes=\"(max-width: 320px) 100vw, 320px\" \/>sa\u011flad\u0131klar\u0131n\u0131 belirten <strong>ODE Yal\u0131t\u0131m Y\u00f6netim Kurulu \u00dcyesi Erhan \u00d6zdemir<\/strong>, Avrupa&#8217;da da\u011f\u0131t\u0131m kanal\u0131, lojistik ve depolama \u00e7\u00f6z\u00fcmleri ile \u00fcretim tesislerine y\u00f6nelik fizibilite \u00e7al\u0131\u015fmalar\u0131 yapt\u0131klar\u0131n\u0131 s\u00f6yledi.<\/p>\n<p>T\u00fcrkiye&#8217;nin y\u00fczde 100 yerli sermayeli en b\u00fcy\u00fck yal\u0131t\u0131m \u015firketi ODE Yal\u0131t\u0131m, \u0130klimlendirme Sanayi \u0130hracat\u00e7\u0131lar\u0131 Birli\u011fi&#8217;nin (\u0130S\u0130B) ihracat pazar\u0131nda etkili rol \u00fcstlenen ve en \u00e7ok ihracat ger\u00e7ekle\u015ftiren firmalar\u0131 \u00f6d\u00fcllendirdi\u011fi 2023 Y\u0131l\u0131 \u0130hracat\u0131n Liderleri \u00d6d\u00fcl T\u00f6reni&#8217;nde \u201cyal\u0131t\u0131m malzemeleri ihracat\u0131\u201d kategorisinde birincilik \u00f6d\u00fcl\u00fcn\u00fc kazand\u0131. T\u00f6rende, ODE Yal\u0131t\u0131m Y\u00f6netim Kurulu \u00dcyesi Erhan \u00d6zdemir&#8217;e \u00f6d\u00fcl\u00fc, \u0130S\u0130B Y\u00f6netim Kurulu Ba\u015fkan\u0131 Mehmet Hakk\u0131 \u015eanal takdim etti.<\/p>\n<p><strong>ODE Yal\u0131t\u0131m Y\u00f6netim Kurulu \u00dcyesi Erhan \u00d6zdemir<\/strong>, yapt\u0131\u011f\u0131 a\u00e7\u0131klamada \u015funlar\u0131 dile getirdi: <em>\u201c\u0130klimlendirme Sanayi \u0130hracat\u00e7\u0131lar\u0131 Birli\u011fi&#8217;nin d\u00fczenledi\u011fi \u00f6d\u00fcl t\u00f6reninde, ODE Yal\u0131t\u0131m olarak yal\u0131t\u0131m malzemeleri ihracat\u0131 kategorisinde 2022 y\u0131l\u0131nda da oldu\u011fu gibi yine birinci olduk. Bu ba\u015far\u0131da ba\u015fta \u00e7al\u0131\u015fanlar\u0131m\u0131z olmak \u00fczere t\u00fcm payda\u015flar\u0131m\u0131z\u0131n b\u00fcy\u00fck eme\u011fi var. ODE Yal\u0131t\u0131m olarak \u00fcretime ba\u015flad\u0131\u011f\u0131m\u0131z 1996 y\u0131l\u0131 itibar\u0131yla Bulgaristan pazar\u0131na girerek ihracat i\u00e7in ilk ad\u0131m\u0131m\u0131z\u0131 atm\u0131\u015ft\u0131k. \u015eu anda \u00fcretimimizin <strong>y\u00fczde 40<\/strong>&#8216;\u0131n\u0131 <strong>6<\/strong> k\u0131tada <strong>75&#8217;in \u00fczerinde \u00fclkeye<\/strong> ihra\u00e7 ediyoruz. \u0130hracat bu d\u00f6nemde belki de her zamankinden daha \u00f6nemli bir hale geldi. Enerji fiyatlar\u0131ndaki belirsizlikler, ham madde maliyetlerindeki art\u0131\u015flar, tedarik zincirinde ya\u015fanan k\u0131r\u0131lma ile finansmana eri\u015fimdeki zorluklar neredeyse t\u00fcm sekt\u00f6rler gibi yal\u0131t\u0131m\u0131 da etkiliyor. Ham maddesi d\u00f6vize endeksli \u00fcr\u00fcnler nedeni ile \u015firketlerin d\u00f6viz pozisyonu her zamankinden daha b\u00fcy\u00fck \u00f6nem kazand\u0131. Bu nedenle mutlaka d\u00f6viz gelirlerinin artt\u0131r\u0131lmas\u0131 gerekiyor. Biz de bu yakla\u015f\u0131mla bir yandan yeni pazarlara ula\u015f\u0131rken di\u011fer yandan mevcut pazarlar\u0131m\u0131zda daha da derinle\u015fiyoruz.\u201d<\/em><\/p>\n<h3>\u201cKau\u00e7uk K\u00f6p\u00fc\u011f\u00fcnde Kapasitemizi D\u00f6rt Kat\u0131na \u00c7\u0131kard\u0131k\u201d<\/h3>\n<p>2023 y\u0131l\u0131nda T\u00fcrkiye&#8217;nin <strong>yal\u0131t\u0131m malzemeleri ihracat\u0131n\u0131n<\/strong> <strong>y\u00fczde 16<\/strong>&#8216;s\u0131n\u0131 \u00fcstlenerek ekonomiye \u00f6nemli bir katk\u0131 sa\u011flad\u0131klar\u0131n\u0131 dile getiren <strong>Erhan \u00d6zdemir<\/strong>, <em>\u201cKau\u00e7uk k\u00f6p\u00fc\u011f\u00fcnde kapasitemizi d\u00f6rt kat\u0131na \u00e7\u0131karmam\u0131z sayesinde hem yurt i\u00e7inde hem de ihracatta ba\u015far\u0131l\u0131 bir y\u0131l ge\u00e7irdik. Bu \u00fcr\u00fcn \u00f6zelinde, ana hedef pazar\u0131m\u0131z olan Avrupa&#8217;da daha rekabet\u00e7i olabilmek i\u00e7in oraya \u00f6zel \u00e7al\u0131\u015fmalar yapt\u0131k. \u00dcr\u00fcn kalitemizden ambalaj \u015fekline kadar \u00fcr\u00fcnlerimizi geli\u015ftirerek Avrupa&#8217;n\u0131n talep ve ihtiya\u00e7lar\u0131na uygun hale getirdik. Kau\u00e7uk k\u00f6p\u00fc\u011f\u00fcndeki bu ba\u015far\u0131m\u0131z, sekt\u00f6rdeki liderli\u011fimizi daha da per\u00e7inlememizi de sa\u011flad\u0131. Bundan sonraki s\u00fcre\u00e7te de \u015firket olarak \u00fcretmeye ve \u00fclkemiz i\u00e7in katma de\u011fer yaratmaya devam edece\u011fiz\u201d<\/em> dedi.<\/p>","protected":false},"excerpt":{"rendered":"<p>Sorry, this entry is only available in Turkish. For the sake of viewer convenience, the content is shown below in the alternative language. You may click the link to switch the active language. Yal\u0131t\u0131m sekt\u00f6r\u00fcnde global bir marka olma vizyonuyla faaliyetlerini s\u00fcrd\u00fcren ODE Yal\u0131t\u0131m, \u0130klimlendirme Sanayi \u0130hracat\u00e7\u0131lar\u0131 Birli\u011fi (\u0130S\u0130B) taraf\u0131ndan d\u00fczenlenen 2023 Y\u0131l\u0131 \u0130hracat\u0131n Liderleri [&hellip;]<\/p>\n","protected":false},"author":1,"featured_media":187324,"comment_status":"open","ping_status":"open","sticky":false,"template":"","format":"standard","meta":[],"categories":[53,52],"tags":[113544,61284,33913,82888,9134],"views":20,"_links":{"self":[{"href":"https:\/\/www.enerjigazetesi.ist\/en\/wp-json\/wp\/v2\/posts\/187322"}],"collection":[{"href":"https:\/\/www.enerjigazetesi.ist\/en\/wp-json\/wp\/v2\/posts"}],"about":[{"href":"https:\/\/www.enerjigazetesi.ist\/en\/wp-json\/wp\/v2\/types\/post"}],"author":[{"embeddable":true,"href":"https:\/\/www.enerjigazetesi.ist\/en\/wp-json\/wp\/v2\/users\/1"}],"replies":[{"embeddable":true,"href":"https:\/\/www.enerjigazetesi.ist\/en\/wp-json\/wp\/v2\/comments?post=187322"}],"version-history":[{"count":0,"href":"https:\/\/www.enerjigazetesi.ist\/en\/wp-json\/wp\/v2\/posts\/187322\/revisions"}],"wp:featuredmedia":[{"embeddable":true,"href":"https:\/\/www.enerjigazetesi.ist\/en\/wp-json\/wp\/v2\/media\/187324"}],"wp:attachment":[{"href":"https:\/\/www.enerjigazetesi.ist\/en\/wp-json\/wp\/v2\/media?parent=187322"}],"wp:term":[{"taxonomy":"category","embeddable":true,"href":"https:\/\/www.enerjigazetesi.ist\/en\/wp-json\/wp\/v2\/categories?post=187322"},{"taxonomy":"post_tag","embeddable":true,"href":"https:\/\/www.enerjigazetesi.ist\/en\/wp-json\/wp\/v2\/tags?post=187322"}],"curies":[{"name":"wp","href":"https:\/\/api.w.org\/{rel}","templated":true}]}}