{"id":187203,"date":"2024-04-19T15:03:55","date_gmt":"2024-04-19T12:03:55","guid":{"rendered":"https:\/\/www.enerjigazetesi.ist\/?p=187203"},"modified":"2024-04-19T15:05:57","modified_gmt":"2024-04-19T12:05:57","slug":"skd-turkiye-nin-yeni-donem-baskani-pwc-turkiyeden-ediz-gunsel-oldu","status":"publish","type":"post","link":"https:\/\/www.enerjigazetesi.ist\/en\/skd-turkiye-nin-yeni-donem-baskani-pwc-turkiyeden-ediz-gunsel-oldu\/","title":{"rendered":"(Turkish) &#8217;SKD T\u00fcrkiye&#8217;nin Yeni D\u00f6nem Ba\u015fkan\u0131 PwC T\u00fcrkiye\u2019den Ediz G\u00fcnsel Oldu"},"content":{"rendered":"<p class=\"qtranxs-available-languages-message qtranxs-available-languages-message-en\">Sorry, this entry is only available in <a href=\"https:\/\/www.enerjigazetesi.ist\/tr\/wp-json\/wp\/v2\/posts\/187203\" class=\"qtranxs-available-language-link qtranxs-available-language-link-tr\" title=\"Turkish\">Turkish<\/a>. For the sake of viewer convenience, the content is shown below in the alternative language. You may click the link to switch the active language.<\/p><p><\/p>\n<h2><strong>\u0130\u015f D\u00fcnyas\u0131 ve S\u00fcrd\u00fcr\u00fclebilir Kalk\u0131nma Derne\u011fi\u2019nin (SKD T\u00fcrkiye) 10\u2019uncu Ola\u011fan Genel Kurul Toplant\u0131s\u0131nda yeni d\u00f6nem Y\u00f6netim Kurulu se\u00e7imleri ger\u00e7ekle\u015fti. SKD T\u00fcrkiye\u2019de Y\u00f6netim Kurulu Ba\u015fkan Yard\u0131mc\u0131l\u0131\u011f\u0131 g\u00f6revini y\u00fcr\u00fcten Ediz G\u00fcnsel, SKD T\u00fcrkiye\u2019nin yeni ba\u015fkan\u0131 oldu. PwC T\u00fcrkiye Denetim Hizmetleri Lideri olan G\u00fcnsel, 2024 \u2013 2027 d\u00f6neminde SKD T\u00fcrkiye\u2019nin s\u00fcrd\u00fcr\u00fclebilir kalk\u0131nma modelini i\u015f d\u00fcnyas\u0131nda yayg\u0131nla\u015ft\u0131rmay\u0131 hedefleyen \u00e7al\u0131\u015fmalar\u0131na liderlik edecek.<\/strong><\/h2>\n<p style=\"text-align: center;\"><img loading=\"lazy\" class=\"aligncenter wp-image-187206\" src=\"https:\/\/www.enerjigazetesi.ist\/wp-content\/uploads\/2024\/04\/skd-turkiye-nin-yeni-donem-baskani-pwc-turkiyeden-ediz-gunsel-oldu-1.jpg\" alt=\"\" width=\"500\" height=\"361\" srcset=\"https:\/\/www.enerjigazetesi.ist\/wp-content\/uploads\/2024\/04\/skd-turkiye-nin-yeni-donem-baskani-pwc-turkiyeden-ediz-gunsel-oldu-1.jpg 550w, https:\/\/www.enerjigazetesi.ist\/wp-content\/uploads\/2024\/04\/skd-turkiye-nin-yeni-donem-baskani-pwc-turkiyeden-ediz-gunsel-oldu-1-300x217.jpg 300w, https:\/\/www.enerjigazetesi.ist\/wp-content\/uploads\/2024\/04\/skd-turkiye-nin-yeni-donem-baskani-pwc-turkiyeden-ediz-gunsel-oldu-1-500x361.jpg 500w, https:\/\/www.enerjigazetesi.ist\/wp-content\/uploads\/2024\/04\/skd-turkiye-nin-yeni-donem-baskani-pwc-turkiyeden-ediz-gunsel-oldu-1-69x50.jpg 69w\" sizes=\"(max-width: 500px) 100vw, 500px\" \/><\/p>\n<p>\u0130\u015f D\u00fcnyas\u0131 ve S\u00fcrd\u00fcr\u00fclebilir Kalk\u0131nma Derne\u011fi\u2019nin (SKD T\u00fcrkiye) 10\u2019uncu Ola\u011fan Genel Kurul Toplant\u0131s\u0131, <strong>18 Nisan<\/strong>\u2019da <strong>\u0130stanbul Sabanc\u0131 Center<\/strong>\u2019da ger\u00e7ekle\u015fti. Ola\u011fan Genel Kurul g\u00fcndemi kapsam\u0131nda, 2024 \u2013 2027 d\u00f6neminde g\u00f6rev yapacak <strong>Y\u00f6netim Kurulu Ba\u015fkan\u0131n\u0131n<\/strong> yan\u0131 s\u0131ra, <strong>Y\u00f6netim Kurulu \u00fcyeleri de<\/strong> se\u00e7ildi. <strong>2019 \u2013 2021<\/strong> ve <strong>2021 \u2013 2023<\/strong> d\u00f6nemlerinde Y\u00f6netim Kurulu Ba\u015fkanl\u0131\u011f\u0131 g\u00f6revini y\u00fcr\u00fcten <strong>Ebru Dildar Edin<\/strong> ise <strong>Y\u00fcksek \u0130sti\u015fare Kurulu Ba\u015fkan\u0131<\/strong> olarak<strong> SKD T\u00fcrkiye<\/strong>\u2019deki <strong>g\u00f6revine devam ederek<\/strong> dernek \u00e7al\u0131\u015fmalar\u0131na destek olmay\u0131 s\u00fcrd\u00fcrecek.<\/p>\n<p>SKD T\u00fcrkiye\u2019nin yeni Y\u00f6netim Kurulu taraf\u0131ndan yap\u0131lan oylama sonucunda, <strong>Y\u00f6netim Kurulu Ba\u015fkanl\u0131\u011f\u0131\u2019na Ediz G\u00fcnsel<\/strong> getirildi. 2021 \u2013 2024 d\u00f6neminde SKD T\u00fcrkiye\u2019de Y\u00f6netim Kurulu Ba\u015fkan Yard\u0131mc\u0131l\u0131\u011f\u0131 g\u00f6revini y\u00fcr\u00fcten Ediz G\u00fcnsel, yeni d\u00f6nemde SKD T\u00fcrkiye\u2019nin s\u00fcrd\u00fcr\u00fclebilir kalk\u0131nma modelini i\u015f d\u00fcnyas\u0131nda yayg\u0131nla\u015ft\u0131rmay\u0131 hedefleyen \u00e7al\u0131\u015fmalar\u0131na liderlik edecek.<\/p>\n<div id=\"attachment_187205\" style=\"width: 510px\" class=\"wp-caption aligncenter\"><img aria-describedby=\"caption-attachment-187205\" loading=\"lazy\" class=\"wp-image-187205\" src=\"https:\/\/www.enerjigazetesi.ist\/wp-content\/uploads\/2024\/04\/skd-turkiye-nin-yeni-donem-baskani-pwc-turkiyeden-ediz-gunsel-oldu.jpg\" alt=\"\" width=\"500\" height=\"375\" srcset=\"https:\/\/www.enerjigazetesi.ist\/wp-content\/uploads\/2024\/04\/skd-turkiye-nin-yeni-donem-baskani-pwc-turkiyeden-ediz-gunsel-oldu.jpg 550w, https:\/\/www.enerjigazetesi.ist\/wp-content\/uploads\/2024\/04\/skd-turkiye-nin-yeni-donem-baskani-pwc-turkiyeden-ediz-gunsel-oldu-300x225.jpg 300w, https:\/\/www.enerjigazetesi.ist\/wp-content\/uploads\/2024\/04\/skd-turkiye-nin-yeni-donem-baskani-pwc-turkiyeden-ediz-gunsel-oldu-500x375.jpg 500w, https:\/\/www.enerjigazetesi.ist\/wp-content\/uploads\/2024\/04\/skd-turkiye-nin-yeni-donem-baskani-pwc-turkiyeden-ediz-gunsel-oldu-67x50.jpg 67w\" sizes=\"(max-width: 500px) 100vw, 500px\" \/><p id=\"caption-attachment-187205\" class=\"wp-caption-text\">SKD T\u00fcrkiye Y\u00f6netim Kurulu Ba\u015fkan\u0131 Ediz G\u00fcnsel<\/p><\/div>\n<p>S\u00fcta\u015f Y\u00f6netim Kurulu \u00dcyesi Duygu Y\u0131lmaz ve TSKB Genel M\u00fcd\u00fcr Yard\u0131mc\u0131s\u0131 ve S\u00fcrd\u00fcr\u00fclebilirlik Lideri Meral Murathan Ba\u015fkan Yard\u0131mc\u0131l\u0131\u011f\u0131 g\u00f6revine getirilirken TKYB Genel M\u00fcd\u00fcr Yard\u0131mc\u0131s\u0131 ve S\u00fcrd\u00fcr\u00fclebilirlik ve Etki Lideri Se\u00e7il Y\u0131ld\u0131z\u2019da Saymanl\u0131k g\u00f6revini y\u00fcr\u00fctecek.<\/p>\n<p>Dernek y\u00f6netim kurulu; <strong>finans, enerji, g\u0131da, perakende, in\u015faat<\/strong> gibi pek \u00e7ok farkl\u0131 sekt\u00f6rden \u00fcst d\u00fczey y\u00f6neticileri b\u00fcnyesinde bar\u0131nd\u0131r\u0131yor. Bunun yan\u0131 s\u0131ra SKD T\u00fcrkiye, y\u00f6netim kurulunda sosyal \u00e7e\u015fitlilik ve kapsay\u0131c\u0131l\u0131k politikas\u0131na uygun olarak <strong>1\/3 oran\u0131nda kad\u0131n oran\u0131n\u0131 sa\u011flama<\/strong> \u015fart\u0131n\u0131 t\u00fcz\u00fc\u011f\u00fcne ekleyen ilk i\u015f d\u00fcnyas\u0131 derne\u011fi. Ger\u00e7ekle\u015ftirilen se\u00e7im sonras\u0131nda derne\u011fin y\u00f6netim kurulunda yer alan kad\u0131n y\u00f6netici oran\u0131 <strong>%44 seviyesine<\/strong> ula\u015fm\u0131\u015f oldu.<\/p>\n<p>SKD T\u00fcrkiye Y\u00f6netim Kurulu Ba\u015fkan\u0131 Ediz G\u00fcnsel, genel kurul toplant\u0131s\u0131nda yapt\u0131\u011f\u0131 konu\u015fmada, \u201c\u0130\u015f d\u00fcnyas\u0131n\u0131n S\u00fcrd\u00fcr\u00fclebilir Kalk\u0131nma Ama\u00e7lar\u0131n\u0131 i\u015f yap\u0131\u015f bi\u00e7imlerine entegre ederek, \u00fclkemizin ye\u015fil d\u00f6n\u00fc\u015f\u00fcm hedeflerine ula\u015fmak i\u00e7in s\u00fcrd\u00fcr\u00fclebilirlik \u00e7al\u0131\u015fmalar\u0131na h\u0131z vermesi gerekti\u011fi bir d\u00f6nemdeyiz. Ye\u015fil d\u00f6n\u00fc\u015f\u00fcm, ekonomik anlamda \u00fclkemiz ve \u015firketlerimiz i\u00e7in \u00e7ok \u00f6nemli f\u0131rsatlar bar\u0131nd\u0131r\u0131yor. SKD T\u00fcrkiye olarak, kuruldu\u011fumuz 2004 y\u0131l\u0131ndan bu yana i\u015f d\u00fcnyas\u0131n\u0131n s\u00fcrd\u00fcr\u00fclebilir kalk\u0131nma hedeflerine ula\u015fmalar\u0131n\u0131 destekleyecek nitelikte pek \u00e7ok \u00e7al\u0131\u015fma yap\u0131yoruz. Bug\u00fcn T\u00fcrkiye\u2019nin GSYH\u2019nin %28\u2019ini temsil eden ve 1,1 milyon ki\u015fiye istihdam sa\u011flayan, 13 ana sekt\u00f6r ve 45 alt sekt\u00f6rden 157 \u00fcye \u015firketin, \u00e7evresel, sosyal ve ekonomik alanlarda d\u00f6n\u00fc\u015f\u00fcmlerini h\u0131zland\u0131ran ve raporlanabilir \u00e7\u0131kt\u0131lar elde etmelerini sa\u011flayan projeler y\u00fcr\u00fct\u00fcyoruz. \u00d6n\u00fcm\u00fczdeki d\u00f6nemde etki alan\u0131m\u0131z\u0131 geni\u015fletme amac\u0131yla i\u015f birliklerimizi g\u00fc\u00e7lendirmeye ve yeni projeler hayata ge\u00e7irmeye devam ederken \u00fcyelerimizin \u201cNet S\u0131f\u0131r Emisyona Ula\u015fmak\u201d, \u201cDo\u011fa Pozitif Olmak\u201d ve \u201cE\u015fitsizlikleri Azaltmak\u201d konular\u0131n\u0131 g\u00fcndemlerine almas\u0131n\u0131 hedefliyoruz.\u201d dedi.<\/p>\n<h3><strong>SKD T\u00fcrkiye 2024 \u2013 2027 D\u00f6nemi Y\u00f6netim Kurulu \u00dcyeleri<\/strong><\/h3>\n<ol>\n<li>Ediz G\u00fcnsel \u2013 PwC T\u00fcrkiye<\/li>\n<li>Meral Murathan \u2013 TSKB<\/li>\n<li>Duygu Y\u0131lmaz \u2013 S\u00fcta\u015f<\/li>\n<li>Se\u00e7il K\u0131z\u0131lkaya Y\u0131ld\u0131z &#8211; TKYB<\/li>\n<li>Elif \u00c7ap\u00e7\u0131 \u2013 Beymen<\/li>\n<li>Bar\u0131\u015f K\u00f6ko\u011flu \u2013 Borusan Holding<\/li>\n<li>Neslihan Sad\u0131ko\u011flu \u2013 Do\u011fan Holding<\/li>\n<li>Volkan Ural \u2013 Kibar Holding<\/li>\n<li>\u0130zlem Erdem \u2013 T\u00fcrkiye \u0130\u015f Bankas\u0131<\/li>\n<li>Ali Fuat Orhano\u011flu \u2013 Unilever<\/li>\n<li>Mete Buyurgan \u2013 \u00dclker<\/li>\n<li>Sinan Ak \u2013 Zorlu Enerji<\/li>\n<li>\u00dcmit Nuri Y\u0131ld\u0131z \u2013 Alarko Holding<\/li>\n<li>\u0130brahim \u00d6zg\u00fcr Y\u0131ld\u0131r\u0131m &#8211; Kordsa<\/li>\n<li>Nesli K\u0131l\u0131\u00e7al \u2013 P&amp;G<\/li>\n<li>Emre Hatem \u2013 R\u00f6nesans Holding<\/li>\n<li>Mustafa G\u00f6khan G\u00fcnbulut \u2013 Sanko Holding<\/li>\n<li>Meltem Okyar Perdeci \u2013 Shell T\u00fcrkiye<\/li>\n<\/ol>\n<p><\/p>","protected":false},"excerpt":{"rendered":"<p>Sorry, this entry is only available in Turkish. For the sake of viewer convenience, the content is shown below in the alternative language. You may click the link to switch the active language. \u0130\u015f D\u00fcnyas\u0131 ve S\u00fcrd\u00fcr\u00fclebilir Kalk\u0131nma Derne\u011fi\u2019nin (SKD T\u00fcrkiye) 10\u2019uncu Ola\u011fan Genel Kurul Toplant\u0131s\u0131nda yeni d\u00f6nem Y\u00f6netim Kurulu se\u00e7imleri ger\u00e7ekle\u015fti. SKD T\u00fcrkiye\u2019de Y\u00f6netim [&hellip;]<\/p>\n","protected":false},"author":1,"featured_media":187205,"comment_status":"open","ping_status":"open","sticky":false,"template":"","format":"standard","meta":[],"categories":[53],"tags":[5271,1803,8892,37993,1243,113505],"views":24,"_links":{"self":[{"href":"https:\/\/www.enerjigazetesi.ist\/en\/wp-json\/wp\/v2\/posts\/187203"}],"collection":[{"href":"https:\/\/www.enerjigazetesi.ist\/en\/wp-json\/wp\/v2\/posts"}],"about":[{"href":"https:\/\/www.enerjigazetesi.ist\/en\/wp-json\/wp\/v2\/types\/post"}],"author":[{"embeddable":true,"href":"https:\/\/www.enerjigazetesi.ist\/en\/wp-json\/wp\/v2\/users\/1"}],"replies":[{"embeddable":true,"href":"https:\/\/www.enerjigazetesi.ist\/en\/wp-json\/wp\/v2\/comments?post=187203"}],"version-history":[{"count":0,"href":"https:\/\/www.enerjigazetesi.ist\/en\/wp-json\/wp\/v2\/posts\/187203\/revisions"}],"wp:featuredmedia":[{"embeddable":true,"href":"https:\/\/www.enerjigazetesi.ist\/en\/wp-json\/wp\/v2\/media\/187205"}],"wp:attachment":[{"href":"https:\/\/www.enerjigazetesi.ist\/en\/wp-json\/wp\/v2\/media?parent=187203"}],"wp:term":[{"taxonomy":"category","embeddable":true,"href":"https:\/\/www.enerjigazetesi.ist\/en\/wp-json\/wp\/v2\/categories?post=187203"},{"taxonomy":"post_tag","embeddable":true,"href":"https:\/\/www.enerjigazetesi.ist\/en\/wp-json\/wp\/v2\/tags?post=187203"}],"curies":[{"name":"wp","href":"https:\/\/api.w.org\/{rel}","templated":true}]}}