{"id":187194,"date":"2024-04-19T14:27:17","date_gmt":"2024-04-19T11:27:17","guid":{"rendered":"https:\/\/www.enerjigazetesi.ist\/?p=187194"},"modified":"2024-04-19T14:27:36","modified_gmt":"2024-04-19T11:27:36","slug":"isi-yalitimi-sagladigi-enerji-tasarrufuyla-karbon-salimini-da-azaltiyor","status":"publish","type":"post","link":"https:\/\/www.enerjigazetesi.ist\/en\/isi-yalitimi-sagladigi-enerji-tasarrufuyla-karbon-salimini-da-azaltiyor\/","title":{"rendered":"(Turkish) &#8217;Is\u0131 Yal\u0131t\u0131m\u0131&#8217; Sa\u011flad\u0131\u011f\u0131 Enerji Tasarrufuyla Karbon Sal\u0131m\u0131n\u0131 da Azalt\u0131yor"},"content":{"rendered":"<p class=\"qtranxs-available-languages-message qtranxs-available-languages-message-en\">Sorry, this entry is only available in <a href=\"https:\/\/www.enerjigazetesi.ist\/tr\/wp-json\/wp\/v2\/posts\/187194\" class=\"qtranxs-available-language-link qtranxs-available-language-link-tr\" title=\"Turkish\">Turkish<\/a>. For the sake of viewer convenience, the content is shown below in the alternative language. You may click the link to switch the active language.<\/p><p><\/p>\n<h2><strong>Binalar\u0131n d\u0131\u015f cephelerini iklimin olumsuz etkilerinden koruyan \u0131s\u0131 yal\u0131t\u0131m\u0131, sa\u011flad\u0131\u011f\u0131 enerji tasarrufuyla karbon sal\u0131m\u0131n\u0131 da azaltarak gezegenin sa\u011fl\u0131\u011f\u0131n\u0131 ve gelece\u011fini g\u00fcvence alt\u0131na al\u0131rken, i\u00e7 ortam hava kalitesi \u00fczerindeki olumlu etkileriyle insan sa\u011fl\u0131\u011f\u0131n\u0131 da koruyor.<\/strong><\/h2>\n<p style=\"text-align: center;\"><img loading=\"lazy\" class=\"aligncenter wp-image-187197\" src=\"https:\/\/www.enerjigazetesi.ist\/wp-content\/uploads\/2024\/04\/isi-yalitimi-sagladigi-enerji-tasarrufuyla-karbon-salimini-da-azaltiyor-1.jpg\" alt=\"\" width=\"500\" height=\"334\" srcset=\"https:\/\/www.enerjigazetesi.ist\/wp-content\/uploads\/2024\/04\/isi-yalitimi-sagladigi-enerji-tasarrufuyla-karbon-salimini-da-azaltiyor-1.jpg 550w, https:\/\/www.enerjigazetesi.ist\/wp-content\/uploads\/2024\/04\/isi-yalitimi-sagladigi-enerji-tasarrufuyla-karbon-salimini-da-azaltiyor-1-300x200.jpg 300w, https:\/\/www.enerjigazetesi.ist\/wp-content\/uploads\/2024\/04\/isi-yalitimi-sagladigi-enerji-tasarrufuyla-karbon-salimini-da-azaltiyor-1-500x334.jpg 500w, https:\/\/www.enerjigazetesi.ist\/wp-content\/uploads\/2024\/04\/isi-yalitimi-sagladigi-enerji-tasarrufuyla-karbon-salimini-da-azaltiyor-1-75x50.jpg 75w, https:\/\/www.enerjigazetesi.ist\/wp-content\/uploads\/2024\/04\/isi-yalitimi-sagladigi-enerji-tasarrufuyla-karbon-salimini-da-azaltiyor-1-450x300.jpg 450w\" sizes=\"(max-width: 500px) 100vw, 500px\" \/><\/p>\n<p>T\u00fcrkiye\u2019de d\u0131\u015f cephe \u0131s\u0131 yal\u0131t\u0131m\u0131n\u0131n \u00f6nc\u00fc markas\u0131 Dalma\u00e7yal\u0131, Sa\u011fl\u0131k Haftas\u0131 dolay\u0131s\u0131yla \u0131s\u0131 yal\u0131t\u0131m\u0131n\u0131n insan sa\u011fl\u0131\u011f\u0131 \u00fczerindeki olumlu etkilerine dikkat \u00e7ekti. Bu noktada \u0131s\u0131 yal\u0131t\u0131m\u0131,<strong> y\u00fczde 60\u2019a<\/strong> varan enerji tasarrufunun yan\u0131 s\u0131ra i\u00e7 ortamda insan sa\u011fl\u0131\u011f\u0131n\u0131 destekleyen termal ko\u015fullar\u0131n sa\u011flanmas\u0131nda da etkin bir rol oynuyor.<\/p>\n<p>Bilim insanlar\u0131 ile birlikte y\u00fcr\u00fctt\u00fc\u011f\u00fc <strong>\u201cIs\u0131 Yal\u0131t\u0131m\u0131n\u0131n \u0130nsan Sa\u011fl\u0131\u011f\u0131na Etkisi ve Termal Konfor\u201d<\/strong> ara\u015ft\u0131rmas\u0131nda \u00f6nemli \u00e7\u0131kt\u0131lar elde eden Dalma\u00e7yal\u0131, \u0130stanbul Teknik \u00dcniversitesi (\u0130T\u00dc) Meteoroloji M\u00fchendisli\u011fi B\u00f6l\u00fcm\u00fc ve Afet Y\u00f6netimi \u00d6\u011fretim \u00dcyesi Prof. Dr. Mikdat Kad\u0131o\u011flu ve Marmara \u00dcniversitesi T\u0131p Fak\u00fcltesi \u00c7ocuk G\u00f6\u011f\u00fcs Hastal\u0131klar\u0131 Bilim Dal\u0131 Ba\u015fkan\u0131 Prof. Dr. B\u00fclent Karada\u011f liderli\u011findeki bilimsel ara\u015ft\u0131rma ile \u0131s\u0131 yal\u0131t\u0131m\u0131n\u0131n \u00e7evre ve insan sa\u011fl\u0131\u011f\u0131 \u00fczerindeki faydalar\u0131n\u0131 ortaya koydu.<\/p>\n<h3><strong>\u0130nsan Sa\u011fl\u0131\u011f\u0131na Olumlu Katk\u0131da Bulunuyor<\/strong><\/h3>\n<p>Is\u0131 yal\u0131t\u0131m\u0131n\u0131n \u00e7evre ve insan sa\u011fl\u0131\u011f\u0131 a\u00e7\u0131s\u0131ndan \u00f6nemli bir fonksiyonu oldu\u011funa de\u011finen <strong>Prof. Dr. Mikdat Kad\u0131o\u011flu<\/strong>, <em>\u201cGeni\u015f bir \u00e7er\u00e7evede d\u00fc\u015f\u00fcn\u00fcrsek \u0131s\u0131 yal\u0131t\u0131m\u0131n\u0131n fosil yak\u0131tlar\u0131n evlerdeki t\u00fcketiminde y\u00fczde 60\u2019a varan oranda tasarruf sa\u011flamas\u0131, gezegenin sa\u011fl\u0131\u011f\u0131na da katk\u0131da bulunan b\u00fcy\u00fck bir rol oynuyor. Karbon sal\u0131m\u0131n\u0131n azald\u0131\u011f\u0131, daha temiz hava soludu\u011fumuz \u015fehirler i\u00e7in \u0131s\u0131 yal\u0131t\u0131m\u0131 bir gereklilik.\u00a0\u0130nsan sa\u011fl\u0131\u011f\u0131na zarar verecek, hava kirlili\u011fine, asit ya\u011fmurlar\u0131na yol a\u00e7acak bir gaz sal\u0131m\u0131n\u0131 \u0131s\u0131 yal\u0131t\u0131m\u0131 ile azaltm\u0131\u015f oluyorsunuz\u201d<\/em> dedi.<\/p>\n<h3><strong>Is\u0131 Yal\u0131t\u0131m\u0131 ile Gelen Termal Konfor\u00a0<\/strong><\/h3>\n<p>Is\u0131 yal\u0131t\u0131m\u0131n\u0131n bu makro etkisinin yan\u0131nda ev i\u00e7i hava kalitesini iyile\u015ftirerek sa\u011fl\u0131\u011fa etki etti\u011fini belirten Kad\u0131o\u011flu \u015fu bilgileri verdi: <em>\u201c\u0130nsan\u0131n mental ve ruhsal sa\u011fl\u0131\u011f\u0131 i\u00e7in d\u0131\u015far\u0131daki hava kadar i\u00e7erideki havan\u0131n da kaliteli olmas\u0131 gerekiyor. Oturdu\u011funuz evde, termal konfor olmay\u0131nca verim d\u00fc\u015f\u00fcyor; dolay\u0131s\u0131yla siz de sa\u011fl\u0131kl\u0131 olam\u0131yor ve uyuyam\u0131yorsunuz. Bu da insan\u0131n enerjisi d\u00fc\u015f\u00fcyor ve sa\u011fl\u0131\u011f\u0131 bozuluyor. Yal\u0131t\u0131ml\u0131 evlerde t\u00fcm duvarlar\u0131n s\u0131cakl\u0131\u011f\u0131n\u0131n e\u015fit olmas\u0131, i\u00e7 ortam hava kalitesi a\u00e7\u0131s\u0131ndan dikkate de\u011fer bir fark olu\u015fturuyor. Bu bir termal konfor sa\u011fl\u0131yor. Evimizin i\u00e7inde odalar aras\u0131nda \u0131s\u0131 fark\u0131 olmadan rahat\u00e7a hareket ediyor, \u00e7al\u0131\u015fabiliyoruz. Is\u0131 yal\u0131t\u0131ml\u0131 binada bir dairenin duvarlar\u0131 aras\u0131ndaki \u0131s\u0131 fark\u0131 en fazla 1 dereceyken; \u0131s\u0131 yal\u0131t\u0131ms\u0131z binada, \u00f6zellikle kuzey-g\u00fcney duvarlar\u0131nda \u0131s\u0131 fark\u0131 8-10 dereceye kadar \u00e7\u0131kabiliyor ve bu evler \u00e7ok \u00e7abuk so\u011fuyor. Bu durum da neme ve dolay\u0131s\u0131yla k\u00fcf ve mantar gibi olu\u015fumlara yol a\u00e7\u0131yor.\u201d<\/em><\/p>\n<h3><strong>Is\u0131 Yal\u0131t\u0131ms\u0131z Ev Hasta Ediyor<\/strong><\/h3>\n<p>Is\u0131 yal\u0131t\u0131ml\u0131 ve \u0131s\u0131 yal\u0131t\u0131ms\u0131z evlerdeki sa\u011fl\u0131k \u015fikayetlerini ara\u015ft\u0131ran <strong>Marmara \u00dcniversitesi T\u0131p Fak\u00fcltesi \u00c7ocuk G\u00f6\u011f\u00fcs Hastal\u0131klar\u0131 Bilim Dal\u0131 Ba\u015fkan\u0131 Prof. Dr. B\u00fclent Karada\u011f<\/strong> ise bu noktada sa\u011fl\u0131k a\u00e7\u0131s\u0131ndan en dikkati \u00e7eken \u00f6zelli\u011fin, yal\u0131t\u0131ms\u0131z evlerde beklendi\u011fi \u00fczere k\u00fcf olu\u015fumu oldu\u011funa i\u015faret etti. <em>\u201cYal\u0131t\u0131ms\u0131z evdeki k\u00fcf olu\u015fumu ciddi anlamda bir risk olarak kar\u015f\u0131m\u0131za \u00e7\u0131kt\u0131. Yal\u0131t\u0131m oranlar\u0131 binalar\u0131n ya\u015f\u0131 artt\u0131k\u00e7a d\u00fc\u015f\u00fcyor ve bununla orant\u0131l\u0131 olarak k\u00fcf oran\u0131 da h\u0131zl\u0131 bir \u015fekilde art\u0131yor. T\u00fcrkiye \u00e7ap\u0131nda yapt\u0131\u011f\u0131m\u0131z anket \u00e7al\u0131\u015fmas\u0131n\u0131n sonu\u00e7lar\u0131na bakt\u0131\u011f\u0131m\u0131zda g\u00f6rd\u00fc\u011f\u00fcm\u00fcz sonu\u00e7; \u0131s\u0131 yal\u0131t\u0131ms\u0131z evde ya\u015famak kesinlikle insan sa\u011fl\u0131\u011f\u0131n\u0131 bozuyor ve bu evler k\u00fcf olu\u015fumuna zemin haz\u0131rl\u0131yor. K\u00fcf olu\u015fumu artt\u0131\u011f\u0131nda da solunum yolu enfeksiyonlar\u0131na yakalanma riski iki kat y\u00fckseliyor\u201d<\/em> diyen Karada\u011f, \u0131s\u0131 yal\u0131t\u0131ms\u0131z evlerde <strong>ast\u0131m<\/strong> ve <strong>KOAH<\/strong> gibi <strong>kronik akci\u011fer hastal\u0131klara<\/strong>, <strong>y\u00fczde 50\u2019lere<\/strong> varan oranlarda rastlanabildi\u011fini dile getirdi.<\/p>","protected":false},"excerpt":{"rendered":"<p>Sorry, this entry is only available in Turkish. For the sake of viewer convenience, the content is shown below in the alternative language. You may click the link to switch the active language. Binalar\u0131n d\u0131\u015f cephelerini iklimin olumsuz etkilerinden koruyan \u0131s\u0131 yal\u0131t\u0131m\u0131, sa\u011flad\u0131\u011f\u0131 enerji tasarrufuyla karbon sal\u0131m\u0131n\u0131 da azaltarak gezegenin sa\u011fl\u0131\u011f\u0131n\u0131 ve gelece\u011fini g\u00fcvence alt\u0131na [&hellip;]<\/p>\n","protected":false},"author":1,"featured_media":187196,"comment_status":"open","ping_status":"open","sticky":false,"template":"","format":"standard","meta":[],"categories":[53,52],"tags":[99984,113503,103,380,113502,65861,9134],"views":18,"_links":{"self":[{"href":"https:\/\/www.enerjigazetesi.ist\/en\/wp-json\/wp\/v2\/posts\/187194"}],"collection":[{"href":"https:\/\/www.enerjigazetesi.ist\/en\/wp-json\/wp\/v2\/posts"}],"about":[{"href":"https:\/\/www.enerjigazetesi.ist\/en\/wp-json\/wp\/v2\/types\/post"}],"author":[{"embeddable":true,"href":"https:\/\/www.enerjigazetesi.ist\/en\/wp-json\/wp\/v2\/users\/1"}],"replies":[{"embeddable":true,"href":"https:\/\/www.enerjigazetesi.ist\/en\/wp-json\/wp\/v2\/comments?post=187194"}],"version-history":[{"count":0,"href":"https:\/\/www.enerjigazetesi.ist\/en\/wp-json\/wp\/v2\/posts\/187194\/revisions"}],"wp:featuredmedia":[{"embeddable":true,"href":"https:\/\/www.enerjigazetesi.ist\/en\/wp-json\/wp\/v2\/media\/187196"}],"wp:attachment":[{"href":"https:\/\/www.enerjigazetesi.ist\/en\/wp-json\/wp\/v2\/media?parent=187194"}],"wp:term":[{"taxonomy":"category","embeddable":true,"href":"https:\/\/www.enerjigazetesi.ist\/en\/wp-json\/wp\/v2\/categories?post=187194"},{"taxonomy":"post_tag","embeddable":true,"href":"https:\/\/www.enerjigazetesi.ist\/en\/wp-json\/wp\/v2\/tags?post=187194"}],"curies":[{"name":"wp","href":"https:\/\/api.w.org\/{rel}","templated":true}]}}