{"id":187044,"date":"2024-04-16T16:59:46","date_gmt":"2024-04-16T13:59:46","guid":{"rendered":"https:\/\/www.enerjigazetesi.ist\/?p=187044"},"modified":"2024-04-16T17:15:10","modified_gmt":"2024-04-16T14:15:10","slug":"bu-secimde-durun-bizi-anlayin-sorumluluklarinizin-geregini-yapin-denildi","status":"publish","type":"post","link":"https:\/\/www.enerjigazetesi.ist\/en\/bu-secimde-durun-bizi-anlayin-sorumluluklarinizin-geregini-yapin-denildi\/","title":{"rendered":"(Turkish) Bu Se\u00e7imde &#8220;Durun, Bizi Anlay\u0131n, Sorumluluklar\u0131n\u0131z\u0131n Gere\u011fini Yap\u0131n&#8221; Denildi"},"content":{"rendered":"<p class=\"qtranxs-available-languages-message qtranxs-available-languages-message-en\">Sorry, this entry is only available in <a href=\"https:\/\/www.enerjigazetesi.ist\/tr\/wp-json\/wp\/v2\/posts\/187044\" class=\"qtranxs-available-language-link qtranxs-available-language-link-tr\" title=\"Turkish\">Turkish<\/a>. For the sake of viewer convenience, the content is shown below in the alternative language. You may click the link to switch the active language.<\/p><p><\/p>\n<h2>Bir se\u00e7im s\u00fcrecini daha geride b\u0131rakt\u0131k. 22 y\u0131ld\u0131r iktidar olan ve bu s\u00fcre\u00e7te girdi\u011fi her se\u00e7imden 1.nci parti olarak \u00e7\u0131kan bug\u00fcn\u00fcn iktidar partisi hemen herkesi \u015fa\u015f\u0131rtan sonu\u00e7larla ilk defa 2.nci parti olarak \u00e7\u0131kt\u0131.<\/h2>\n<p style=\"text-align: center;\"><img loading=\"lazy\" class=\"aligncenter wp-image-187047\" src=\"https:\/\/www.enerjigazetesi.ist\/wp-content\/uploads\/2024\/04\/bu-secimde-durun-bizi-anlayin-sorumluluklarinizin-geregini-yapin-denildi-1.jpg\" alt=\"\" width=\"500\" height=\"282\" srcset=\"https:\/\/www.enerjigazetesi.ist\/wp-content\/uploads\/2024\/04\/bu-secimde-durun-bizi-anlayin-sorumluluklarinizin-geregini-yapin-denildi-1.jpg 550w, https:\/\/www.enerjigazetesi.ist\/wp-content\/uploads\/2024\/04\/bu-secimde-durun-bizi-anlayin-sorumluluklarinizin-geregini-yapin-denildi-1-300x169.jpg 300w, https:\/\/www.enerjigazetesi.ist\/wp-content\/uploads\/2024\/04\/bu-secimde-durun-bizi-anlayin-sorumluluklarinizin-geregini-yapin-denildi-1-500x282.jpg 500w, https:\/\/www.enerjigazetesi.ist\/wp-content\/uploads\/2024\/04\/bu-secimde-durun-bizi-anlayin-sorumluluklarinizin-geregini-yapin-denildi-1-80x45.jpg 80w\" sizes=\"(max-width: 500px) 100vw, 500px\" \/><\/p>\n<p>Ve ana muhalefet partisi birinci parti olarak \u00e7\u0131karken, iktidara muhalif olarak se\u00e7imlere kat\u0131lan partiler, iktidar partisi ile iktidardan yana olan partilerden toplam olarak daha fazla oy ald\u0131lar ve \u00e7ok daha fazla Belediye de se\u00e7imleri kazand\u0131lar.<\/p>\n<p>Ve \u201cCumhurba\u015fkanl\u0131\u011f\u0131 sistemi\u201dni savunanlar, <strong>2023 May\u0131s<\/strong> se\u00e7imlerinden <strong>10 ay sonra<\/strong> bu kez mutlak bir ma\u011flubiyete u\u011frad\u0131lar.<\/p>\n<p><strong>Do\u011fal ve k\u00fclt\u00fcrel de\u011ferlere kar\u015f\u0131 y\u00fcr\u00fct\u00fclen yok edici ya\u011fma ve talana, do\u011faya kar\u015f\u0131 i\u015flenen su\u00e7lara kar\u015f\u0131 m\u00fccadeleyi ve \u00e7evre duyarl\u0131l\u0131\u011f\u0131n\u0131n toplumsalla\u015fmas\u0131, \u00e7evre bilincinin etkinle\u015fmesi \u00a0ile<\/strong> \u201c<strong>do\u011fa ile bar\u0131\u015f\u0131k ya\u015fam bi\u00e7imi\u201dni <\/strong>varolu\u015f ilkesi olarak benimsemi\u015f olan <strong>T\u00dcRK\u0130YE \u00c7EVRE PLATFORMU\u00a0 (T \u00dc R \u00c7 E P )<\/strong> olarak; 31 Mart se\u00e7imleri \u00f6ncesinde 15 Mart ta yapt\u0131\u011f\u0131m\u0131z bas\u0131n a\u00e7\u0131klamalar\u0131yla, Anadolu Co\u011frafyas\u0131n da ya\u015fam s\u00fcrd\u00fcrmekte olan her bir bireyi, kurum ve kurulu\u015fu \u201c<strong>YA\u015eAM KAYNAKLARIMIZA SAH\u0130P \u00c7IKMAK \u0130\u00c7\u0130N 31 MARTTA G\u00d6REV BA\u015eINA\u201d <\/strong>diyerek ve <strong>\u201c\u00dczerimize d\u00fc\u015fenleri yaparsak kazan\u0131r\u0131z\u201d <\/strong>slogan\u0131yla, \u201c<strong>31 Mart 2024 se\u00e7imleri, insan eme\u011fi ve do\u011fan\u0131n s\u0131n\u0131rs\u0131z s\u00f6m\u00fcr\u00fcs\u00fc ve talan\u0131na, b\u00fct\u00fcn g\u00fcc\u00fcm\u00fczle ve g\u00fcr bir sesle \u201cDUR\u201d diyebilmek i\u00e7in \u00e7ok \u00f6nemli bir kav\u015fakt\u0131r.<\/strong> <strong>Bunun i\u00e7in, t\u00fcm \u00e7evre duyarl\u0131s\u0131 kurum ve kurulu\u015flar birle\u015ferek, tam bir dayan\u0131\u015fma i\u00e7erisinde olmal\u0131d\u0131rlar.<\/strong><\/p>\n<p><strong>31 Mart 2024 yerel se\u00e7imleri, i\u00e7ine d\u00fc\u015ft\u00fc\u011f\u00fcm\u00fcz b\u00fcy\u00fck \u00e7\u00f6k\u00fc\u015f\u00fc sona erdirmenin \u00f6nemli bir d\u00f6neme-ci haline getirilmelidir. T\u00fcm farkl\u0131l\u0131klar\u0131na kar\u015f\u0131n, etkin bir dayan\u0131\u015fma ile bu se\u00e7im, toplumun \u00e7\u0131karlar\u0131 temelinde kazanca d\u00f6n\u00fc\u015ft\u00fcrmeli ve mutlaka kazan\u0131lmal\u0131d\u0131r<\/strong>\u201d saptamas\u0131yla sand\u0131k ba\u015f\u0131na oy kullanmaya \u00e7a\u011f\u0131rm\u0131\u015ft\u0131k.<\/p>\n<p>Bu \u00e7a\u011fr\u0131m\u0131z, \u00fclkenin d\u00f6rt bir yan\u0131n da bu \u00e7er\u00e7evede m\u00fccadele s\u00fcrd\u00fcrmekte olan<strong> t\u00fcm \u00e7evre duyarl\u0131s\u0131<\/strong> ve <strong>Ekoloji m\u00fccadelesi<\/strong> s\u00fcrd\u00fcrenlerin, eme\u011fin s\u00f6m\u00fcr\u00fcs\u00fcne kar\u015f\u0131 y\u0131llard\u0131r m\u00fccadele etmekte olan emek\u00e7ilerin, h\u0131zla yoksulla\u015ft\u0131r\u0131lan emeklilerin, demokratik hak ve \u00f6zg\u00fcrl\u00fckleri \u00a0her ge\u00e7en g\u00fcn daralt\u0131l\u0131p gasp edilen gen\u00e7ler, kad\u0131nlar ve demokratik ya\u015fam \u00f6zlemlerini \u00a0hayk\u0131ran kesimlerin, bir b\u00fct\u00fcn olarak toplumun a\u011f\u0131rl\u0131kl\u0131 \u00e7o\u011funlu\u011funun, \u00e7a\u011fr\u0131lar\u0131, \u00e7\u0131\u011fl\u0131klar\u0131 ve \u00e7abalar\u0131 ile bulu\u015ftu ve bu kez y\u0131llard\u0131r olmayan bir \u015fey oldu.<\/p>\n<p>Halk\u0131m\u0131z tercihini yapt\u0131 ve ba\u015fta Ana Muhalefet Partisi olmak \u00fczere genel olarak iktidar muhalifi siyasi partiler se\u00e7imleri, hi\u00e7bir tart\u0131\u015fmaya yer b\u0131rakmayacak oranda kazand\u0131rarak ve yerel y\u00f6netimlerde iktidar konumuna getirdi. \u00d6zetle halk\u0131m\u0131z bir b\u00fct\u00fcn olarak, sosyal boyutta bir nefes ald\u0131, yar\u0131nlara dair yeniden umutland\u0131. Halk\u0131m\u0131z;<\/p>\n<p><strong>\u0130KT\u0130DARA \u201cDUR SES\u0130M\u0130 D\u0130NLE\u201d, MUHALEFETE \u201cSES\u0130M\u0130 D\u0130NLE SORUMLULUK \u00dcSTLEN.\u201d \u00a0demi\u015ftir.<\/strong><\/p>\n<p><strong>\u015eimdi bir kez daha diyoruz ki;<\/strong><\/p>\n<p><strong>*31 Mart se\u00e7imlerinde halk\u0131n tercihi ile yerel y\u00f6netimlerde iktidar olma g\u00f6revi verilmi\u015f olan siyasi partiler, yerel y\u00f6netimlerde se\u00e7imleri kazanarak bu son derece \u00f6nemli kav\u015fakta topluma kar\u015f\u0131 g\u00f6rev ve sorumluluk \u00fcstlenen ay\u0131r\u0131ms\u0131z t\u00fcm birimler, <\/strong>bu sorumluluklar\u0131n\u0131 unutmayarak g\u00f6revlerini yerine getirmelidirler.<\/p>\n<p>&#8211; Belediyeler, yerel y\u00f6netimler yeni bir ya\u015fam bi\u00e7imi ve toplumun yeniden yap\u0131lanmas\u0131 s\u00fcrecinde \u00f6nemli i\u015flevler \u00fcstlenmelidir.<\/p>\n<p>&#8211; Belediyeler, Yerel y\u00f6netimler, <strong>do\u011fal ve k\u00fclt\u00fcrel de\u011ferlerin t\u00fcketilmeden korunmas\u0131n\u0131<\/strong> en \u00f6nceli\u011fe alarak, yerinden demokratik yerel y\u00f6netim anlay\u0131\u015f\u0131n\u0131 benimseyen, toplumsal de\u011ferlerimizi ay\u0131r\u0131ms\u0131z olarak toplumun b\u00fct\u00fcn\u00fcn\u00fcn kullan\u0131m\u0131na sunan yerel y\u00f6netim yap\u0131lanmalar\u0131 olarak yerelde toplumun t\u00fcm kesimlerini kucaklayacak bi\u00e7imde, yap\u0131lanmalar\u0131 <strong>5393 say\u0131l\u0131<\/strong> Belediye kanununun <strong>76 ve 77 maddeleri <\/strong>dikkate al\u0131narak <strong>KENT KONSEYLER\u0130<\/strong> ve <strong>MAHALLE MECL\u0130SLER\u0130<\/strong> yap\u0131lanmalar\u0131 ile g\u00fc\u00e7lendirilmelidir.<\/p>\n<p>&#8211; Yerel Y\u00f6netimlerin b\u00fct\u00e7eleri, bu yap\u0131lanmalarla halk\u0131n gereksinimleri \u00a0ve talepleri \u00f6nceli\u011finde haz\u0131rlanmal\u0131 ve kaynaklar bu \u00e7er\u00e7evede kullan\u0131lmal\u0131d\u0131r.<\/p>\n<p>*<strong>May\u0131s 2023 se\u00e7imlerinde g\u00f6rev ve sorumluluk \u00fcstlenmi\u015f olan merkezi y\u00f6netim, <\/strong>t\u00fcm kurumlar\u0131 ile halk\u0131n 31 Marttaki sesini do\u011fru ve tam olarak dikkate alarak yerel y\u00f6netimlerle tam bir dayan\u0131\u015fma i\u00e7erisinde toplum olarak ya\u015famakta oldu\u011fumuz ekonomik, sosyal ve siyasal \u00e7\u00f6k\u00fcnt\u00fc ve krizden \u00e7\u0131karmak i\u00e7in etkin bir \u00e7aba i\u00e7erisine y\u00f6nelmelidir.<\/p>\n<p>Haydi o zaman, bir b\u00fct\u00fcn olarak daha b\u00fcy\u00fck kazan\u0131mlar i\u00e7in, gerekli sorumluluklar\u0131 \u00fcstlenerek\u00a0 toplumun t\u00fcm dinamikleri ile birlikte g\u00f6rev ba\u015f\u0131na.<\/p>\n<p style=\"text-align: center;\"><strong>\u00a0\u00a0\u00a0\u00a0\u00a0\u00a0\u00a0\u00a0\u00a0\u00a0\u00a0\u00a0\u00a0\u00a0\u00a0\u00a0\u00a0\u00a0\u00a0\u00a0\u00a0 T\u00dcRK\u0130YE \u00c7EVRE PLATFORMU ( T\u00dcR\u00c7EP )<\/strong><\/p>\n<p style=\"text-align: center;\"><strong>Abidin \u00d6ZKAYMAK\u00a0\u00a0\u00a0\u00a0 \u00a0\u00a0\u00a0\u00a0\u00a0\u00a0\u00a0\u00a0\u00a0\u00a0\u00a0\u00a0\u00a0\u00a0\u00a0\u00a0\u00a0\u00a0\u00a0\u00a0\u00a0\u00a0\u00a0\u00a0\u00a0\u00a0\u00a0\u00a0\u00a0\u00a0\u00a0\u00a0\u00a0\u00a0\u00a0\u00a0\u00a0\u00a0\u00a0\u00a0\u00a0\u00a0\u00a0\u00a0\u00a0 A.Oktay DEM\u0130RKAN<\/strong><\/p>\n<p style=\"text-align: center;\"><strong>\u00a0 Koordinat\u00f6r\u00a0\u00a0\u00a0\u00a0\u00a0 \u00a0\u00a0\u00a0 \u00a0\u00a0\u00a0\u00a0 \u00a0\u00a0\u00a0\u00a0\u00a0\u00a0\u00a0\u00a0\u00a0\u00a0\u00a0\u00a0\u00a0\u00a0\u00a0\u00a0\u00a0\u00a0\u00a0\u00a0\u00a0\u00a0\u00a0\u00a0\u00a0\u00a0\u00a0\u00a0\u00a0\u00a0\u00a0\u00a0\u00a0\u00a0\u00a0\u00a0\u00a0\u00a0\u00a0\u00a0\u00a0\u00a0\u00a0\u00a0\u00a0\u00a0 \u00a0\u00a0\u00a0Genel Sekreter<\/strong><\/p>\n<p><\/p>","protected":false},"excerpt":{"rendered":"<p>Sorry, this entry is only available in Turkish. For the sake of viewer convenience, the content is shown below in the alternative language. You may click the link to switch the active language. Bir se\u00e7im s\u00fcrecini daha geride b\u0131rakt\u0131k. 22 y\u0131ld\u0131r iktidar olan ve bu s\u00fcre\u00e7te girdi\u011fi her se\u00e7imden 1.nci parti olarak \u00e7\u0131kan bug\u00fcn\u00fcn iktidar [&hellip;]<\/p>\n","protected":false},"author":1,"featured_media":187046,"comment_status":"open","ping_status":"open","sticky":false,"template":"","format":"standard","meta":[],"categories":[53],"tags":[15377,2530,24900,77293,70474,1982],"views":20,"_links":{"self":[{"href":"https:\/\/www.enerjigazetesi.ist\/en\/wp-json\/wp\/v2\/posts\/187044"}],"collection":[{"href":"https:\/\/www.enerjigazetesi.ist\/en\/wp-json\/wp\/v2\/posts"}],"about":[{"href":"https:\/\/www.enerjigazetesi.ist\/en\/wp-json\/wp\/v2\/types\/post"}],"author":[{"embeddable":true,"href":"https:\/\/www.enerjigazetesi.ist\/en\/wp-json\/wp\/v2\/users\/1"}],"replies":[{"embeddable":true,"href":"https:\/\/www.enerjigazetesi.ist\/en\/wp-json\/wp\/v2\/comments?post=187044"}],"version-history":[{"count":0,"href":"https:\/\/www.enerjigazetesi.ist\/en\/wp-json\/wp\/v2\/posts\/187044\/revisions"}],"wp:featuredmedia":[{"embeddable":true,"href":"https:\/\/www.enerjigazetesi.ist\/en\/wp-json\/wp\/v2\/media\/187046"}],"wp:attachment":[{"href":"https:\/\/www.enerjigazetesi.ist\/en\/wp-json\/wp\/v2\/media?parent=187044"}],"wp:term":[{"taxonomy":"category","embeddable":true,"href":"https:\/\/www.enerjigazetesi.ist\/en\/wp-json\/wp\/v2\/categories?post=187044"},{"taxonomy":"post_tag","embeddable":true,"href":"https:\/\/www.enerjigazetesi.ist\/en\/wp-json\/wp\/v2\/tags?post=187044"}],"curies":[{"name":"wp","href":"https:\/\/api.w.org\/{rel}","templated":true}]}}