{"id":187015,"date":"2024-04-16T15:12:52","date_gmt":"2024-04-16T12:12:52","guid":{"rendered":"https:\/\/www.enerjigazetesi.ist\/?p=187015"},"modified":"2024-04-16T15:13:58","modified_gmt":"2024-04-16T12:13:58","slug":"klima-alirken-ve-kullanirken-dikkat-edilmesi-gerekenler","status":"publish","type":"post","link":"https:\/\/www.enerjigazetesi.ist\/en\/klima-alirken-ve-kullanirken-dikkat-edilmesi-gerekenler\/","title":{"rendered":"(Turkish) Klima Al\u0131rken ve Kullan\u0131rken Dikkat Edilmesi Gerekenler&#8230;"},"content":{"rendered":"<p class=\"qtranxs-available-languages-message qtranxs-available-languages-message-en\">Sorry, this entry is only available in <a href=\"https:\/\/www.enerjigazetesi.ist\/tr\/wp-json\/wp\/v2\/posts\/187015\" class=\"qtranxs-available-language-link qtranxs-available-language-link-tr\" title=\"Turkish\">Turkish<\/a>. For the sake of viewer convenience, the content is shown below in the alternative language. You may click the link to switch the active language.<\/p><p><\/p>\n<h2>Havalar\u0131n \u0131s\u0131nmaya ba\u015flad\u0131\u011f\u0131 bug\u00fcnlerde evlerine ve i\u015fyerlerine klima almak isteyenler, do\u011fru klima tercihi yapmak i\u00e7in ara\u015ft\u0131rmalara ba\u015flad\u0131. T\u00fcketiciler, tercih edecekleri kliman\u0131n konfor \u015fartlar\u0131n\u0131 sa\u011flarken enerjiyi de etkin kullanmas\u0131n\u0131 istiyor.<\/h2>\n<p><strong>\u00dc\u00e7ay M\u00fchendislik \u015eubeler ve \u0130klimlendirme Direkt\u00f6r\u00fc \u00d6zg\u00fcr \u015eahin, <\/strong>do\u011fru klima se\u00e7imi i\u00e7in dikkat edilmesi gerekenleri payla\u015ft\u0131:<\/p>\n<div id=\"attachment_187018\" style=\"width: 510px\" class=\"wp-caption aligncenter\"><img aria-describedby=\"caption-attachment-187018\" loading=\"lazy\" class=\"wp-image-187018\" src=\"https:\/\/www.enerjigazetesi.ist\/wp-content\/uploads\/2024\/04\/klima-alirken-ve-kullanirken-dikkat-edilmesi-gerekenler-1.jpg\" alt=\"\" width=\"500\" height=\"346\" srcset=\"https:\/\/www.enerjigazetesi.ist\/wp-content\/uploads\/2024\/04\/klima-alirken-ve-kullanirken-dikkat-edilmesi-gerekenler-1.jpg 550w, https:\/\/www.enerjigazetesi.ist\/wp-content\/uploads\/2024\/04\/klima-alirken-ve-kullanirken-dikkat-edilmesi-gerekenler-1-300x208.jpg 300w, https:\/\/www.enerjigazetesi.ist\/wp-content\/uploads\/2024\/04\/klima-alirken-ve-kullanirken-dikkat-edilmesi-gerekenler-1-500x346.jpg 500w, https:\/\/www.enerjigazetesi.ist\/wp-content\/uploads\/2024\/04\/klima-alirken-ve-kullanirken-dikkat-edilmesi-gerekenler-1-72x50.jpg 72w\" sizes=\"(max-width: 500px) 100vw, 500px\" \/><p id=\"caption-attachment-187018\" class=\"wp-caption-text\">\u00dc\u00e7ay M\u00fchendislik \u015eubeler ve \u0130klimlendirme Direkt\u00f6r\u00fc \u00d6zg\u00fcr \u015eahin<\/p><\/div>\n<h3><strong>Ke\u015fif yap\u0131larak do\u011fru kapasite belirlenmeli<\/strong><\/h3>\n<p>\u201c\u0130klim krizine paralel olarak artan s\u0131cakl\u0131klarla birlikte ev ve i\u015fyeri gibi ya\u015fam alanlar\u0131nda klima kullan\u0131m\u0131 bir l\u00fcks olmaktan \u00e7\u0131k\u0131p ihtiya\u00e7 haline geldi. Ancak do\u011fru se\u00e7ilmeyen yani kapasitesi, iklimlendirme yap\u0131lacak alan i\u00e7in y\u00fcksek olan klima, a\u015f\u0131r\u0131 so\u011futup konfor \u015fartlar\u0131n\u0131 bozuyor. Ayr\u0131ca enerji israf\u0131na da neden oluyor. Kapasitesi ihtiya\u00e7tan d\u00fc\u015f\u00fck olan klima ise hem yeterince so\u011futmuyor hem de istenilen \u0131s\u0131 de\u011ferine ula\u015fmak i\u00e7in daha fazla enerji t\u00fcketiyor. Bu nedenle klima se\u00e7iminde \u00f6ncelikle\u00a0<strong>kapasitenin\u00a0<\/strong>do\u011fru bir \u015fekilde belirlenmesi gerekiyor. Bu kapsamda t\u00fcketicilere, g\u00fcvenilir bir m\u00fchendislik firmas\u0131 ile \u00e7al\u0131\u015fmalar\u0131n\u0131 ve \u00f6nce ya\u015fam alanlar\u0131nda <strong>ke\u015fif yapt\u0131rmalar\u0131n\u0131\u00a0<\/strong>tavsiye ediyoruz.<\/p>\n<h3><strong>Ke\u015fiften montaja kadar uzman deste\u011fi al\u0131nmal\u0131<\/strong><\/h3>\n<p>\u00dc\u00e7ay M\u00fchendislik olarak, uzman ekibimiz ile m\u00fc\u015fterilerimize, ke\u015fiften montaja kadar anahtar teslim \u00e7\u00f6z\u00fcmler sunuyoruz. Ke\u015fif \u00e7al\u0131\u015fmas\u0131 kapsam\u0131nda; klima kapasitesini, tipini, d\u0131\u015f \u00fcnite ve i\u00e7 \u00fcnite yerle\u015fimini, boru g\u00fczerg\u00e2hlar\u0131 gibi unsurlar\u0131 tespit edip, m\u00fc\u015fterilerimize en do\u011fru \u00e7\u00f6z\u00fcm\u00fc \u00f6neriyoruz.<\/p>\n<h3><strong>\u0130nverter \u00f6zelli\u011fi olmal\u0131<\/strong><\/h3>\n<p>Kliman\u0131n inverter \u00f6zelli\u011fine sahip olmas\u0131 da olduk\u00e7a \u00f6nemli. \u00c7\u00fcnk\u00fc inverter olmayan klimalar istenilen oda s\u0131cakl\u0131\u011f\u0131na ula\u015f\u0131ld\u0131\u011f\u0131nda otomatik olarak kapan\u0131yor, ancak inverter klimalar istenilen oda s\u0131cakl\u0131\u011f\u0131na ula\u015f\u0131ld\u0131\u011f\u0131nda kapanm\u0131yor, \u0131s\u0131y\u0131 ortam\u0131n ihtiyac\u0131na g\u00f6re ayarlayarak daha az enerji harc\u0131yor. Unutmayal\u0131m her 1 derece, kliman\u0131n elektrik t\u00fcketimini <strong>y\u00fczde 5 ila 10<\/strong> art\u0131r\u0131yor. Bu nedenle inverter \u00f6zelli\u011fine sahip klima tercih ederek \u0131s\u0131y\u0131 do\u011fru y\u00f6netmek gerekiyor.<\/p>\n<h3><strong>\u00c7evre dostu so\u011futucu ak\u0131\u015fkan bar\u0131nd\u0131rmal\u0131<\/strong><\/h3>\n<p>Klimalarda kullan\u0131lan <strong>R32<\/strong> gaz\u0131n\u0131n verimlili\u011fi<strong> R410<\/strong>\u2019a gaz\u0131na g\u00f6re daha fazla ve k\u00fcresel \u0131s\u0131nmaya etkisi 3 kat daha d\u00fc\u015f\u00fck. Bu y\u00fczden kliman\u0131n inverter teknolojisine sahip \u00e7evre dostu so\u011futucu ak\u0131\u015fkan bar\u0131nd\u0131rmas\u0131na dikkat edilmeli.<\/p>\n<h3><strong>Enerji s\u0131n\u0131f\u0131, A+++ olan klimalar enerji t\u00fcketimini d\u00fc\u015f\u00fcr\u00fcyor\u00a0<\/strong><\/h3>\n<p>Kliman\u0131n enerji sarfiyat\u0131n\u0131 d\u00fc\u015f\u00fcrmek i\u00e7in de enerji s\u0131n\u0131f\u0131na dikkat etmek gerekiyor. <strong>A+++<\/strong> so\u011futma ve \u0131s\u0131tma verimlili\u011fine ula\u015fan\u00a0klimalar, elektrik faturas\u0131n\u0131 \u00f6nemli \u00f6l\u00e7\u00fcde d\u00fc\u015f\u00fcr\u00fcyor.<\/p>\n<h3><strong>Programlanabilen klima termostat\u0131 verimi y\u00fczde 30 art\u0131r\u0131yor<\/strong><\/h3>\n<p>Programlanabilen klima termostatlar\u0131yla da s\u0131cakl\u0131\u011f\u0131 kontrol etmek ve verimi y\u00fczde 30 civar\u0131nda art\u0131rarak, tasarruf sa\u011flamak m\u00fcmk\u00fcn. B\u00f6ylece kliman\u0131z\u0131 ortamda bulunmad\u0131\u011f\u0131n\u0131z zamanlarda kapat\u0131p, bulundu\u011funuz zamanlarda a\u00e7acak \u015fekilde programlayabiliyorsunuz. Kliman\u0131z\u0131, ya\u015fam alan\u0131ndaki ak\u0131ll\u0131 kontrol sistemine entegre ederek, cep telefonunuzdan kolayl\u0131kla y\u00f6netebiliyorsunuz.<\/p>\n<h3><strong>Flash streamer teknolojisi i\u00e7 hava kalitesini iyile\u015ftiriyor<\/strong><\/h3>\n<p>Temel g\u00f6revi \u0131s\u0131tma ve so\u011futma olan klimalar art\u0131k i\u00e7 hava kalitesini olumsuz etkileyen zararl\u0131 partik\u00fcllere kar\u015f\u0131 da y\u00fcksek koruma sa\u011fl\u0131yor. Bu kapsamda klimalar, hava temizleme teknolojileri ve filtreleme y\u00f6ntemleriyle donat\u0131l\u0131yor. Bu nedenle tercih edilen kliman\u0131n ideal nemi sa\u011flamas\u0131 ve ortamdaki havay\u0131<strong> flash streamer teknolojisiyle<\/strong> temizlerken d\u0131\u015far\u0131dan da taze hava beslemesi yapabiliyor olmas\u0131 gerekiyor.<\/p>\n<h3><strong>Titanyum apatit filtre, alerjenleri yok ediyor<\/strong><\/h3>\n<p>Klima tercihinde <strong>titanyum apatit filtre<\/strong> de \u00f6nemli bir kriter. \u00c7\u00fcnk\u00fc titanyum apatit filtre, i\u00e7 ortamdaki; <strong>toz, polen, k\u00f6t\u00fc koku ve alerjenleri<\/strong> emerek, rahat bir nefes almay\u0131 m\u00fcmk\u00fcn hale getiriyor.<\/p>\n<h3><strong>Sessiz \u00e7al\u0131\u015fmal\u0131<\/strong><\/h3>\n<p>Ses seviyesi de klima se\u00e7erken dikkat edilmesi gereken kriterler aras\u0131nda yer al\u0131yor.\u00a0\u00d6zellikle <strong>20 dB(A)<\/strong> de\u011ferine kadar d\u00fc\u015febilen klima modellerini tercih etmek gerekiyor.<\/p>\n<p><strong>Daikin\u2019in Ururu Sarara ve Shira Plus<\/strong> model klimalar\u0131yla t\u00fcm bu \u00f6zellikleri bir arada sa\u011flamak m\u00fcmk\u00fcn. \u00dc\u00e7ay M\u00fchendislik olarak, g\u00fc\u00e7l\u00fc teknik ekibimizle ve Daikin\u2019in ileri teknoloji klima \u00e7\u00f6z\u00fcmleriyle m\u00fc\u015fterilerimize; ke\u015fiften \u00fcr\u00fcn tercihine, montajdan bak\u0131ma kadar t\u00fcm s\u00fcre\u00e7lerde e\u015fsiz bir deneyim sunuyoruz\u201d dedi.<\/p>\n<p><strong>\u00d6zg\u00fcr \u015eahin,\u00a0<\/strong>\u00a0t\u00fcketicileri yaz\u0131n do\u011fru klima kullan\u0131m\u0131 konusunda da uyard\u0131:<\/p>\n<p>\u201cKlima tercihi kadar \u00f6nemli bir di\u011fer konu ise klima kullan\u0131m\u0131. \u00c7\u00fcnk\u00fc hatal\u0131 klima kullan\u0131m\u0131, enerji sarfiyat\u0131n\u0131 art\u0131rd\u0131\u011f\u0131 gibi konfor \u015fartlar\u0131n\u0131 da bozuyor.<\/p>\n<h3><strong>Kliman\u0131n yeri \u00f6nemli<\/strong><\/h3>\n<p>Bu kapsamda \u00f6ncelikle kliman\u0131n yerinin yani odada nereye konumland\u0131r\u0131laca\u011f\u0131n\u0131n uzman ekipler taraf\u0131ndan ke\u015fif a\u015famas\u0131nda belirlenmesi gerekiyor. \u00d6rne\u011fin, ya\u015fam alanlar\u0131nda oturma grubuna ya da yemek masas\u0131na uzak bir noktaya monte edilen klima, konfor \u015fartlar\u0131n\u0131 sa\u011flamak i\u00e7in daha y\u00fcksek h\u0131zlarda ve uzun s\u00fcre \u00e7al\u0131\u015ft\u0131r\u0131l\u0131yor. Bu durum ise hem konfor \u015fartlar\u0131n\u0131 bozuyor hem de enerji sarfiyat\u0131n\u0131 art\u0131r\u0131yor.<\/p>\n<h3><strong>Yaz\u0131n i\u00e7 mek\u00e2n s\u0131cakl\u0131\u011f\u0131 24 veya 26 derece olmal\u0131<\/strong><\/h3>\n<p>Yaz\u0131n klima kullan\u0131rken d\u0131\u015f hava s\u0131cakl\u0131\u011f\u0131 ve i\u00e7 ortam s\u0131cakl\u0131\u011f\u0131 aras\u0131nda 6-8 derecelik bir fark olmas\u0131na da dikkat etmek gerekiyor. \u00d6rne\u011fin d\u0131\u015far\u0131s\u0131 32 dereceyken i\u00e7 mek\u00e2n s\u0131cakl\u0131\u011f\u0131n\u0131n 24 veya 26 derece olmas\u0131n\u0131 tavsiye ediyoruz. Aksi halde\u00a0elektrik faturalar\u0131 y\u00fckseliyor. Ayr\u0131ca ani s\u0131cakl\u0131k de\u011fi\u015fimlerine ba\u011fl\u0131 olarak; klima \u00e7arpmas\u0131, ast\u0131m, bron\u015fit, ba\u015f a\u011fr\u0131s\u0131 gibi hastal\u0131klara yakalanma riski de art\u0131yor.<\/p>\n<h3><strong>Kirli filtreler kliman\u0131n verimini d\u00fc\u015f\u00fcr\u00fcyor<\/strong><\/h3>\n<p>Ayr\u0131ca klima i\u00e7 \u00fcnitelerinin filtrelerinin d\u00fczenli olarak temizlenmesi gerekiyor.\u00a0\u00c7\u00fcnk\u00fc temizli\u011fi yap\u0131lmayan kirli filtreler, kliman\u0131n verimini d\u00fc\u015f\u00fcr\u00fcyor. Bu da daha fazla enerji sarfiyat\u0131 anlam\u0131na geliyor.<\/p>\n<h3><strong>Kap\u0131 ve pencereleri kapal\u0131 tutulmak gerekiyor<\/strong><\/h3>\n<p>Klima \u00e7al\u0131\u015f\u0131rken ortamdaki kap\u0131 ve pencereleri kapal\u0131 tutulmak da konfor \u015fartlar\u0131n\u0131 sa\u011flamak ve enerjiyi verimli kullanmak a\u00e7\u0131s\u0131ndan olduk\u00e7a \u00f6nemli.\u201d dedi.<\/p>","protected":false},"excerpt":{"rendered":"<p>Sorry, this entry is only available in Turkish. For the sake of viewer convenience, the content is shown below in the alternative language. You may click the link to switch the active language. Havalar\u0131n \u0131s\u0131nmaya ba\u015flad\u0131\u011f\u0131 bug\u00fcnlerde evlerine ve i\u015fyerlerine klima almak isteyenler, do\u011fru klima tercihi yapmak i\u00e7in ara\u015ft\u0131rmalara ba\u015flad\u0131. T\u00fcketiciler, tercih edecekleri kliman\u0131n konfor [&hellip;]<\/p>\n","protected":false},"author":1,"featured_media":187017,"comment_status":"open","ping_status":"open","sticky":false,"template":"","format":"standard","meta":[],"categories":[53],"tags":[3170,113417,14919,146,113418,82809],"views":51,"_links":{"self":[{"href":"https:\/\/www.enerjigazetesi.ist\/en\/wp-json\/wp\/v2\/posts\/187015"}],"collection":[{"href":"https:\/\/www.enerjigazetesi.ist\/en\/wp-json\/wp\/v2\/posts"}],"about":[{"href":"https:\/\/www.enerjigazetesi.ist\/en\/wp-json\/wp\/v2\/types\/post"}],"author":[{"embeddable":true,"href":"https:\/\/www.enerjigazetesi.ist\/en\/wp-json\/wp\/v2\/users\/1"}],"replies":[{"embeddable":true,"href":"https:\/\/www.enerjigazetesi.ist\/en\/wp-json\/wp\/v2\/comments?post=187015"}],"version-history":[{"count":0,"href":"https:\/\/www.enerjigazetesi.ist\/en\/wp-json\/wp\/v2\/posts\/187015\/revisions"}],"wp:featuredmedia":[{"embeddable":true,"href":"https:\/\/www.enerjigazetesi.ist\/en\/wp-json\/wp\/v2\/media\/187017"}],"wp:attachment":[{"href":"https:\/\/www.enerjigazetesi.ist\/en\/wp-json\/wp\/v2\/media?parent=187015"}],"wp:term":[{"taxonomy":"category","embeddable":true,"href":"https:\/\/www.enerjigazetesi.ist\/en\/wp-json\/wp\/v2\/categories?post=187015"},{"taxonomy":"post_tag","embeddable":true,"href":"https:\/\/www.enerjigazetesi.ist\/en\/wp-json\/wp\/v2\/tags?post=187015"}],"curies":[{"name":"wp","href":"https:\/\/api.w.org\/{rel}","templated":true}]}}