{"id":187002,"date":"2024-04-16T14:22:28","date_gmt":"2024-04-16T11:22:28","guid":{"rendered":"https:\/\/www.enerjigazetesi.ist\/?p=187002"},"modified":"2024-04-16T14:22:28","modified_gmt":"2024-04-16T11:22:28","slug":"tureb-ve-dehukam-dan-deniz-ustu-ruzgar-mevzuati-icin-is-birligi-protokolu","status":"publish","type":"post","link":"https:\/\/www.enerjigazetesi.ist\/en\/tureb-ve-dehukam-dan-deniz-ustu-ruzgar-mevzuati-icin-is-birligi-protokolu\/","title":{"rendered":"(Turkish) T\u00dcREB ve DEHUKAM&#8217;dan \u2018Deniz \u00dcst\u00fc R\u00fczgar Mevzuat\u0131 \u0130\u00e7in \u0130\u015f Birli\u011fi Protokol\u00fc"},"content":{"rendered":"<p class=\"qtranxs-available-languages-message qtranxs-available-languages-message-en\">Sorry, this entry is only available in <a href=\"https:\/\/www.enerjigazetesi.ist\/tr\/wp-json\/wp\/v2\/posts\/187002\" class=\"qtranxs-available-language-link qtranxs-available-language-link-tr\" title=\"Turkish\">Turkish<\/a>. For the sake of viewer convenience, the content is shown below in the alternative language. You may click the link to switch the active language.<\/p><p><\/p>\n<h2>T\u00fcrkiye r\u00fczgar sekt\u00f6r\u00fcn\u00fcn \u00e7at\u0131 kurulu\u015fu T\u00dcREB ile deniz hukuku ve siyaseti alanlar\u0131nda \u00fclkemizin uzman kurumlar\u0131n\u0131n ba\u015f\u0131nda gelen DEHUKAM aras\u0131nda bir i\u015f birli\u011fi protokol\u00fc imzaland\u0131.<\/h2>\n<p style=\"text-align: center;\"><img loading=\"lazy\" class=\"aligncenter wp-image-187006\" src=\"https:\/\/www.enerjigazetesi.ist\/wp-content\/uploads\/2024\/04\/tureb-ve-dehukam-dan-deniz-ustu-ruzgar-mevzuati-icin-is-birligi-protokolu-1.jpg\" alt=\"\" width=\"500\" height=\"351\" srcset=\"https:\/\/www.enerjigazetesi.ist\/wp-content\/uploads\/2024\/04\/tureb-ve-dehukam-dan-deniz-ustu-ruzgar-mevzuati-icin-is-birligi-protokolu-1.jpg 550w, https:\/\/www.enerjigazetesi.ist\/wp-content\/uploads\/2024\/04\/tureb-ve-dehukam-dan-deniz-ustu-ruzgar-mevzuati-icin-is-birligi-protokolu-1-300x211.jpg 300w, https:\/\/www.enerjigazetesi.ist\/wp-content\/uploads\/2024\/04\/tureb-ve-dehukam-dan-deniz-ustu-ruzgar-mevzuati-icin-is-birligi-protokolu-1-500x351.jpg 500w, https:\/\/www.enerjigazetesi.ist\/wp-content\/uploads\/2024\/04\/tureb-ve-dehukam-dan-deniz-ustu-ruzgar-mevzuati-icin-is-birligi-protokolu-1-71x50.jpg 71w\" sizes=\"(max-width: 500px) 100vw, 500px\" \/><\/p>\n<p><strong>T\u00dcREB Ba\u015fkan\u0131 \u0130brahim Erden<\/strong> ile <strong>DEHUKAM Y\u00f6netim Kurulu Ba\u015fkan\u0131 S\u00fcleyman \u00d6nel<\/strong> ve <strong>DEHUKAM M\u00fcd\u00fcr\u00fc Mustafa Ba\u015fkara<\/strong>\u2019n\u0131n imzalad\u0131\u011f\u0131 protokol ile her iki kurum aras\u0131nda <strong>deniz \u00fcst\u00fc r\u00fczgar enerjisi \u00e7al\u0131\u015fmalar\u0131<\/strong> ba\u011flam\u0131nda mevzuat ve hukuki alanlarda kar\u015f\u0131l\u0131kl\u0131 bilgi al\u0131\u015fveri\u015finde bulunulacak ve \u00e7e\u015fitli ortak proje \u00e7al\u0131\u015fmalar\u0131 y\u00fcr\u00fct\u00fclecek.<\/p>\n<p><strong>T\u00dcREB Ba\u015fkan\u0131 \u0130brahim Erden<\/strong>, deniz \u00fcst\u00fc r\u00fczgar enerjisi alan\u0131nda sekt\u00f6r\u00fcn ihtiya\u00e7 duyaca\u011f\u0131 d\u00fczenlemeleri en verimli \u015fekilde yapma hedefiyle olu\u015fturduklar\u0131 protokol hakk\u0131nda \u015funlar\u0131 s\u00f6yledi:<\/p>\n<p><em>\u201cT\u00dcREB 32 y\u0131l \u00f6nce Bakanlar Kurulu karar\u0131yla T\u00fcrkiye\u2019de r\u00fczgarla ilgili yat\u0131r\u0131mlar\u0131n artmas\u0131, insan kayna\u011f\u0131n\u0131n geli\u015ftirilmesi ve bu alanda bilgi birikimi sa\u011flanmas\u0131 amac\u0131yla kuruldu. Tabi o zaman daha d\u00fcnya genelinde de hen\u00fcz ticari deniz \u00fcst\u00fc uygulamalar\u0131 yoktu. Danimarka\u2019da bile ilk ticari tesisler 2000\u2019li y\u0131llar\u0131n ba\u015f\u0131nda hayata ge\u00e7irilmeye ba\u015fland\u0131 ve \u00f6zellikle 2010 sonras\u0131 y\u00fckselen bir ivmeyle deniz \u00fcst\u00fc yat\u0131r\u0131mlar\u0131 artmaya devam ediyor. \u00dclkemizin uzun ve orta vadeli stratejik enerji planlamas\u0131 kapsam\u0131nda deniz \u00fcst\u00fc r\u00fczgar enerjisi hedeflerini de i\u00e7eren \u2018T\u00fcrkiye Ulusal Enerji Plan\u0131\u2019n\u0131n 2023 y\u0131l\u0131 Ocak ay\u0131nda a\u00e7\u0131klanmas\u0131yla paralel olarak bizim de T\u00dcREB olarak bu alandaki yo\u011fun \u00e7al\u0131\u015fmalar\u0131m\u0131z ba\u015flad\u0131. Biliyorsunuz 2035 y\u0131l\u0131nda 5 GW\u2019l\u0131k bir deniz \u00fcst\u00fc r\u00fczgar santrali hedefimiz var. Biz de bu hedef do\u011frultusunda payda\u015flar\u0131m\u0131zla birlikte T\u00fcrkiye\u2019de deniz \u00fcst\u00fc r\u00fczgar alan\u0131nda da sa\u011fl\u0131kl\u0131 bir mevzuat altyap\u0131s\u0131n\u0131 olu\u015fturmak, g\u00fc\u00e7l\u00fc bir ekosistem geli\u015ftirmek ve bilgi birikimi sa\u011flamak ad\u0131na i\u015f birlikleri gerekiyor. DEHUKAM bu a\u00e7\u0131dan devletimizin ve akademinin deniz hukuku ve siyaseti alan\u0131nda kritik birimlerini b\u00fcnyesinde bulunduran \u00e7ok de\u011ferli bir kurumumuz ve payda\u015f\u0131m\u0131z. Dolay\u0131s\u0131yla, bug\u00fcn DEHUKAM\u2019la imzalad\u0131\u011f\u0131m\u0131z protokole T\u00dcREB olarak b\u00fcy\u00fck \u00f6nem veriyoruz. Bu ve benzeri i\u015f birlikleri sayesinde bu alanda ulusal ve uluslararas\u0131 i\u015f birli\u011fi imkanlar\u0131n\u0131n geni\u015fleyece\u011fine, bilgi birikiminin artaca\u011f\u0131na ve b\u00f6ylece yat\u0131r\u0131mlar\u0131n ve sanayinin geli\u015fece\u011fine inan\u0131yoruz; bu vesileyle de DEHUKAM y\u00f6netimine i\u015f birli\u011finin ba\u015flang\u0131c\u0131 vesilesiyle te\u015fekk\u00fcr ediyoruz.\u201d<\/em><\/p>\n<p>DEHUKAM\u2019\u0131n \u00f6zellikle deniz hukuku alan\u0131nda \u00e7al\u0131\u015fan ve ara\u015ft\u0131rmac\u0131 yeti\u015ftirmeye odaklanan bir kurum oldu\u011funun alt\u0131n\u0131 \u00e7izen <strong>DEHUKAM Y\u00f6netim Kurulu Ba\u015fkan\u0131 S\u00fcleyman \u00d6nel de<\/strong> <em>\u201cT\u00dcREB zaten kurulu\u015f amac\u0131 dolay\u0131s\u0131yla g\u00fc\u00e7l\u00fc bir sekt\u00f6rel eri\u015fime ve ilgili ara\u015ft\u0131rma altyap\u0131s\u0131na sahip. Y\u0131llar \u00f6nce Enerji ve Tabii Kaynaklar Bakanl\u0131\u011f\u0131m\u0131z, \u00f6zel sekt\u00f6r ve akademinin vizyonu sayesinde kurulmu\u015f bu birli\u011fin deniz \u00fcst\u00fc alan\u0131nda da \u00e7al\u0131\u015fmas\u0131n\u0131 destekliyoruz. Biz de DEHUKAM olarak denizin dokundu\u011fu her yerde olmak istiyoruz. T\u00dcREB Y\u00f6netimi de bu ama\u00e7la bizimle ba\u011flant\u0131ya ge\u00e7ti. DEHUKAM y\u00f6netimi olarak i\u015f birli\u011fi ile ortak \u00e7al\u0131\u015fmalar\u0131n \u00fclkemize ve deniz \u00fcst\u00fc r\u00fczgar alan\u0131ndaki hedeflerimize yarar sa\u011flayaca\u011f\u0131 d\u00fc\u015f\u00fcncesiyle her iki kurum aras\u0131nda deniz \u00fcst\u00fc r\u00fczgar alan\u0131nda kar\u015f\u0131l\u0131kl\u0131 bilgi al\u0131\u015fveri\u015fi yaparak birlik ve beraberlik i\u00e7erisinde \u00e7al\u0131\u015fmay\u0131 hedefliyoruz. Protokolle deniz \u00fcst\u00fc r\u00fczg\u00e2r enerjisi faaliyetlerinde hukuki altyap\u0131ya y\u00f6nelik e\u011fitim konular\u0131nda T\u00dcREB\u2019e destek olarak \u00fclkemizin bu alandaki ihtiyac\u0131n\u0131 verimli bir \u015fekilde kar\u015f\u0131layacak \u00e7al\u0131\u015fmalar yapmay\u0131 ama\u00e7l\u0131yoruz\u201d<\/em> \u015feklinde konu\u015ftu.<\/p>","protected":false},"excerpt":{"rendered":"<p>Sorry, this entry is only available in Turkish. For the sake of viewer convenience, the content is shown below in the alternative language. You may click the link to switch the active language. T\u00fcrkiye r\u00fczgar sekt\u00f6r\u00fcn\u00fcn \u00e7at\u0131 kurulu\u015fu T\u00dcREB ile deniz hukuku ve siyaseti alanlar\u0131nda \u00fclkemizin uzman kurumlar\u0131n\u0131n ba\u015f\u0131nda gelen DEHUKAM aras\u0131nda bir i\u015f birli\u011fi [&hellip;]<\/p>\n","protected":false},"author":1,"featured_media":187005,"comment_status":"open","ping_status":"open","sticky":false,"template":"","format":"standard","meta":[],"categories":[53,50],"tags":[113413,38713,9630,113414,5320,1682],"views":32,"_links":{"self":[{"href":"https:\/\/www.enerjigazetesi.ist\/en\/wp-json\/wp\/v2\/posts\/187002"}],"collection":[{"href":"https:\/\/www.enerjigazetesi.ist\/en\/wp-json\/wp\/v2\/posts"}],"about":[{"href":"https:\/\/www.enerjigazetesi.ist\/en\/wp-json\/wp\/v2\/types\/post"}],"author":[{"embeddable":true,"href":"https:\/\/www.enerjigazetesi.ist\/en\/wp-json\/wp\/v2\/users\/1"}],"replies":[{"embeddable":true,"href":"https:\/\/www.enerjigazetesi.ist\/en\/wp-json\/wp\/v2\/comments?post=187002"}],"version-history":[{"count":0,"href":"https:\/\/www.enerjigazetesi.ist\/en\/wp-json\/wp\/v2\/posts\/187002\/revisions"}],"wp:featuredmedia":[{"embeddable":true,"href":"https:\/\/www.enerjigazetesi.ist\/en\/wp-json\/wp\/v2\/media\/187005"}],"wp:attachment":[{"href":"https:\/\/www.enerjigazetesi.ist\/en\/wp-json\/wp\/v2\/media?parent=187002"}],"wp:term":[{"taxonomy":"category","embeddable":true,"href":"https:\/\/www.enerjigazetesi.ist\/en\/wp-json\/wp\/v2\/categories?post=187002"},{"taxonomy":"post_tag","embeddable":true,"href":"https:\/\/www.enerjigazetesi.ist\/en\/wp-json\/wp\/v2\/tags?post=187002"}],"curies":[{"name":"wp","href":"https:\/\/api.w.org\/{rel}","templated":true}]}}