{"id":186961,"date":"2024-04-15T19:09:01","date_gmt":"2024-04-15T16:09:01","guid":{"rendered":"https:\/\/www.enerjigazetesi.ist\/?p=186961"},"modified":"2024-04-15T21:28:31","modified_gmt":"2024-04-15T18:28:31","slug":"sifir-atik-projesiyle-ilgili-genelge-resmi-gazete-de-yayimlandi","status":"publish","type":"post","link":"https:\/\/www.enerjigazetesi.ist\/en\/sifir-atik-projesiyle-ilgili-genelge-resmi-gazete-de-yayimlandi\/","title":{"rendered":"(Turkish) &#8217;S\u0131f\u0131r At\u0131k&#8217; Projesiyle \u0130lgili Genelge, Resmi Gazete\u2019de Yay\u0131mland\u0131"},"content":{"rendered":"<p class=\"qtranxs-available-languages-message qtranxs-available-languages-message-en\">Sorry, this entry is only available in <a href=\"https:\/\/www.enerjigazetesi.ist\/tr\/wp-json\/wp\/v2\/posts\/186961\" class=\"qtranxs-available-language-link qtranxs-available-language-link-tr\" title=\"Turkish\">Turkish<\/a>. For the sake of viewer convenience, the content is shown below in the alternative language. You may click the link to switch the active language.<\/p><p><\/p>\n<h2><strong>\u2018S\u0131f\u0131r At\u0131k\u2019 projesiyle ilgili genelge, Resmi Gazete\u2019nin 2 Nisan 2024 tarihli say\u0131s\u0131nda yay\u0131mland\u0131.<\/strong><\/h2>\n<p style=\"text-align: center;\"><img loading=\"lazy\" class=\"aligncenter wp-image-186963\" src=\"https:\/\/www.enerjigazetesi.ist\/wp-content\/uploads\/2024\/04\/sifir-atik-projesiyle-ilgili-genelge-resmi-gazete-de-yayimlandi.jpg\" alt=\"\" width=\"500\" height=\"281\" srcset=\"https:\/\/www.enerjigazetesi.ist\/wp-content\/uploads\/2024\/04\/sifir-atik-projesiyle-ilgili-genelge-resmi-gazete-de-yayimlandi.jpg 550w, https:\/\/www.enerjigazetesi.ist\/wp-content\/uploads\/2024\/04\/sifir-atik-projesiyle-ilgili-genelge-resmi-gazete-de-yayimlandi-300x169.jpg 300w, https:\/\/www.enerjigazetesi.ist\/wp-content\/uploads\/2024\/04\/sifir-atik-projesiyle-ilgili-genelge-resmi-gazete-de-yayimlandi-500x281.jpg 500w, https:\/\/www.enerjigazetesi.ist\/wp-content\/uploads\/2024\/04\/sifir-atik-projesiyle-ilgili-genelge-resmi-gazete-de-yayimlandi-80x45.jpg 80w\" sizes=\"(max-width: 500px) 100vw, 500px\" \/><\/p>\n<p>T.C. Cumhurba\u015fkan\u0131 Recep Tayyip Erdo\u011fan\u2019\u0131n imzas\u0131yla Resmi Gazete\u2019de yay\u0131mlanan genelge \u015fu \u015fekildedir:<\/p>\n<p><em>\u201cGelecek nesillere ya\u015fan\u0131labilir bir d\u00fcnya b\u0131rakmak gayesiyle s\u0131f\u0131r at\u0131k \u00e7al\u0131\u015fmalar\u0131 kararl\u0131l\u0131kla devam etmektedir. Bu kapsamda bina ve yerle\u015fkeler ile mahalli idarelerde olu\u015fturulacak s\u0131f\u0131r at\u0131k y\u00f6netim sisteminin 9\/8\/1983 tarihli ve 2872 say\u0131l\u0131 \u00c7evre Kanunu, 12\/7\/2019 tarihli ve 30829 say\u0131l\u0131 Resmi Gazete\u2019de yay\u0131mlanarak y\u00fcr\u00fcrl\u00fc\u011fe giren S\u0131f\u0131r At\u0131k Y\u00f6netmeli\u011fi ve ilgili di\u011fer mevzuata uygun olarak kurulmas\u0131 gerekmekte olup bu sistemi kurmayan, kurup s\u0131f\u0131r at\u0131k belgesi almayan ve\/veya s\u0131f\u0131r at\u0131k belgesi bulunmas\u0131na ra\u011fmen s\u0131f\u0131r at\u0131k y\u00f6netim sistemini etkin bir \u015fekilde uygulamayan bina ve yerle\u015fkeler ile mahalli idarelerde s\u0131f\u0131r at\u0131k sistemi ile ilgili eksiklikler giderilecek, gerekli denetim ve takip titizlikle yap\u0131lacak, y\u00fck\u00fcml\u00fcl\u00fcklerini yerine getirmekten imtina edenlere ilgili mevzuat h\u00fck\u00fcmleri uyar\u0131nca idari yapt\u0131r\u0131m uygulanacakt\u0131r. Ayr\u0131ca \u00c7evre, \u015eehircilik ve \u0130klim De\u011fi\u015fikli\u011fi Bakanl\u0131\u011f\u0131 taraf\u0131ndan belirlenecek usul ve esaslar \u00e7er\u00e7evesinde ilgili kamu kurum ve kurulu\u015flar\u0131yla birlikte 30 Mart Uluslararas\u0131 S\u0131f\u0131r At\u0131k G\u00fcn\u00fc kapsam\u0131nda etkinlikler d\u00fczenlenecektir. S\u00f6z konusu etkinliklerden Cumhurba\u015fkanl\u0131\u011f\u0131nca belirlenecekler, Cumhurba\u015fkanl\u0131\u011f\u0131 himayesinde yap\u0131labilecektir. Bu \u00e7er\u00e7evede tertiplenecek etkinliklerin en iyi \u015fekilde ger\u00e7ekle\u015ftirilebilmesi, s\u0131f\u0131r at\u0131k y\u00f6netim sisteminin gerek bina ve yerle\u015fkelerde gerekse mahalli idarelerde uygulanmas\u0131 noktas\u0131nda \u00e7al\u0131\u015fmalar\u0131n h\u0131zland\u0131r\u0131lmas\u0131 i\u00e7in ihtiya\u00e7 duyulacak her t\u00fcrl\u00fc destek ve yard\u0131m\u0131n t\u00fcm kamu kurum ve kurulu\u015flar\u0131nca yerine getirilmesi hususunda bilgilerini ve gere\u011fini rica ederim.\u201d<\/em><\/p>","protected":false},"excerpt":{"rendered":"<p>Sorry, this entry is only available in Turkish. For the sake of viewer convenience, the content is shown below in the alternative language. You may click the link to switch the active language. \u2018S\u0131f\u0131r At\u0131k\u2019 projesiyle ilgili genelge, Resmi Gazete\u2019nin 2 Nisan 2024 tarihli say\u0131s\u0131nda yay\u0131mland\u0131. T.C. Cumhurba\u015fkan\u0131 Recep Tayyip Erdo\u011fan\u2019\u0131n imzas\u0131yla Resmi Gazete\u2019de yay\u0131mlanan [&hellip;]<\/p>\n","protected":false},"author":1,"featured_media":186963,"comment_status":"open","ping_status":"open","sticky":false,"template":"","format":"standard","meta":[],"categories":[53],"tags":[2530,63602,2048,1388,38488],"views":39,"_links":{"self":[{"href":"https:\/\/www.enerjigazetesi.ist\/en\/wp-json\/wp\/v2\/posts\/186961"}],"collection":[{"href":"https:\/\/www.enerjigazetesi.ist\/en\/wp-json\/wp\/v2\/posts"}],"about":[{"href":"https:\/\/www.enerjigazetesi.ist\/en\/wp-json\/wp\/v2\/types\/post"}],"author":[{"embeddable":true,"href":"https:\/\/www.enerjigazetesi.ist\/en\/wp-json\/wp\/v2\/users\/1"}],"replies":[{"embeddable":true,"href":"https:\/\/www.enerjigazetesi.ist\/en\/wp-json\/wp\/v2\/comments?post=186961"}],"version-history":[{"count":0,"href":"https:\/\/www.enerjigazetesi.ist\/en\/wp-json\/wp\/v2\/posts\/186961\/revisions"}],"wp:featuredmedia":[{"embeddable":true,"href":"https:\/\/www.enerjigazetesi.ist\/en\/wp-json\/wp\/v2\/media\/186963"}],"wp:attachment":[{"href":"https:\/\/www.enerjigazetesi.ist\/en\/wp-json\/wp\/v2\/media?parent=186961"}],"wp:term":[{"taxonomy":"category","embeddable":true,"href":"https:\/\/www.enerjigazetesi.ist\/en\/wp-json\/wp\/v2\/categories?post=186961"},{"taxonomy":"post_tag","embeddable":true,"href":"https:\/\/www.enerjigazetesi.ist\/en\/wp-json\/wp\/v2\/tags?post=186961"}],"curies":[{"name":"wp","href":"https:\/\/api.w.org\/{rel}","templated":true}]}}