{"id":186938,"date":"2024-04-15T17:20:09","date_gmt":"2024-04-15T14:20:09","guid":{"rendered":"https:\/\/www.enerjigazetesi.ist\/?p=186938"},"modified":"2024-04-15T17:20:24","modified_gmt":"2024-04-15T14:20:24","slug":"sedas-kocaeli-nin-elektrik-altyapisini-guclendirmeye-devam-ediyor","status":"publish","type":"post","link":"https:\/\/www.enerjigazetesi.ist\/en\/sedas-kocaeli-nin-elektrik-altyapisini-guclendirmeye-devam-ediyor\/","title":{"rendered":"(Turkish) &#8217;SEDA\u015e&#8217; Kocaeli\u2019nin Elektrik Altyap\u0131s\u0131n\u0131 G\u00fc\u00e7lendirmeye Devam Ediyor"},"content":{"rendered":"<p class=\"qtranxs-available-languages-message qtranxs-available-languages-message-en\">Sorry, this entry is only available in <a href=\"https:\/\/www.enerjigazetesi.ist\/tr\/wp-json\/wp\/v2\/posts\/186938\" class=\"qtranxs-available-language-link qtranxs-available-language-link-tr\" title=\"Turkish\">Turkish<\/a>. For the sake of viewer convenience, the content is shown below in the alternative language. You may click the link to switch the active language.<\/p><p><\/p>\n<h2><strong>SEDA\u015e, Kocaeli\u2019nin kesintisiz enerji ihtiyac\u0131n\u0131 kar\u015f\u0131lamak ve b\u00f6lgenin geli\u015fimine katk\u0131da bulunmak ad\u0131na kararl\u0131l\u0131kla \u00e7al\u0131\u015fmalar\u0131n\u0131 s\u00fcrd\u00fcr\u00fcyor. 2023 y\u0131l\u0131nda Kocaeli\u2019nin da\u011f\u0131t\u0131m \u015febekesindeki ihtiya\u00e7lar i\u00e7in yakla\u015f\u0131k 717 milyon TL yat\u0131r\u0131m yapan SEDA\u015e, 2024 y\u0131l\u0131 i\u00e7in 85 projede 1 milyar TL\u2019nin \u00fczerinde yat\u0131r\u0131m planl\u0131yor.<\/strong><\/h2>\n<p style=\"text-align: center;\"><img loading=\"lazy\" class=\"aligncenter wp-image-186941\" src=\"https:\/\/www.enerjigazetesi.ist\/wp-content\/uploads\/2024\/04\/sedas-kocaeli-nin-elektrik-altyapisini-guclendirmeye-devam-ediyor-1.jpg\" alt=\"\" width=\"500\" height=\"385\" srcset=\"https:\/\/www.enerjigazetesi.ist\/wp-content\/uploads\/2024\/04\/sedas-kocaeli-nin-elektrik-altyapisini-guclendirmeye-devam-ediyor-1.jpg 550w, https:\/\/www.enerjigazetesi.ist\/wp-content\/uploads\/2024\/04\/sedas-kocaeli-nin-elektrik-altyapisini-guclendirmeye-devam-ediyor-1-300x231.jpg 300w, https:\/\/www.enerjigazetesi.ist\/wp-content\/uploads\/2024\/04\/sedas-kocaeli-nin-elektrik-altyapisini-guclendirmeye-devam-ediyor-1-500x385.jpg 500w, https:\/\/www.enerjigazetesi.ist\/wp-content\/uploads\/2024\/04\/sedas-kocaeli-nin-elektrik-altyapisini-guclendirmeye-devam-ediyor-1-65x50.jpg 65w, https:\/\/www.enerjigazetesi.ist\/wp-content\/uploads\/2024\/04\/sedas-kocaeli-nin-elektrik-altyapisini-guclendirmeye-devam-ediyor-1-260x200.jpg 260w\" sizes=\"(max-width: 500px) 100vw, 500px\" \/><\/p>\n<p>20 bin kilometrekarelik alandaki 3,8 milyon n\u00fcfusa hizmet veren Sakarya Elektrik Da\u011f\u0131t\u0131m A.\u015e. (SEDA\u015e), Kocaeli\u2019ndeki yat\u0131r\u0131m \u00e7al\u0131\u015fmalar\u0131na kararl\u0131l\u0131kla devam ediyor. T\u00fcrkiye\u2019nin sanayi ve n\u00fcfus yo\u011funlu\u011fu dolay\u0131s\u0131yla enerji altyap\u0131s\u0131n\u0131n g\u00fc\u00e7lendirilmesi a\u00e7\u0131s\u0131ndan stratejik bir konuma sahip Kocaeli\u2019nin kesintisiz enerji ihtiyac\u0131n\u0131 kar\u015f\u0131lamak i\u00e7in <strong>2023 y\u0131l\u0131nda<\/strong> da\u011f\u0131t\u0131m \u015febekesine yakla\u015f\u0131k<strong> 717 milyon TL yat\u0131r\u0131m<\/strong> yapan SEDA\u015e, bu kapsamda b\u00f6lgeye <strong>96 adet yeni trafo<\/strong> tesis etti.<\/p>\n<p>Yat\u0131r\u0131mlara h\u0131z kesmeden devam edilece\u011fini belirten <strong>SEDA\u015e \u0130cra Ba\u015fkan\u0131 Dr. Necmi Odyakmaz,<\/strong> <em>\u201c2024 y\u0131l\u0131nda, Kocaeli\u2019nde 85 farkl\u0131 projede toplamda 1 milyar 53 milyon 700 bin TL de\u011ferinde yat\u0131r\u0131m planl\u0131yoruz. Bu yat\u0131r\u0131mlarla birlikte yakla\u015f\u0131k 150 adet yeni trafo tesisi devreye al\u0131nacak ve b\u00f6lgenin elektrik altyap\u0131s\u0131 daha da g\u00fc\u00e7lendirilecektir. \u00d6zellikle Kartepe ve Ba\u015fiskele il\u00e7elerindeki elektrik da\u011f\u0131t\u0131m hatlar\u0131nda ya\u015fanacak olas\u0131 enerji kesintilerinin \u00f6n\u00fcne ge\u00e7mek i\u00e7in ba\u015flatt\u0131\u011f\u0131m\u0131z \u00e7al\u0131\u015fmalar \u00f6nemli bir ad\u0131m olacakt\u0131r. Kartepe \u015eevkatiye &#8211; \u015eirinsulhiye Al\u00e7ak Gerilim-Orta Gerilim (AG-OG) yeralt\u0131 projesi, Suadiye \u00c7epni caddesi \u015febeke yenileme projesi ve Kand\u0131ra 2 enerji nakil hatt\u0131n\u0131n yenilenmesi projesi gibi b\u00fcy\u00fck \u00f6l\u00e7ekli projelerle b\u00f6lgedeki elektrik altyap\u0131s\u0131n\u0131 modernize ediyoruz. Ayn\u0131 zamanda b\u00f6lgenin alternatif besleme hatlar\u0131n\u0131n da tesis edilmesine \u00f6ncelik veriyoruz. Bu kapsamda yo\u011fun sanayi ve ticaret alanlar\u0131n\u0131n bulundu\u011fu Kullar Vezir\u00e7iftli\u011fi ve Karadenizliler b\u00f6lgesindeki alternatif besleme ve \u015febeke d\u00fczenleme projesi ile enerji taleplerinin kesintisiz olarak sa\u011flanmas\u0131n\u0131 hedefliyoruz\u201d<\/em> \u015feklinde bilgi verdi.<\/p>\n<p>SEDA\u015e\u2019\u0131n kaliteli hizmet ve kesintisiz enerji hedefiyle Kocaeli\u2019nin en g\u00fcncel ihtiya\u00e7lar\u0131n\u0131 ara\u015ft\u0131rarak m\u00fc\u015fterilerin beklentilerini kar\u015f\u0131layacak yat\u0131r\u0131m planlamas\u0131na ara vermeden devam etti\u011finin alt\u0131n\u0131 \u00e7izen Odyakmaz, ger\u00e7ekle\u015ftirdikleri yat\u0131r\u0131mlar ve planlanan bak\u0131m \u00e7al\u0131\u015fmalar\u0131yla, Kocaeli b\u00f6lgesinin elektrik altyap\u0131s\u0131n\u0131 daha da g\u00fc\u00e7lendirerek kesintisiz bir elektrik da\u011f\u0131t\u0131m hizmeti sa\u011flamay\u0131 hedeflediklerine dikkat \u00e7ekti.<\/p>\n<p>2024 y\u0131l\u0131n\u0131n ilk iki ayl\u0131k d\u00f6neminde ger\u00e7ekle\u015ftirilen bak\u0131m faaliyetlerinde ise <strong>yakla\u015f\u0131k 10 milyon TL<\/strong> harcand\u0131\u011f\u0131n\u0131 kaydeden Odyakmaz, <em>\u201cY\u0131l sonuna kadar planlanan bak\u0131m b\u00fct\u00e7esini 171 milyon TL civar\u0131nda belirledik. Bu kapsamda 1.519 km hatt\u0131n bak\u0131m\u0131, 2.471 adet trafonun ve 1.583 adet saha da\u011f\u0131t\u0131m kutusunun (SDK) bak\u0131m\u0131 ger\u00e7ekle\u015ftirilecek. S\u00f6z konusu bak\u0131m \u00e7al\u0131\u015fmalar\u0131n\u0131n ard\u0131ndan b\u00f6lgedeki elektrik \u015febekesi yenilenerek beraberinde kesinti say\u0131 ve s\u00fcrelerinde azal\u0131\u015flar olu\u015facakt\u0131r\u201d<\/em> \u015feklinde s\u00f6zlerini noktalad\u0131.<\/p>","protected":false},"excerpt":{"rendered":"<p>Sorry, this entry is only available in Turkish. For the sake of viewer convenience, the content is shown below in the alternative language. You may click the link to switch the active language. SEDA\u015e, Kocaeli\u2019nin kesintisiz enerji ihtiyac\u0131n\u0131 kar\u015f\u0131lamak ve b\u00f6lgenin geli\u015fimine katk\u0131da bulunmak ad\u0131na kararl\u0131l\u0131kla \u00e7al\u0131\u015fmalar\u0131n\u0131 s\u00fcrd\u00fcr\u00fcyor. 2023 y\u0131l\u0131nda Kocaeli\u2019nin da\u011f\u0131t\u0131m \u015febekesindeki ihtiya\u00e7lar i\u00e7in [&hellip;]<\/p>\n","protected":false},"author":1,"featured_media":186940,"comment_status":"open","ping_status":"open","sticky":false,"template":"","format":"standard","meta":[],"categories":[51,53],"tags":[70051,4546,1254,102600,2444],"views":31,"_links":{"self":[{"href":"https:\/\/www.enerjigazetesi.ist\/en\/wp-json\/wp\/v2\/posts\/186938"}],"collection":[{"href":"https:\/\/www.enerjigazetesi.ist\/en\/wp-json\/wp\/v2\/posts"}],"about":[{"href":"https:\/\/www.enerjigazetesi.ist\/en\/wp-json\/wp\/v2\/types\/post"}],"author":[{"embeddable":true,"href":"https:\/\/www.enerjigazetesi.ist\/en\/wp-json\/wp\/v2\/users\/1"}],"replies":[{"embeddable":true,"href":"https:\/\/www.enerjigazetesi.ist\/en\/wp-json\/wp\/v2\/comments?post=186938"}],"version-history":[{"count":0,"href":"https:\/\/www.enerjigazetesi.ist\/en\/wp-json\/wp\/v2\/posts\/186938\/revisions"}],"wp:featuredmedia":[{"embeddable":true,"href":"https:\/\/www.enerjigazetesi.ist\/en\/wp-json\/wp\/v2\/media\/186940"}],"wp:attachment":[{"href":"https:\/\/www.enerjigazetesi.ist\/en\/wp-json\/wp\/v2\/media?parent=186938"}],"wp:term":[{"taxonomy":"category","embeddable":true,"href":"https:\/\/www.enerjigazetesi.ist\/en\/wp-json\/wp\/v2\/categories?post=186938"},{"taxonomy":"post_tag","embeddable":true,"href":"https:\/\/www.enerjigazetesi.ist\/en\/wp-json\/wp\/v2\/tags?post=186938"}],"curies":[{"name":"wp","href":"https:\/\/api.w.org\/{rel}","templated":true}]}}