{"id":186851,"date":"2024-04-09T12:25:57","date_gmt":"2024-04-09T09:25:57","guid":{"rendered":"https:\/\/www.enerjigazetesi.ist\/?p=186851"},"modified":"2024-04-09T12:26:15","modified_gmt":"2024-04-09T09:26:15","slug":"yardimsever-is-insani-400-den-fazla-abonenin-elektrik-faturasini-odedi","status":"publish","type":"post","link":"https:\/\/www.enerjigazetesi.ist\/en\/yardimsever-is-insani-400-den-fazla-abonenin-elektrik-faturasini-odedi\/","title":{"rendered":"(Turkish) &#8217;Yard\u0131msever \u0130\u015f \u0130nsan\u0131&#8217; 400\u2019den Fazla Abonenin Elektrik Faturas\u0131n\u0131 \u00d6dedi"},"content":{"rendered":"<p class=\"qtranxs-available-languages-message qtranxs-available-languages-message-en\">Sorry, this entry is only available in <a href=\"https:\/\/www.enerjigazetesi.ist\/tr\/wp-json\/wp\/v2\/posts\/186851\" class=\"qtranxs-available-language-link qtranxs-available-language-link-tr\" title=\"Turkish\">Turkish<\/a>. For the sake of viewer convenience, the content is shown below in the alternative language. You may click the link to switch the active language.<\/p><p><\/p>\n<h2><strong>T\u00fcrkiye\u2019nin d\u00f6rt bir yan\u0131ndaki yard\u0131mseverler, Ramazan&#8217;\u0131n birle\u015ftirici ruhuyla ihtiya\u00e7 sahiplerine destek olmaya devam ediyor. Sanayici ve i\u015f insanlar\u0131n\u0131n ve sivil toplum kurulu\u015flar\u0131 gibi pek \u00e7ok kurumun yan\u0131 s\u0131ra bireysel yard\u0131mlar da yap\u0131lmaya devam ediyor. Bu kapsamda bir yard\u0131mla\u015fma haberi de Bursa\u2019dan geldi. Bursal\u0131 yard\u0131msever bir i\u015f insan\u0131, ekonomik anlamda zorluk ya\u015fayan ailelerin elektrik faturalar\u0131n\u0131 \u00f6dedi.<\/strong><\/h2>\n<p style=\"text-align: center;\"><img loading=\"lazy\" class=\"aligncenter wp-image-186853\" src=\"https:\/\/www.enerjigazetesi.ist\/wp-content\/uploads\/2024\/04\/yardimsever-is-insani-400-den-fazla-abonenin-elektrik-faturasini-odedi.jpg\" alt=\"\" width=\"500\" height=\"339\" srcset=\"https:\/\/www.enerjigazetesi.ist\/wp-content\/uploads\/2024\/04\/yardimsever-is-insani-400-den-fazla-abonenin-elektrik-faturasini-odedi.jpg 550w, https:\/\/www.enerjigazetesi.ist\/wp-content\/uploads\/2024\/04\/yardimsever-is-insani-400-den-fazla-abonenin-elektrik-faturasini-odedi-300x203.jpg 300w, https:\/\/www.enerjigazetesi.ist\/wp-content\/uploads\/2024\/04\/yardimsever-is-insani-400-den-fazla-abonenin-elektrik-faturasini-odedi-500x339.jpg 500w, https:\/\/www.enerjigazetesi.ist\/wp-content\/uploads\/2024\/04\/yardimsever-is-insani-400-den-fazla-abonenin-elektrik-faturasini-odedi-74x50.jpg 74w\" sizes=\"(max-width: 500px) 100vw, 500px\" \/><\/p>\n<p>\u0130sminin a\u00e7\u0131klanmas\u0131n\u0131 istemeyen yard\u0131msever i\u015f insan\u0131, elektrik faturalar\u0131n\u0131n \u00f6denmesine talip oldu. Yard\u0131ma ihtiyac\u0131 olan ailelere destek olmak isteyen hay\u0131rsever i\u015f insan\u0131, <strong>Uluda\u011f Elektrik<\/strong> \u015firketinden <strong>\u00f6deme g\u00fc\u00e7l\u00fc\u011f\u00fc ya\u015fayan ailelerin tespit edilmesini<\/strong> talep etti. \u015eirket hemen harekete ge\u00e7erek, bu kapsamdaki mesken abonelerinin elektrik faturalar\u0131n\u0131 belirledi.<\/p>\n<p>Bu ki\u015filer belirlenirken <strong>sosyal yard\u0131m deste\u011fi<\/strong> alan ve <strong>evinde cihaza ba\u011fl\u0131 hastas\u0131 olan ki\u015filer<\/strong> tercih edildi. Yard\u0131msever i\u015f insan\u0131 taraf\u0131ndan <strong>400&#8217;den fazla<\/strong> abonenin <strong>600&#8217;\u00fcn \u00fczerinde faturas\u0131<\/strong> \u00f6denirken; toplamda <strong>200 bin TL<\/strong>\u2019lik bir tutar, <strong>fatura \u00f6demelerinde<\/strong> kullan\u0131ld\u0131.<\/p>","protected":false},"excerpt":{"rendered":"<p>Sorry, this entry is only available in Turkish. For the sake of viewer convenience, the content is shown below in the alternative language. You may click the link to switch the active language. T\u00fcrkiye\u2019nin d\u00f6rt bir yan\u0131ndaki yard\u0131mseverler, Ramazan&#8217;\u0131n birle\u015ftirici ruhuyla ihtiya\u00e7 sahiplerine destek olmaya devam ediyor. Sanayici ve i\u015f insanlar\u0131n\u0131n ve sivil toplum kurulu\u015flar\u0131 [&hellip;]<\/p>\n","protected":false},"author":1,"featured_media":186853,"comment_status":"open","ping_status":"open","sticky":false,"template":"","format":"standard","meta":[],"categories":[51,53],"tags":[958,4061,113365,113366,28709],"views":26,"_links":{"self":[{"href":"https:\/\/www.enerjigazetesi.ist\/en\/wp-json\/wp\/v2\/posts\/186851"}],"collection":[{"href":"https:\/\/www.enerjigazetesi.ist\/en\/wp-json\/wp\/v2\/posts"}],"about":[{"href":"https:\/\/www.enerjigazetesi.ist\/en\/wp-json\/wp\/v2\/types\/post"}],"author":[{"embeddable":true,"href":"https:\/\/www.enerjigazetesi.ist\/en\/wp-json\/wp\/v2\/users\/1"}],"replies":[{"embeddable":true,"href":"https:\/\/www.enerjigazetesi.ist\/en\/wp-json\/wp\/v2\/comments?post=186851"}],"version-history":[{"count":0,"href":"https:\/\/www.enerjigazetesi.ist\/en\/wp-json\/wp\/v2\/posts\/186851\/revisions"}],"wp:featuredmedia":[{"embeddable":true,"href":"https:\/\/www.enerjigazetesi.ist\/en\/wp-json\/wp\/v2\/media\/186853"}],"wp:attachment":[{"href":"https:\/\/www.enerjigazetesi.ist\/en\/wp-json\/wp\/v2\/media?parent=186851"}],"wp:term":[{"taxonomy":"category","embeddable":true,"href":"https:\/\/www.enerjigazetesi.ist\/en\/wp-json\/wp\/v2\/categories?post=186851"},{"taxonomy":"post_tag","embeddable":true,"href":"https:\/\/www.enerjigazetesi.ist\/en\/wp-json\/wp\/v2\/tags?post=186851"}],"curies":[{"name":"wp","href":"https:\/\/api.w.org\/{rel}","templated":true}]}}