{"id":186822,"date":"2024-04-08T17:16:14","date_gmt":"2024-04-08T14:16:14","guid":{"rendered":"https:\/\/www.enerjigazetesi.ist\/?p=186822"},"modified":"2024-04-08T17:16:14","modified_gmt":"2024-04-08T14:16:14","slug":"sedas-ailesi-geleneksel-bayramlasma-etkinliginde-bir-araya-geldi-2","status":"publish","type":"post","link":"https:\/\/www.enerjigazetesi.ist\/en\/sedas-ailesi-geleneksel-bayramlasma-etkinliginde-bir-araya-geldi-2\/","title":{"rendered":"(Turkish) &#8217;SEDA\u015e Ailesi&#8217; Geleneksel Bayramla\u015fma Etkinli\u011finde Bir Araya Geldi"},"content":{"rendered":"<p class=\"qtranxs-available-languages-message qtranxs-available-languages-message-en\">Sorry, this entry is only available in <a href=\"https:\/\/www.enerjigazetesi.ist\/tr\/wp-json\/wp\/v2\/posts\/186822\" class=\"qtranxs-available-language-link qtranxs-available-language-link-tr\" title=\"Turkish\">Turkish<\/a>. For the sake of viewer convenience, the content is shown below in the alternative language. You may click the link to switch the active language.<\/p><p><\/p>\n<h2>Sakarya Elektrik Da\u011f\u0131t\u0131m A.\u015e. (SEDA\u015e) \u00e7al\u0131\u015fanlar\u0131, Ramazan Bayram\u0131\u2019n\u0131n mutlulu\u011funu bu y\u0131l da birlikte ya\u015fad\u0131lar. Sakarya, Kocaeli, Bolu, D\u00fczce ve Gebze\u2019deki SEDA\u015e B\u00f6lge M\u00fcd\u00fcrl\u00fcklerinde d\u00fczenlenen geleneksel bulu\u015fmada y\u00f6neticiler ve \u00e7al\u0131\u015fanlar bayramla\u015ft\u0131lar.<\/h2>\n<p style=\"text-align: center;\"><img loading=\"lazy\" class=\"aligncenter wp-image-186825\" src=\"https:\/\/www.enerjigazetesi.ist\/wp-content\/uploads\/2024\/04\/sedas-ailesi-geleneksel-bayramlasma-etkinliginde-bir-araya-geldi-3.jpg\" alt=\"\" width=\"500\" height=\"251\" srcset=\"https:\/\/www.enerjigazetesi.ist\/wp-content\/uploads\/2024\/04\/sedas-ailesi-geleneksel-bayramlasma-etkinliginde-bir-araya-geldi-3.jpg 550w, https:\/\/www.enerjigazetesi.ist\/wp-content\/uploads\/2024\/04\/sedas-ailesi-geleneksel-bayramlasma-etkinliginde-bir-araya-geldi-3-300x151.jpg 300w, https:\/\/www.enerjigazetesi.ist\/wp-content\/uploads\/2024\/04\/sedas-ailesi-geleneksel-bayramlasma-etkinliginde-bir-araya-geldi-3-500x251.jpg 500w, https:\/\/www.enerjigazetesi.ist\/wp-content\/uploads\/2024\/04\/sedas-ailesi-geleneksel-bayramlasma-etkinliginde-bir-araya-geldi-3-80x40.jpg 80w\" sizes=\"(max-width: 500px) 100vw, 500px\" \/><\/p>\n<p>Etkinli\u011fe SEDA\u015e\u2019\u0131n \u00dcst Y\u00f6netim Ekibi, b\u00f6lge m\u00fcd\u00fcrleri, y\u00f6neticiler ve \u00e7al\u0131\u015fanlar kat\u0131ld\u0131. SEDA\u015e ailesinin bayramlar\u0131n\u0131n kutland\u0131\u011f\u0131 t\u00f6rende \u00e7al\u0131\u015fanlara kolonya ve \u00e7ikolata ikram edildi.<\/p>\n<p>Bayram bulu\u015fmalar\u0131n\u0131n geleneksel hale getirildi\u011fini belirten SEDA\u015e \u0130cra Ba\u015fkan\u0131 Dr. Necmi Odyakmaz, \u201cBayram\u0131n mutlulu\u011funu arkada\u015flar\u0131m\u0131zla ya\u015famaktan sevin\u00e7 duyduk. T\u00fcm SEDA\u015e ailesinin Ramazan Bayram\u0131 m\u00fcbarek olsun\u201d dedi.<\/p>","protected":false},"excerpt":{"rendered":"<p>Sorry, this entry is only available in Turkish. For the sake of viewer convenience, the content is shown below in the alternative language. You may click the link to switch the active language. Sakarya Elektrik Da\u011f\u0131t\u0131m A.\u015e. (SEDA\u015e) \u00e7al\u0131\u015fanlar\u0131, Ramazan Bayram\u0131\u2019n\u0131n mutlulu\u011funu bu y\u0131l da birlikte ya\u015fad\u0131lar. Sakarya, Kocaeli, Bolu, D\u00fczce ve Gebze\u2019deki SEDA\u015e B\u00f6lge [&hellip;]<\/p>\n","protected":false},"author":1,"featured_media":186824,"comment_status":"open","ping_status":"open","sticky":false,"template":"","format":"standard","meta":[],"categories":[51,53],"tags":[4546,17382,102600,51618],"views":39,"_links":{"self":[{"href":"https:\/\/www.enerjigazetesi.ist\/en\/wp-json\/wp\/v2\/posts\/186822"}],"collection":[{"href":"https:\/\/www.enerjigazetesi.ist\/en\/wp-json\/wp\/v2\/posts"}],"about":[{"href":"https:\/\/www.enerjigazetesi.ist\/en\/wp-json\/wp\/v2\/types\/post"}],"author":[{"embeddable":true,"href":"https:\/\/www.enerjigazetesi.ist\/en\/wp-json\/wp\/v2\/users\/1"}],"replies":[{"embeddable":true,"href":"https:\/\/www.enerjigazetesi.ist\/en\/wp-json\/wp\/v2\/comments?post=186822"}],"version-history":[{"count":0,"href":"https:\/\/www.enerjigazetesi.ist\/en\/wp-json\/wp\/v2\/posts\/186822\/revisions"}],"wp:featuredmedia":[{"embeddable":true,"href":"https:\/\/www.enerjigazetesi.ist\/en\/wp-json\/wp\/v2\/media\/186824"}],"wp:attachment":[{"href":"https:\/\/www.enerjigazetesi.ist\/en\/wp-json\/wp\/v2\/media?parent=186822"}],"wp:term":[{"taxonomy":"category","embeddable":true,"href":"https:\/\/www.enerjigazetesi.ist\/en\/wp-json\/wp\/v2\/categories?post=186822"},{"taxonomy":"post_tag","embeddable":true,"href":"https:\/\/www.enerjigazetesi.ist\/en\/wp-json\/wp\/v2\/tags?post=186822"}],"curies":[{"name":"wp","href":"https:\/\/api.w.org\/{rel}","templated":true}]}}