{"id":186813,"date":"2024-04-08T16:51:02","date_gmt":"2024-04-08T13:51:02","guid":{"rendered":"https:\/\/www.enerjigazetesi.ist\/?p=186813"},"modified":"2024-04-08T16:51:02","modified_gmt":"2024-04-08T13:51:02","slug":"gunder-den-marka-hakki-ihlalleriyle-ilgili-aciklama","status":"publish","type":"post","link":"https:\/\/www.enerjigazetesi.ist\/en\/gunder-den-marka-hakki-ihlalleriyle-ilgili-aciklama\/","title":{"rendered":"(Turkish) &#8217;G\u00dcNDER\u2019den Marka Hakk\u0131 \u0130hlalleriyle \u0130lgili A\u00e7\u0131klama"},"content":{"rendered":"<p class=\"qtranxs-available-languages-message qtranxs-available-languages-message-en\">Sorry, this entry is only available in <a href=\"https:\/\/www.enerjigazetesi.ist\/tr\/wp-json\/wp\/v2\/posts\/186813\" class=\"qtranxs-available-language-link qtranxs-available-language-link-tr\" title=\"Turkish\">Turkish<\/a>. For the sake of viewer convenience, the content is shown below in the alternative language. You may click the link to switch the active language.<\/p><p><\/p>\n<h2><strong>T\u00fcrkiye\u2019nin G\u00fcne\u015f Enerjisi Birli\u011fi G\u00dcNDER, artan marka ihlallerinin g\u00fcne\u015f enerjisi sekt\u00f6r\u00fcndeki firma g\u00fcvenilirli\u011fini olumsuz etkilemesi ve ticari itibarlar\u0131 zedelemesi nedeniyle kamuoyunun do\u011fru bilgilendirilmesi i\u00e7in a\u00e7\u0131klama yay\u0131nlad\u0131.<\/strong><\/h2>\n<p style=\"text-align: center;\"><img loading=\"lazy\" class=\"aligncenter wp-image-186815\" src=\"https:\/\/www.enerjigazetesi.ist\/wp-content\/uploads\/2024\/04\/gunder-den-marka-hakki-ihlalleriyle-ilgili-aciklama.jpg\" alt=\"\" width=\"500\" height=\"356\" srcset=\"https:\/\/www.enerjigazetesi.ist\/wp-content\/uploads\/2024\/04\/gunder-den-marka-hakki-ihlalleriyle-ilgili-aciklama.jpg 550w, https:\/\/www.enerjigazetesi.ist\/wp-content\/uploads\/2024\/04\/gunder-den-marka-hakki-ihlalleriyle-ilgili-aciklama-300x214.jpg 300w, https:\/\/www.enerjigazetesi.ist\/wp-content\/uploads\/2024\/04\/gunder-den-marka-hakki-ihlalleriyle-ilgili-aciklama-500x356.jpg 500w, https:\/\/www.enerjigazetesi.ist\/wp-content\/uploads\/2024\/04\/gunder-den-marka-hakki-ihlalleriyle-ilgili-aciklama-70x50.jpg 70w\" sizes=\"(max-width: 500px) 100vw, 500px\" \/><\/p>\n<p>G\u00dcNDER BASIN A\u00c7IKLAMASI &#8211; 04.04.2024<\/p>\n<p><strong>MARKA HAKKI \u0130HLALLER\u0130YLE \u0130LG\u0130L\u0130 A\u00c7IKLAMA<\/strong><\/p>\n<p><strong>De\u011ferli Sekt\u00f6r Payda\u015flar\u0131, Bas\u0131n Mensuplar\u0131 ve Kamuoyunun Dikkatine<\/strong><\/p>\n<p><strong>T\u00fcrkiye Fotovoltaik (FV) G\u00fcne\u015f Enerjisi Piyasas\u0131<\/strong>\u00a0son y\u0131llarda h\u0131zl\u0131 bir geli\u015fim g\u00f6sterirken sekt\u00f6r\u00fcm\u00fczde ihtiya\u00e7 duyulan iyile\u015ftirmeler de ayn\u0131 h\u0131zla \u00e7o\u011falmaktad\u0131r. G\u00fcne\u015f enerjisinden elektrik \u00fcretimini te\u015fvik eden ulusal politikalar\u0131n ve yat\u0131r\u0131mlar\u0131n her ge\u00e7en g\u00fcn art\u0131\u015f g\u00f6sterdi\u011fi g\u00fcn\u00fcm\u00fczde, faaliyet g\u00f6steren firma say\u0131s\u0131 artarken\u00a0<strong>marka hakk\u0131 ihlalleri ve \u00fcr\u00fcn taklitleri\u00a0<\/strong>konusunda hassasiyet g\u00f6sterilmedi\u011fi ve ihlallerin art\u0131\u015f g\u00f6sterdi\u011fi g\u00f6r\u00fclmektedir.\u00a0<strong>T\u00fcrkiye\u2019nin G\u00fcne\u015f Enerjisi Birli\u011fi G\u00dcNDER<\/strong> olarak, bu t\u00fcr ihlallerin sekt\u00f6r\u00fcm\u00fczdeki firma g\u00fcvenilirli\u011fini olumsuz etkilememesi, ticari itibarlar\u0131n\u0131 zedelememesi, konunun daha iyi anla\u015f\u0131lmas\u0131 ve kamuoyunun do\u011fru bilgilendirilmesi maksad\u0131yla konu ile ilgili a\u00e7\u0131klama yapma ihtiyac\u0131 duyulmu\u015ftur.<\/p>\n<p>Marka hakk\u0131 sahibinin izni olmaks\u0131z\u0131n, bir firman\u0131n markas\u0131n\u0131n kullan\u0131lmas\u0131 veya bir \u00fcr\u00fcn\u00fcn\u00fcn taklit edilmesi, haks\u0131z ticari uygulamalar\u0131 art\u0131rmakta ve mal veya hizmete ili\u015fkin ekonomik davran\u0131\u015f bi\u00e7imini \u00f6nemli \u00f6l\u00e7\u00fcde bozmaktad\u0131r.\u00a0<strong>G\u00dcNDER<\/strong>\u00a0olarak, sekt\u00f6r\u00fcm\u00fcz\u00fcn inovasyon kapasitesini ve rekabet g\u00fcc\u00fcn\u00fc azaltan marka hakk\u0131 ihlallerinin ticarette adil rekabeti engelledi\u011fine ve sekt\u00f6r\u00fcm\u00fczdeki t\u00fcm payda\u015flar\u0131n \u00e7\u0131karlar\u0131na zarar verdi\u011fine inan\u0131yoruz.\u00a0<strong>T\u00fcrkiye\u2019nin G\u00fcne\u015f Enerjisi Birli\u011fi G\u00dcNDER\u00a0<\/strong>olarak, bu konuda \u015feffaf ve adil bir i\u015f ortam\u0131n\u0131n olu\u015fturulmas\u0131 i\u00e7in \u00e7aba sarf edece\u011fimizi taahh\u00fct ediyor ve enerji sekt\u00f6r\u00fcnde faaliyet g\u00f6steren t\u00fcm firmalar\u0131 ve sekt\u00f6r payda\u015flar\u0131n\u0131, marka haklar\u0131na sayg\u0131 g\u00f6stermeye ve marka hakk\u0131 ihlallerine kar\u015f\u0131 s\u0131f\u0131r tolerans politikas\u0131n\u0131 benimsemeye davet ediyoruz.<\/p>\n<p>\u00dclkemizin yenilenebilir enerji potansiyelinin b\u00fcy\u00fckl\u00fc\u011f\u00fc g\u00f6z \u00f6n\u00fcne al\u0131nd\u0131\u011f\u0131nda, g\u00fcne\u015f enerjisi sekt\u00f6r\u00fcn\u00fcn geli\u015fimi, istihdam potansiyelinin art\u0131r\u0131lmas\u0131, yat\u0131r\u0131mlar\u0131n ger\u00e7ekle\u015ftirilmesi ve s\u00fcrd\u00fcr\u00fclebilir kapasite planlamas\u0131 i\u00e7in ihtiyac\u0131m\u0131z olan sekt\u00f6rel birlik ve beraberli\u011fe bu \u015fekilde ula\u015faca\u011f\u0131m\u0131za inan\u0131yoruz.<\/p>\n<p>\u0130lgi ve destekleriniz i\u00e7in te\u015fekk\u00fcr ediyoruz.<\/p>\n<p>Sayg\u0131lar\u0131m\u0131zla,<\/p>\n<p><strong>T\u00dcRK\u0130YE G\u00dcNE\u015e ENERJ\u0130S\u0130 B\u0130RL\u0130\u011e\u0130-G\u00dcNDER<\/strong><\/p>\n<p><strong>Y\u00f6netim Kurulu<\/strong><\/p>","protected":false},"excerpt":{"rendered":"<p>Sorry, this entry is only available in Turkish. For the sake of viewer convenience, the content is shown below in the alternative language. You may click the link to switch the active language. T\u00fcrkiye\u2019nin G\u00fcne\u015f Enerjisi Birli\u011fi G\u00dcNDER, artan marka ihlallerinin g\u00fcne\u015f enerjisi sekt\u00f6r\u00fcndeki firma g\u00fcvenilirli\u011fini olumsuz etkilemesi ve ticari itibarlar\u0131 zedelemesi nedeniyle kamuoyunun do\u011fru [&hellip;]<\/p>\n","protected":false},"author":1,"featured_media":186815,"comment_status":"open","ping_status":"open","sticky":false,"template":"","format":"standard","meta":[],"categories":[53,49],"tags":[2206,113353,113352],"views":27,"_links":{"self":[{"href":"https:\/\/www.enerjigazetesi.ist\/en\/wp-json\/wp\/v2\/posts\/186813"}],"collection":[{"href":"https:\/\/www.enerjigazetesi.ist\/en\/wp-json\/wp\/v2\/posts"}],"about":[{"href":"https:\/\/www.enerjigazetesi.ist\/en\/wp-json\/wp\/v2\/types\/post"}],"author":[{"embeddable":true,"href":"https:\/\/www.enerjigazetesi.ist\/en\/wp-json\/wp\/v2\/users\/1"}],"replies":[{"embeddable":true,"href":"https:\/\/www.enerjigazetesi.ist\/en\/wp-json\/wp\/v2\/comments?post=186813"}],"version-history":[{"count":0,"href":"https:\/\/www.enerjigazetesi.ist\/en\/wp-json\/wp\/v2\/posts\/186813\/revisions"}],"wp:featuredmedia":[{"embeddable":true,"href":"https:\/\/www.enerjigazetesi.ist\/en\/wp-json\/wp\/v2\/media\/186815"}],"wp:attachment":[{"href":"https:\/\/www.enerjigazetesi.ist\/en\/wp-json\/wp\/v2\/media?parent=186813"}],"wp:term":[{"taxonomy":"category","embeddable":true,"href":"https:\/\/www.enerjigazetesi.ist\/en\/wp-json\/wp\/v2\/categories?post=186813"},{"taxonomy":"post_tag","embeddable":true,"href":"https:\/\/www.enerjigazetesi.ist\/en\/wp-json\/wp\/v2\/tags?post=186813"}],"curies":[{"name":"wp","href":"https:\/\/api.w.org\/{rel}","templated":true}]}}