{"id":186722,"date":"2024-04-05T17:19:29","date_gmt":"2024-04-05T14:19:29","guid":{"rendered":"https:\/\/www.enerjigazetesi.ist\/?p=186722"},"modified":"2024-04-05T17:21:30","modified_gmt":"2024-04-05T14:21:30","slug":"4-nisan-dunya-sokak-hayvanlari-gunu-nde-farkindalik-yaratan-calismalar","status":"publish","type":"post","link":"https:\/\/www.enerjigazetesi.ist\/en\/4-nisan-dunya-sokak-hayvanlari-gunu-nde-farkindalik-yaratan-calismalar\/","title":{"rendered":"(Turkish) &#8217;OEDA\u015e&#8217; Sokaktaki Can Dostlar\u0131 Unutmad\u0131"},"content":{"rendered":"<p class=\"qtranxs-available-languages-message qtranxs-available-languages-message-en\">Sorry, this entry is only available in <a href=\"https:\/\/www.enerjigazetesi.ist\/tr\/wp-json\/wp\/v2\/posts\/186722\" class=\"qtranxs-available-language-link qtranxs-available-language-link-tr\" title=\"Turkish\">Turkish<\/a>. For the sake of viewer convenience, the content is shown below in the alternative language. You may click the link to switch the active language.<\/p><p><\/p>\n<h2><strong>Sokak hayvanlar\u0131n\u0131n ya\u015famsal ihtiya\u00e7lar\u0131n\u0131 kar\u015f\u0131lamak \u00fczere uluslararas\u0131 \u00f6d\u00fcll\u00fc Can Dostlar sosyal sorumluluk projesini y\u00fcr\u00fcten OEDA\u015e, 4 Nisan D\u00fcnya Sokak Hayvanlar\u0131 G\u00fcn\u00fc dolay\u0131s\u0131yla hizmet verdi\u011fi be\u015f ildeki \u0130l M\u00fcd\u00fcrl\u00fcklerini ziyaret eden vatanda\u015flara birer paket mama hediye etti. OEDA\u015e \u00e7al\u0131\u015fanlar\u0131 ise bulunduklar\u0131 illerde sokak hayvanlar\u0131 i\u00e7in besleme etkinli\u011fi d\u00fczenledi. OEDA\u015e Direkt\u00f6r\u00fc Muzaffer Yal\u00e7\u0131n, projenin ba\u015flad\u0131\u011f\u0131 2021 y\u0131l\u0131ndan bu yana 10 tonu a\u015fk\u0131n mama da\u011f\u0131t\u0131m\u0131 ger\u00e7ekle\u015ftirdiklerini, yerel y\u00f6netim i\u015f birlikleriyle a\u00e7\u0131lan tedavi odalar\u0131nda ise 3 binden fazla k\u0131s\u0131rla\u015ft\u0131rma operasyonu ve 5 binden fazla hayvan\u0131n tedavisinin yap\u0131ld\u0131\u011f\u0131n\u0131 s\u00f6yledi.<\/strong><\/h2>\n<p style=\"text-align: center;\"><img loading=\"lazy\" class=\"aligncenter wp-image-186726\" src=\"https:\/\/www.enerjigazetesi.ist\/wp-content\/uploads\/2024\/04\/OEDAS_Gorsel.jpg\" alt=\"\" width=\"500\" height=\"449\" srcset=\"https:\/\/www.enerjigazetesi.ist\/wp-content\/uploads\/2024\/04\/OEDAS_Gorsel.jpg 534w, https:\/\/www.enerjigazetesi.ist\/wp-content\/uploads\/2024\/04\/OEDAS_Gorsel-300x270.jpg 300w, https:\/\/www.enerjigazetesi.ist\/wp-content\/uploads\/2024\/04\/OEDAS_Gorsel-445x400.jpg 445w, https:\/\/www.enerjigazetesi.ist\/wp-content\/uploads\/2024\/04\/OEDAS_Gorsel-56x50.jpg 56w, https:\/\/www.enerjigazetesi.ist\/wp-content\/uploads\/2024\/04\/OEDAS_Gorsel-500x449.jpg 500w\" sizes=\"(max-width: 500px) 100vw, 500px\" \/><\/p>\n<p>Afyonkarahisar, Bilecik, Eski\u015fehir, K\u00fctahya ve U\u015fak\u2019ta elektrik da\u011f\u0131t\u0131m hizmeti sa\u011flayan ve ana faaliyet alan\u0131n\u0131n yan\u0131 s\u0131ra k\u00fclt\u00fcr varl\u0131klar\u0131n\u0131n korunmas\u0131ndan iklim kriziyle m\u00fccadeleye kadar pek \u00e7ok alanda sosyal sorumluluk \u00e7al\u0131\u015fmalar\u0131 y\u00fcr\u00fcten <strong>Osmangazi Elektrik Da\u011f\u0131t\u0131m A\u015e (OEDA\u015e)<\/strong>, 4 Nisan D\u00fcnya Sokak Hayvanlar\u0131 G\u00fcn\u00fc\u2019nde can dostlar\u0131 unutmad\u0131. Sokak hayvanlar\u0131n\u0131n ya\u015famsal ihtiya\u00e7lar\u0131n\u0131 kar\u015f\u0131lamak \u00fczere 2021 y\u0131l\u0131ndan bu yana <strong>Can Dostlar sosyal sorumluluk projesini<\/strong> y\u00fcr\u00fcten \u015firket, <strong>4 Nisan\u2019da<\/strong> iki ayr\u0131 etkinlik d\u00fczenledi.<\/p>\n<p style=\"text-align: center;\"><img loading=\"lazy\" class=\"aligncenter wp-image-186727\" src=\"https:\/\/www.enerjigazetesi.ist\/wp-content\/uploads\/2024\/04\/OEDAS_Gorsel2.jpg\" alt=\"\" width=\"500\" height=\"375\" srcset=\"https:\/\/www.enerjigazetesi.ist\/wp-content\/uploads\/2024\/04\/OEDAS_Gorsel2.jpg 550w, https:\/\/www.enerjigazetesi.ist\/wp-content\/uploads\/2024\/04\/OEDAS_Gorsel2-300x225.jpg 300w, https:\/\/www.enerjigazetesi.ist\/wp-content\/uploads\/2024\/04\/OEDAS_Gorsel2-500x375.jpg 500w, https:\/\/www.enerjigazetesi.ist\/wp-content\/uploads\/2024\/04\/OEDAS_Gorsel2-67x50.jpg 67w\" sizes=\"(max-width: 500px) 100vw, 500px\" \/><\/p>\n<p>OEDA\u015e\u2019\u0131n d\u00fczenledi\u011fi ilk etkinlik kapsam\u0131nda be\u015f ildeki il m\u00fcd\u00fcrl\u00fcklerini ziyaret eden <strong>vatanda\u015flara birer paket mama hediye edilerek<\/strong>, sokak hayvanlar\u0131n\u0131n zorlu ya\u015fam ko\u015fullar\u0131na y\u00f6nelik fark\u0131ndal\u0131\u011f\u0131n artmas\u0131na katk\u0131 sa\u011fland\u0131. <strong>OEDA\u015e \u00e7al\u0131\u015fanlar\u0131<\/strong> ise bulunduklar\u0131 illerde d\u00fczenledikleri etkinlik ile \u015fehirlerin farkl\u0131 noktalar\u0131nda <strong>can dostlar\u0131 besledi.<\/strong><\/p>\n<h3><strong>Muzaffer Yal\u00e7\u0131n: \u201cProjeyi Saha \u00c7al\u0131\u015fanlar\u0131m\u0131z \u00d6nerdi\u201d<\/strong><\/h3>\n<div id=\"attachment_186728\" style=\"width: 510px\" class=\"wp-caption aligncenter\"><img aria-describedby=\"caption-attachment-186728\" loading=\"lazy\" class=\"wp-image-186728\" src=\"https:\/\/www.enerjigazetesi.ist\/wp-content\/uploads\/2024\/04\/OEDAS-Direktoru-Muzaffer-Yalcin.jpg\" alt=\"\" width=\"500\" height=\"385\" srcset=\"https:\/\/www.enerjigazetesi.ist\/wp-content\/uploads\/2024\/04\/OEDAS-Direktoru-Muzaffer-Yalcin.jpg 550w, https:\/\/www.enerjigazetesi.ist\/wp-content\/uploads\/2024\/04\/OEDAS-Direktoru-Muzaffer-Yalcin-300x231.jpg 300w, https:\/\/www.enerjigazetesi.ist\/wp-content\/uploads\/2024\/04\/OEDAS-Direktoru-Muzaffer-Yalcin-500x385.jpg 500w, https:\/\/www.enerjigazetesi.ist\/wp-content\/uploads\/2024\/04\/OEDAS-Direktoru-Muzaffer-Yalcin-65x50.jpg 65w, https:\/\/www.enerjigazetesi.ist\/wp-content\/uploads\/2024\/04\/OEDAS-Direktoru-Muzaffer-Yalcin-260x200.jpg 260w\" sizes=\"(max-width: 500px) 100vw, 500px\" \/><p id=\"caption-attachment-186728\" class=\"wp-caption-text\">OEDA\u015e Direkt\u00f6r\u00fc Muzaffer Yal\u00e7\u0131n<\/p><\/div>\n<p>Can Dostlar sosyal sorumluluk projesi kapsam\u0131nda \u00fc\u00e7 y\u0131ld\u0131r aral\u0131ks\u0131z olarak s\u00fcrd\u00fcrd\u00fckleri \u00e7al\u0131\u015fmalar hakk\u0131nda bilgi veren <strong>OEDA\u015e Direkt\u00f6r\u00fc Muzaffer Yal\u00e7\u0131n<\/strong>, <em>\u201cCan Dostlar, pandemi d\u00f6nemindeki k\u0131s\u0131tlamalarda sokak hayvanlar\u0131n\u0131n temel ihtiya\u00e7lar\u0131n\u0131n kar\u015f\u0131lanmad\u0131\u011f\u0131n\u0131 fark eden saha \u00e7al\u0131\u015fanlar\u0131m\u0131z\u0131n \u00f6nerisiyle hayata ge\u00e7irdi\u011fimiz bir <strong>sosyal sorumluluk projesi.<\/strong> \u0130lk etapta <strong>besleme<\/strong> ile ba\u015flayan projemiz, zaman i\u00e7erisinde<strong> STK<\/strong> ve<strong> yerel y\u00f6netimlerin de deste\u011fiyle<\/strong> h\u0131zla b\u00fcy\u00fcd\u00fc. <\/em><em>\u015eu anda sokak hayvanlar\u0131n\u0131n <strong>beslenme, bar\u0131nma, k\u0131s\u0131rla\u015ft\u0131rma, bak\u0131m ve tedavi ihtiya\u00e7lar\u0131n\u0131<\/strong> kar\u015f\u0131l\u0131yoruz. <strong>HAYTAP<\/strong> ile i\u015f birli\u011fi i\u00e7erisinde ger\u00e7ekle\u015ftirdi\u011fimiz projemiz ile bu zaman kadar <strong>10 tonu a\u015fk\u0131n mama da\u011f\u0131t\u0131m\u0131<\/strong> ger\u00e7ekle\u015ftirdik. <strong>Eski\u015fehir Tepeba\u015f\u0131 Belediyesi<\/strong> ve <strong>Afyonkarahisar Belediyesi\u2019ne<\/strong> ise<strong> t\u0131bbi cihaz deste\u011finde bulunarak<\/strong> tedavi odalar\u0131 a\u00e7\u0131lmas\u0131n\u0131 sa\u011flad\u0131k. Bu zamana kadar bu iki tedavi odas\u0131nda <strong>3 binden fazla k\u0131s\u0131rla\u015ft\u0131rma operasyonu<\/strong> yap\u0131ld\u0131, be\u015f binden fazla <strong>sokak hayvan\u0131n\u0131n ameliyat<\/strong> ve <strong>di\u011fer tedavileri<\/strong> ger\u00e7ekle\u015ftirildi. Ayr\u0131ca eski direkler gibi <strong>hurdaya \u00e7\u0131kan malzemelerimizi de d\u00f6n\u00fc\u015ft\u00fcrerek sokak hayvanlar\u0131 i\u00e7in kul\u00fcbeler<\/strong> yapt\u0131k. T\u00fcm bu \u00e7al\u0131\u015fmalar\u0131 okullardaki seminerlerden \u015fehirlerimizde d\u00fczenlenen etkinliklere kadar i\u00e7inde yer ald\u0131\u011f\u0131m\u0131z her bulu\u015fmada anlat\u0131yor, fark\u0131ndal\u0131\u011f\u0131 art\u0131rmak i\u00e7in \u00e7al\u0131\u015f\u0131yoruz. Ge\u00e7ti\u011fimiz y\u0131llarda oldu\u011fu gibi <strong>\u0130l M\u00fcd\u00fcrl\u00fcklerimizde mama paketi hediye etmemiz<\/strong> de t\u00fcketicilerimiz taraf\u0131ndan yine<strong> ilgi<\/strong> ve<strong> takdirle<\/strong> kar\u015f\u0131land\u0131. Kendilerine ilgileri ve duyarl\u0131l\u0131klar\u0131 i\u00e7in te\u015fekk\u00fcr ederiz.\u201d<\/em> dedi.<\/p>\n<h3><strong>\u0130ki Uluslararas\u0131 \u00d6d\u00fcll\u00fc Proje<\/strong><\/h3>\n<p><strong>Can Dostlar sosyal sorumluluk projesi<\/strong> ge\u00e7ti\u011fimiz y\u0131l<strong> iki uluslararas\u0131 \u00f6d\u00fcle<\/strong> lay\u0131k g\u00f6r\u00fcld\u00fc. OEDA\u015e bu projeyle \u0130ngiltere\u2019nin en prestijli \u00f6d\u00fcllerinden biri olan <strong>Best Business Awards<\/strong>\u2019ta <strong>Kurumsal Sosyal Sorumluluk<\/strong> kategorisinde <strong>En \u0130yi \u0130\u015fletme \u00f6d\u00fcl\u00fcn\u00fcn<\/strong> sahibi oldu. Proje ayr\u0131ca <strong>Stevie International Business Awards<\/strong>\u2019ta, Avrupa&#8217;da <strong>Y\u0131l\u0131n Kurumsal Sosyal Sorumluluk Program\u0131<\/strong> kategorisinde <strong>alt\u0131n \u00f6d\u00fcle<\/strong> lay\u0131k g\u00f6r\u00fcld\u00fc.<\/p>","protected":false},"excerpt":{"rendered":"<p>Sorry, this entry is only available in Turkish. For the sake of viewer convenience, the content is shown below in the alternative language. You may click the link to switch the active language. Sokak hayvanlar\u0131n\u0131n ya\u015famsal ihtiya\u00e7lar\u0131n\u0131 kar\u015f\u0131lamak \u00fczere uluslararas\u0131 \u00f6d\u00fcll\u00fc Can Dostlar sosyal sorumluluk projesini y\u00fcr\u00fcten OEDA\u015e, 4 Nisan D\u00fcnya Sokak Hayvanlar\u0131 G\u00fcn\u00fc dolay\u0131s\u0131yla [&hellip;]<\/p>\n","protected":false},"author":1,"featured_media":186725,"comment_status":"open","ping_status":"open","sticky":false,"template":"","format":"standard","meta":[],"categories":[51,53],"tags":[113314,113315,105120,85750,97276,4546,34806,107135,9749,7471,51441],"views":36,"_links":{"self":[{"href":"https:\/\/www.enerjigazetesi.ist\/en\/wp-json\/wp\/v2\/posts\/186722"}],"collection":[{"href":"https:\/\/www.enerjigazetesi.ist\/en\/wp-json\/wp\/v2\/posts"}],"about":[{"href":"https:\/\/www.enerjigazetesi.ist\/en\/wp-json\/wp\/v2\/types\/post"}],"author":[{"embeddable":true,"href":"https:\/\/www.enerjigazetesi.ist\/en\/wp-json\/wp\/v2\/users\/1"}],"replies":[{"embeddable":true,"href":"https:\/\/www.enerjigazetesi.ist\/en\/wp-json\/wp\/v2\/comments?post=186722"}],"version-history":[{"count":0,"href":"https:\/\/www.enerjigazetesi.ist\/en\/wp-json\/wp\/v2\/posts\/186722\/revisions"}],"wp:featuredmedia":[{"embeddable":true,"href":"https:\/\/www.enerjigazetesi.ist\/en\/wp-json\/wp\/v2\/media\/186725"}],"wp:attachment":[{"href":"https:\/\/www.enerjigazetesi.ist\/en\/wp-json\/wp\/v2\/media?parent=186722"}],"wp:term":[{"taxonomy":"category","embeddable":true,"href":"https:\/\/www.enerjigazetesi.ist\/en\/wp-json\/wp\/v2\/categories?post=186722"},{"taxonomy":"post_tag","embeddable":true,"href":"https:\/\/www.enerjigazetesi.ist\/en\/wp-json\/wp\/v2\/tags?post=186722"}],"curies":[{"name":"wp","href":"https:\/\/api.w.org\/{rel}","templated":true}]}}