{"id":18668,"date":"2013-12-03T18:34:11","date_gmt":"2013-12-03T15:34:11","guid":{"rendered":"https:\/\/www.enerjigazetesi.ist\/?p=18668"},"modified":"2013-12-03T18:34:11","modified_gmt":"2013-12-03T15:34:11","slug":"yerli-asi-ve-ilacin-ardindan-simdi-de-milli-led-yolda","status":"publish","type":"post","link":"https:\/\/www.enerjigazetesi.ist\/en\/yerli-asi-ve-ilacin-ardindan-simdi-de-milli-led-yolda\/","title":{"rendered":"(Turkish) Yerli A\u015f\u0131 ve \u0130lac\u0131n Ard\u0131ndan \u015eimdi de \u2018Milli LED\u2019 Yolda&#8230;"},"content":{"rendered":"<p class=\"qtranxs-available-languages-message qtranxs-available-languages-message-en\">Sorry, this entry is only available in <a href=\"https:\/\/www.enerjigazetesi.ist\/tr\/wp-json\/wp\/v2\/posts\/18668\" class=\"qtranxs-available-language-link qtranxs-available-language-link-tr\" title=\"Turkish\">Turkish<\/a>. For the sake of viewer convenience, the content is shown below in the alternative language. You may click the link to switch the active language.<\/p><p><strong>Evlerden sokak lambalar\u0131na kadar, ayd\u0131nlatma i\u00e7in kullan\u0131lan cihazlar yerli imkanlarla \u00fcretilecek. T\u00dcB\u0130TAK, LED lamba i\u00e7in proje ba\u015f\u0131na 1 milyon TL destek verecek.<\/strong><\/p>\n<p>Ba\u015fta savunma olmak \u00fczere, \u00e7e\u015fitli sanayi sekt\u00f6rlerinde \u201cyerli \u00fcretime\u201d y\u00f6nelen T\u00fcrkiye, \u201cmilli LED\u201d \u00fcretmek i\u00e7in de d\u00fc\u011fmeye bast\u0131. T\u00dcB\u0130TAK, i\u00e7 mekanlarda ve soka<a href=\"https:\/\/www.enerjigazetesi.ist\/wp-content\/uploads\/2013\/07\/led-led-lighting-aydinlatma-fuari.jpg\"><img loading=\"lazy\" class=\"alignleft size-medium wp-image-13301\" title=\"led-led-lighting-aydinlatma\" src=\"https:\/\/www.enerjigazetesi.ist\/wp-content\/uploads\/2013\/07\/led-led-lighting-aydinlatma-fuari-300x190.jpg\" alt=\"\" width=\"300\" height=\"190\" srcset=\"https:\/\/www.enerjigazetesi.ist\/wp-content\/uploads\/2013\/07\/led-led-lighting-aydinlatma-fuari-300x190.jpg 300w, https:\/\/www.enerjigazetesi.ist\/wp-content\/uploads\/2013\/07\/led-led-lighting-aydinlatma-fuari-80x50.jpg 80w, https:\/\/www.enerjigazetesi.ist\/wp-content\/uploads\/2013\/07\/led-led-lighting-aydinlatma-fuari.jpg 410w\" sizes=\"(max-width: 300px) 100vw, 300px\" \/><\/a>k ayd\u0131nlatmalar\u0131nda kullan\u0131lan LED\u2019lerin, azami yerli teknolojiyle \u00fcretimi i\u00e7in proje ba\u015flatt\u0131. Projeyle, hem ayd\u0131nlatma sistemlerinde ithalat\u0131 en aza indirmek hem de enerji verimlili\u011finin sa\u011flanmas\u0131 hedefleniyor. Proje sonunda, enerji verimlili\u011fi d\u00fc\u015f\u00fck, t\u00fcketti\u011fi enerjiyi \u0131s\u0131ya d\u00f6n\u00fc\u015ft\u00fcren ayd\u0131nlatma sistemleri yerine, enerji verimlili\u011fi y\u00fcksek LED tabanl\u0131 lamba geli\u015ftirilecek.<\/p>\n<p><strong>2 M\u0130LYON TL\u2019YE \u00c7IKAB\u0130L\u0130YOR\u00a0<\/strong><\/p>\n<p>4 Aral\u0131k\u2019ta sona erecek ba\u015fvurular \u00e7er\u00e7evesinde i\u00e7 ayd\u0131nlatma LED\u2019leri i\u00e7in proje \u00fcst s\u0131n\u0131r\u0131 24 ay. B\u00fct\u00e7ede s\u0131n\u0131r 1 milyon TL. Ortakl\u0131 projelerde rakam 1.5 milyon TL\u2019ye \u00e7\u0131kar\u0131labilecek. Sokak ayd\u0131nlatmalar\u0131nda proje \u00fcst s\u0131n\u0131r\u0131 36 aya kadar \u00e7\u0131karken, b\u00fct\u00e7e 1.5 milyon TL\u2019yi bulacak. Ortakl\u0131 projelerde ise rakam 2 milyon TL\u2019ye y\u00fckseltilecek.<\/p>\n<p><strong>ARADA 95 F\u0130YAT FARKI VAR<\/strong><\/p>\n<p>HALOJENLERE oranla y\u00fczde 94, klasik ampullere oranla y\u00fczde 60\u2019a varan verim art\u0131\u015f\u0131n\u0131n yakaland\u0131\u011f\u0131 yeni nesil LED \u00fcr\u00fcnlerde g\u00fcnde 10 saat kullan\u0131m sonucunda olu\u015fan elektrik faturas\u0131, bir y\u0131lda sadece 3 TL oluyor. Oysa ayn\u0131 ayd\u0131nlatmay\u0131\u00a0sa\u011flayan 50 Watt\u2019l\u0131k bir halojen ampul\u00fcn g\u00fcnde 10 saat\u00a0kullan\u0131m\u0131n\u0131n y\u0131ll\u0131k faturas\u0131n\u0131n 63 TL\u2019ye ula\u015ft\u0131\u011f\u0131 belirtiliyor.<\/p>\n<p>Kaynak: <a href=\"http:\/\/www.aksam.com.tr\/ekonomi\/yerli-asi-ve-ilacin-ardindan-c2simdi-de-milli-led-yolda\/haber-265897\" target=\"_blank\">Ak\u015fam<\/a><\/p>","protected":false},"excerpt":{"rendered":"<p>Sorry, this entry is only available in Turkish. For the sake of viewer convenience, the content is shown below in the alternative language. You may click the link to switch the active language.Evlerden sokak lambalar\u0131na kadar, ayd\u0131nlatma i\u00e7in kullan\u0131lan cihazlar yerli imkanlarla \u00fcretilecek. T\u00dcB\u0130TAK, LED lamba i\u00e7in proje ba\u015f\u0131na 1 milyon TL destek verecek. Ba\u015fta [&hellip;]<\/p>\n","protected":false},"author":1,"featured_media":13301,"comment_status":"open","ping_status":"open","sticky":false,"template":"","format":"standard","meta":[],"categories":[53,52],"tags":[63,67,1009,165,103,12,1155,9720,1190,1971,3283,793,10902,1802],"views":916,"_links":{"self":[{"href":"https:\/\/www.enerjigazetesi.ist\/en\/wp-json\/wp\/v2\/posts\/18668"}],"collection":[{"href":"https:\/\/www.enerjigazetesi.ist\/en\/wp-json\/wp\/v2\/posts"}],"about":[{"href":"https:\/\/www.enerjigazetesi.ist\/en\/wp-json\/wp\/v2\/types\/post"}],"author":[{"embeddable":true,"href":"https:\/\/www.enerjigazetesi.ist\/en\/wp-json\/wp\/v2\/users\/1"}],"replies":[{"embeddable":true,"href":"https:\/\/www.enerjigazetesi.ist\/en\/wp-json\/wp\/v2\/comments?post=18668"}],"version-history":[{"count":2,"href":"https:\/\/www.enerjigazetesi.ist\/en\/wp-json\/wp\/v2\/posts\/18668\/revisions"}],"predecessor-version":[{"id":18670,"href":"https:\/\/www.enerjigazetesi.ist\/en\/wp-json\/wp\/v2\/posts\/18668\/revisions\/18670"}],"wp:featuredmedia":[{"embeddable":true,"href":"https:\/\/www.enerjigazetesi.ist\/en\/wp-json\/wp\/v2\/media\/13301"}],"wp:attachment":[{"href":"https:\/\/www.enerjigazetesi.ist\/en\/wp-json\/wp\/v2\/media?parent=18668"}],"wp:term":[{"taxonomy":"category","embeddable":true,"href":"https:\/\/www.enerjigazetesi.ist\/en\/wp-json\/wp\/v2\/categories?post=18668"},{"taxonomy":"post_tag","embeddable":true,"href":"https:\/\/www.enerjigazetesi.ist\/en\/wp-json\/wp\/v2\/tags?post=18668"}],"curies":[{"name":"wp","href":"https:\/\/api.w.org\/{rel}","templated":true}]}}