{"id":186572,"date":"2024-04-02T16:39:31","date_gmt":"2024-04-02T13:39:31","guid":{"rendered":"https:\/\/www.enerjigazetesi.ist\/?p=186572"},"modified":"2024-04-02T16:39:31","modified_gmt":"2024-04-02T13:39:31","slug":"yesil-sanayi-destek-programi-yesil-donusum-icin-katalizor-olacak","status":"publish","type":"post","link":"https:\/\/www.enerjigazetesi.ist\/en\/yesil-sanayi-destek-programi-yesil-donusum-icin-katalizor-olacak\/","title":{"rendered":"(Turkish) &#8217;Ye\u015fil Sanayi Destek Program\u0131&#8217; Ye\u015fil D\u00f6n\u00fc\u015f\u00fcm \u0130\u00e7in Kataliz\u00f6r Olacak"},"content":{"rendered":"<p class=\"qtranxs-available-languages-message qtranxs-available-languages-message-en\">Sorry, this entry is only available in <a href=\"https:\/\/www.enerjigazetesi.ist\/tr\/wp-json\/wp\/v2\/posts\/186572\" class=\"qtranxs-available-language-link qtranxs-available-language-link-tr\" title=\"Turkish\">Turkish<\/a>. For the sake of viewer convenience, the content is shown below in the alternative language. You may click the link to switch the active language.<\/p><p><\/p>\n<h2>Ekonominin en \u00f6nemli akt\u00f6rlerinden KOB\u0130\u2019lerin \u00e7evre dostu teknolojileri kullanma konusunda bilin\u00e7lenmesini sa\u011flamak, enerji maliyetlerini d\u00fc\u015f\u00fcrerek rekabet g\u00fcc\u00fcn\u00fc art\u0131rmak ve karbon ayak izini azaltmak amac\u0131yla KOSGEB, T\u00dcB\u0130TAK ve D\u00fcnya Bankas\u0131 taraf\u0131ndan geli\u015ftirilen \u201cYe\u015fil Sanayi Destek Program\u0131\u201d i\u00e7in ba\u015fvuru s\u00fcreci ba\u015flad\u0131.<\/h2>\n<p>Konuyla ilgili de\u011ferlendirmelerde bulunan <strong>Destek Patent CEO\u2019su Faruk Yamankaradeniz<\/strong>, program\u0131n ba\u015fta KOB\u0130\u2019ler olmak \u00fczere <strong>sanayi ve ekonominin ye\u015fil d\u00f6n\u00fc\u015f\u00fcm\u00fc<\/strong> i\u00e7in \u00e7ok ciddi bir f\u0131rsat oldu\u011funu, program\u0131n iyi de\u011ferlendirildi\u011fi takdirde ba\u015fta<strong> \u2018ye\u015fil patent\u2019 s\u00fcre\u00e7leri<\/strong> ba\u015fta olmak \u00fczere ekonomide bir \u00e7e\u015fit <strong>\u201ckataliz\u00f6r\u201d g\u00f6revi<\/strong> g\u00f6rece\u011fini s\u00f6yledi.<\/p>\n<h3><strong>\u201cDaha \u2018Ye\u015fil\u2019 Bir Ekonomiye Sahip Olabiliriz\u201d<\/strong><\/h3>\n<p>\u201cBir bulu\u015f e\u011fer <strong>\u00e7evre kirlili\u011fini azaltma, do\u011fal kaynaklar\u0131 koruma<\/strong> ve <strong>iklim de\u011fi\u015fikli\u011fini hafifletmeye<\/strong> yard\u0131mc\u0131 temelde ortaya konmu\u015fsa, <strong>\u201cye\u015fil patent\u201d<\/strong> olarak s\u0131n\u0131fland\u0131rabilece\u011fimiz patent <img loading=\"lazy\" class=\"alignright wp-image-186574\" src=\"https:\/\/www.enerjigazetesi.ist\/wp-content\/uploads\/2024\/04\/yesil-sanayi-destek-programi-yesil-donusum-icin-katalizor-olacak.jpg\" alt=\"\" width=\"320\" height=\"262\" srcset=\"https:\/\/www.enerjigazetesi.ist\/wp-content\/uploads\/2024\/04\/yesil-sanayi-destek-programi-yesil-donusum-icin-katalizor-olacak.jpg 550w, https:\/\/www.enerjigazetesi.ist\/wp-content\/uploads\/2024\/04\/yesil-sanayi-destek-programi-yesil-donusum-icin-katalizor-olacak-300x245.jpg 300w, https:\/\/www.enerjigazetesi.ist\/wp-content\/uploads\/2024\/04\/yesil-sanayi-destek-programi-yesil-donusum-icin-katalizor-olacak-489x400.jpg 489w, https:\/\/www.enerjigazetesi.ist\/wp-content\/uploads\/2024\/04\/yesil-sanayi-destek-programi-yesil-donusum-icin-katalizor-olacak-61x50.jpg 61w, https:\/\/www.enerjigazetesi.ist\/wp-content\/uploads\/2024\/04\/yesil-sanayi-destek-programi-yesil-donusum-icin-katalizor-olacak-500x409.jpg 500w\" sizes=\"(max-width: 320px) 100vw, 320px\" \/>tescili ile korumak m\u00fcmk\u00fcn diyen Yamankaradeniz, <em>\u201cYe\u015fil patent ile bu gibi \u00e7al\u0131\u015fmalar\u0131n d\u00fcnya \u00e7ap\u0131nda te\u015fvik edilip korunmas\u0131 ama\u00e7lan\u0131yor. Bu alanda \u00e7al\u0131\u015fanlara daha ileri d\u00fczey \u00e7al\u0131\u015fmalar i\u00e7in mali destek de veriliyor. KOSGEB ve T\u00dcB\u0130TAK\u2019\u0131n geli\u015ftirdi\u011fi bu projeyi de, her ne kadar belli konularda ve s\u0131n\u0131rl\u0131 alanlarda destek s\u00f6z konusu olsa da bu kulvarda de\u011ferlendirebiliriz. \u00d6zellikle \u2018Sanayide Temiz ve D\u00f6ng\u00fcsel Ekonomi\u2019 alan\u0131nda verilecek destekler, \u00fclke sanayisi ve ekonomisinin ye\u015fil d\u00f6n\u00fc\u015f\u00fcm\u00fc ve \u00e7evre dostu, s\u00fcrd\u00fcr\u00fclebilir \u00fcretim s\u00fcreci i\u00e7in bir f\u0131rsat, bir \u00e7e\u015fit \u2018kataliz\u00f6r\u2019 olarak d\u00fc\u015f\u00fcn\u00fclebilir. \u00c7\u00fcnk\u00fc bu program ba\u015far\u0131l\u0131 olursa ard\u0131ndan benzeri destek ve te\u015fvik programlar\u0131 gelecektir. B\u00f6ylece hem sanayimizin hem de genel anlamda ekonomimizin daha \u00fcretken, daha g\u00fc\u00e7l\u00fc; ama daha \u00e7evre dostu, daha s\u00fcrd\u00fcr\u00fclebilir, nihayetinde daha \u2018ye\u015fil\u2019 bir iklime sahip olmas\u0131n\u0131 sa\u011flayabiliriz.\u201d<\/em> diye konu\u015ftu.<\/p>\n<h3><strong>\u201cSon 5 Y\u0131lda T\u00fcm D\u00fcnyada \u2018\u0130klim De\u011fi\u015fikli\u011fi\u2019 Temas\u0131yla 3 Milyondan Fazla Patent Tescil Edildi\u201d<\/strong><\/h3>\n<p>Bu gibi programlar\u0131n T\u00fcrkiye\u2019deki ye\u015fil patent say\u0131s\u0131n\u0131n art\u0131r\u0131lmas\u0131 i\u00e7in de bir f\u0131rsat oldu\u011funu kaydeden Yamankaradeniz, s\u00f6zlerini \u015f\u00f6yle noktalad\u0131: <em>\u201c\u00c7\u00fcnk\u00fc bu gibi programlar kapsam\u0131nda geli\u015ftirilen projelerin gerek ulusal, gerekse de uluslararas\u0131 arenada fikri ve s\u0131nai m\u00fclkiyet haklar\u0131n\u0131n korunmas\u0131 gerekecek. Bu da marka ve patent tescili gibi i\u015flemlerle m\u00fcmk\u00fcn. <strong>Ye\u015fil d\u00f6n\u00fc\u015f\u00fcm, ye\u015fil ekonomi, s\u00fcrd\u00fcr\u00fclebilirlik<\/strong> gibi kavramlar son y\u0131llarda \u00e7ok b\u00fcy\u00fck bir \u00f6neme sahip olmaya ba\u015flad\u0131. Yak\u0131n gelecekte bu \u00f6nemin katlanarak artaca\u011f\u0131n\u0131 \u00f6ng\u00f6r\u00fcyoruz. BM S\u00fcrd\u00fcr\u00fclebilir Kalk\u0131nma Hedefleri kapsam\u0131nda d\u00fcnyada \u00f6zellikle son 5 y\u0131lda, <strong>\u2018iklim de\u011fi\u015fikli\u011fi\u2019<\/strong> temas\u0131yla 3 milyondan fazla patent tescil edildi\u011fini d\u00fc\u015f\u00fcn\u00fcrsek, konunun nereye varaca\u011f\u0131n\u0131 kestirebiliriz. Dolay\u0131s\u0131yla bu s\u00fcrece hizmet eden her<strong> fikir, bulu\u015f, proje;<\/strong> muhakkak korumaya al\u0131nmal\u0131. Bu da \u00fclkemizdeki <strong>ye\u015fil patent<\/strong> say\u0131s\u0131n\u0131 art\u0131racakt\u0131r. Ye\u015fil patent say\u0131s\u0131n\u0131n artmas\u0131 demek de o ekonominin hem daha do\u011faya daha sayg\u0131l\u0131 hem de daha k\u0131ymetli akt\u00f6rler kazanmas\u0131 demektir.\u201d<\/em><\/p>\n<h3><strong>Ye\u015fil Sanayi Destek Program\u0131nda Neler Var?<\/strong><\/h3>\n<p>Programda firmalara <strong>G\u00fcne\u015f Enerji Sistemi<\/strong> kapsam\u0131nda <strong>g\u00fcne\u015f paneli kurdurmak<\/strong>, b\u00f6ylece temiz ve yenilenebilir enerji kullanmak isteyenlere <strong>14 milyon TL\u2019ye kadar<\/strong>; <strong>enerji, su ve hammadde verimlili\u011fi, s\u00fcrd\u00fcr\u00fclebilir ve iklime dayan\u0131kl\u0131 at\u0131k geri d\u00f6n\u00fc\u015f\u00fcm\u00fc, end\u00fcstriyel simbiyoz ve d\u00f6ng\u00fcsel ekonomi alanlar\u0131nda<\/strong> yat\u0131r\u0131m yapmak isteyenlere ise <strong>4 milyon TL<\/strong>\u2019ye kadar destek verilmesi \u00f6ng\u00f6r\u00fcl\u00fcyor. Bu destek miktarlar\u0131, <strong>kredi format\u0131nda, yani geri \u00f6demeli<\/strong> olacak ancak hem ilk <strong>12 ay geri \u00f6deme<\/strong> s\u00f6z konusu olmayacak hem de geri \u00f6deme s\u00fcresi<strong> 36 ay<\/strong> olacak. Destek oranlar\u0131, <strong>g\u00fcne\u015f enerjisi projeleri i\u00e7in y\u00fczde 60<\/strong>, sanayide <strong>temiz ve d\u00f6ng\u00fcsel ekonomi projeleri i\u00e7in ise y\u00fczde 70<\/strong> olarak belirlenmi\u015f durumda. <strong>6 \u015eubat depremlerinden etkilenen<\/strong> b\u00f6lgelerde hasar g\u00f6ren firmalar i\u00e7in ise bu oranlar <strong>y\u00fczde 90\u2019lara<\/strong> kadar ula\u015f\u0131yor. Bu arada ger\u00e7ekle\u015ftirilecek projenin s\u00fcresi de en az <strong>8<\/strong> en fazla <strong>12 ay<\/strong> olabilecek. Onaylanan proje ayr\u0131ca \u00f6demesinin<strong> y\u00fczde 50\u2019sini<\/strong> erkenden alabilecek.<\/p>","protected":false},"excerpt":{"rendered":"<p>Sorry, this entry is only available in Turkish. For the sake of viewer convenience, the content is shown below in the alternative language. You may click the link to switch the active language. Ekonominin en \u00f6nemli akt\u00f6rlerinden KOB\u0130\u2019lerin \u00e7evre dostu teknolojileri kullanma konusunda bilin\u00e7lenmesini sa\u011flamak, enerji maliyetlerini d\u00fc\u015f\u00fcrerek rekabet g\u00fcc\u00fcn\u00fc art\u0131rmak ve karbon ayak izini [&hellip;]<\/p>\n","protected":false},"author":1,"featured_media":186575,"comment_status":"open","ping_status":"open","sticky":false,"template":"","format":"standard","meta":[],"categories":[53,52],"tags":[6966,40807,37486,14584,1971,2482,113259,113258],"views":37,"_links":{"self":[{"href":"https:\/\/www.enerjigazetesi.ist\/en\/wp-json\/wp\/v2\/posts\/186572"}],"collection":[{"href":"https:\/\/www.enerjigazetesi.ist\/en\/wp-json\/wp\/v2\/posts"}],"about":[{"href":"https:\/\/www.enerjigazetesi.ist\/en\/wp-json\/wp\/v2\/types\/post"}],"author":[{"embeddable":true,"href":"https:\/\/www.enerjigazetesi.ist\/en\/wp-json\/wp\/v2\/users\/1"}],"replies":[{"embeddable":true,"href":"https:\/\/www.enerjigazetesi.ist\/en\/wp-json\/wp\/v2\/comments?post=186572"}],"version-history":[{"count":0,"href":"https:\/\/www.enerjigazetesi.ist\/en\/wp-json\/wp\/v2\/posts\/186572\/revisions"}],"wp:featuredmedia":[{"embeddable":true,"href":"https:\/\/www.enerjigazetesi.ist\/en\/wp-json\/wp\/v2\/media\/186575"}],"wp:attachment":[{"href":"https:\/\/www.enerjigazetesi.ist\/en\/wp-json\/wp\/v2\/media?parent=186572"}],"wp:term":[{"taxonomy":"category","embeddable":true,"href":"https:\/\/www.enerjigazetesi.ist\/en\/wp-json\/wp\/v2\/categories?post=186572"},{"taxonomy":"post_tag","embeddable":true,"href":"https:\/\/www.enerjigazetesi.ist\/en\/wp-json\/wp\/v2\/tags?post=186572"}],"curies":[{"name":"wp","href":"https:\/\/api.w.org\/{rel}","templated":true}]}}