{"id":186478,"date":"2024-04-01T11:45:47","date_gmt":"2024-04-01T08:45:47","guid":{"rendered":"https:\/\/www.enerjigazetesi.ist\/?p=186478"},"modified":"2024-04-01T11:46:48","modified_gmt":"2024-04-01T08:46:48","slug":"skywell-in-yeni-elektrikli-sedan-modeli-skyhome-a-en-iyi-tasarim-odulu","status":"publish","type":"post","link":"https:\/\/www.enerjigazetesi.ist\/en\/skywell-in-yeni-elektrikli-sedan-modeli-skyhome-a-en-iyi-tasarim-odulu\/","title":{"rendered":"(Turkish) Skywell\u2019in Yeni Elektrikli Sedan Modeli &#8216;Skyhome&#8217;a En \u0130yi Tasar\u0131m \u00d6d\u00fcl\u00fc"},"content":{"rendered":"<p class=\"qtranxs-available-languages-message qtranxs-available-languages-message-en\">Sorry, this entry is only available in <a href=\"https:\/\/www.enerjigazetesi.ist\/tr\/wp-json\/wp\/v2\/posts\/186478\" class=\"qtranxs-available-language-link qtranxs-available-language-link-tr\" title=\"Turkish\">Turkish<\/a>. For the sake of viewer convenience, the content is shown below in the alternative language. You may click the link to switch the active language.<\/p><p><\/p>\n<h2><strong>Skywell d\u00fcnyan\u0131n en prestijli tasar\u0131m \u00f6d\u00fcllerinden iF Design Award2024\u2019te (iFTasar\u0131m \u00d6d\u00fclleri), Skyhome modeliyle \u00f6nemli bir ba\u015far\u0131ya imza att\u0131. Sedan g\u00f6vde yap\u0131s\u0131na sahip, yenilik\u00e7i teknolojilerin yan\u0131 s\u0131ra g\u00fcvenlik ve konfor odakl\u0131 \u00f6zellikleriyle de \u00f6n plana \u00e7\u0131kan Skyhome, kullan\u0131c\u0131lar\u0131na l\u00fcks bir konfor vaat ediyor.<\/strong><\/h2>\n<p style=\"text-align: center;\"><img loading=\"lazy\" class=\"aligncenter wp-image-186481\" src=\"https:\/\/www.enerjigazetesi.ist\/wp-content\/uploads\/2024\/04\/skywell-in-yeni-elektrikli-sedan-modeli-skyhome-a-en-iyi-tasarim-odulu-1.jpg\" alt=\"\" width=\"500\" height=\"334\" srcset=\"https:\/\/www.enerjigazetesi.ist\/wp-content\/uploads\/2024\/04\/skywell-in-yeni-elektrikli-sedan-modeli-skyhome-a-en-iyi-tasarim-odulu-1.jpg 550w, https:\/\/www.enerjigazetesi.ist\/wp-content\/uploads\/2024\/04\/skywell-in-yeni-elektrikli-sedan-modeli-skyhome-a-en-iyi-tasarim-odulu-1-300x200.jpg 300w, https:\/\/www.enerjigazetesi.ist\/wp-content\/uploads\/2024\/04\/skywell-in-yeni-elektrikli-sedan-modeli-skyhome-a-en-iyi-tasarim-odulu-1-500x334.jpg 500w, https:\/\/www.enerjigazetesi.ist\/wp-content\/uploads\/2024\/04\/skywell-in-yeni-elektrikli-sedan-modeli-skyhome-a-en-iyi-tasarim-odulu-1-75x50.jpg 75w, https:\/\/www.enerjigazetesi.ist\/wp-content\/uploads\/2024\/04\/skywell-in-yeni-elektrikli-sedan-modeli-skyhome-a-en-iyi-tasarim-odulu-1-450x300.jpg 450w\" sizes=\"(max-width: 500px) 100vw, 500px\" \/><\/p>\n<p><strong>10 dakikal\u0131k<\/strong> \u015farj ile <strong>500 km\u2019ye yak\u0131n menzil<\/strong> sunan ve sedan formunda olan SkywellSkyhome, gizli kap\u0131 kollar\u0131, elektronik dikiz aynalar\u0131 ve r\u00fczg\u00e2ra kar\u015f\u0131 diren\u00e7li b\u00fcy\u00fck \u00e7apl\u0131 jantlar\u0131yla, aerodinamik verimlili\u011fe katk\u0131 sa\u011fl\u0131yor. Yeni model, parmak izi alg\u0131lama, kap\u0131 a\u00e7mak i\u00e7in y\u00fcz tan\u0131ma, cep telefonu kontrol\u00fc gibi benzersiz \u00e7\u00f6z\u00fcmlerle de ileri teknolojisini ortaya koyuyor.<\/p>\n<p>Arka koltuklar film izlemek ve ayak masaj\u0131 yapmak i\u00e7in rahat bir alan sunuyor. Tavana entegre etti\u011fi televizyon sayesinde ev konforunu ya\u015fatacak olan SkywellSkyhome, 21 hoparl\u00f6rl\u00fc ses sistemiyle benzersiz bir kabin i\u00e7i deneyim vaat ediyor. Kap\u0131larda, direksiyonda ve hoparl\u00f6rlerde kullan\u0131lan ortam ayd\u0131nlatmalar\u0131 i\u00e7 mek\u00e2na hareket ve modernlik kat\u0131yor. G\u00fc\u00e7 elektroni\u011finde \u00e7a\u011f\u0131 yakalayan Sykwell, tasar\u0131m taraf\u0131nda Avrupa \u00fclkeleri klasman\u0131na yakla\u015f\u0131rken, SkywellSkyhome modeliyle, tek veya \u00e7ift motorlu d\u00f6rt tekerlekten \u00e7eki\u015fli olmak \u00fczere iki farkl\u0131 versiyon halinde g\u00f6r\u00fcc\u00fcye \u00e7\u0131kt\u0131.<\/p>\n<p><strong>1954\u2019te<\/strong> ba\u015flayan <strong>iF Design Award<\/strong>, d\u00fcnyan\u0131n en bilinen tasar\u0131m yar\u0131\u015fmas\u0131, ayn\u0131 zamanda y\u00fcksek kaliteli \u00fcr\u00fcn tasar\u0131m\u0131n\u0131n da bir sembol\u00fc olarak g\u00f6steriliyor.<\/p>\n<p><strong>Skyhome modeli<\/strong> hakk\u0131nda detayl\u0131 bilgi i\u00e7in\u00a0<a href=\"https:\/\/skywell.com.tr\/\" target=\"_blank\" rel=\"noopener\">https:\/\/skywell.com.tr\/<\/a>adresini ziyaret edebilirsiniz.<\/p>","protected":false},"excerpt":{"rendered":"<p>Sorry, this entry is only available in Turkish. For the sake of viewer convenience, the content is shown below in the alternative language. You may click the link to switch the active language. Skywell d\u00fcnyan\u0131n en prestijli tasar\u0131m \u00f6d\u00fcllerinden iF Design Award2024\u2019te (iFTasar\u0131m \u00d6d\u00fclleri), Skyhome modeliyle \u00f6nemli bir ba\u015far\u0131ya imza att\u0131. Sedan g\u00f6vde yap\u0131s\u0131na sahip, [&hellip;]<\/p>\n","protected":false},"author":1,"featured_media":186480,"comment_status":"open","ping_status":"open","sticky":false,"template":"","format":"standard","meta":[],"categories":[51,53],"tags":[215,1270,89364,113229,113230,113231,99470,113232],"views":72,"_links":{"self":[{"href":"https:\/\/www.enerjigazetesi.ist\/en\/wp-json\/wp\/v2\/posts\/186478"}],"collection":[{"href":"https:\/\/www.enerjigazetesi.ist\/en\/wp-json\/wp\/v2\/posts"}],"about":[{"href":"https:\/\/www.enerjigazetesi.ist\/en\/wp-json\/wp\/v2\/types\/post"}],"author":[{"embeddable":true,"href":"https:\/\/www.enerjigazetesi.ist\/en\/wp-json\/wp\/v2\/users\/1"}],"replies":[{"embeddable":true,"href":"https:\/\/www.enerjigazetesi.ist\/en\/wp-json\/wp\/v2\/comments?post=186478"}],"version-history":[{"count":0,"href":"https:\/\/www.enerjigazetesi.ist\/en\/wp-json\/wp\/v2\/posts\/186478\/revisions"}],"wp:featuredmedia":[{"embeddable":true,"href":"https:\/\/www.enerjigazetesi.ist\/en\/wp-json\/wp\/v2\/media\/186480"}],"wp:attachment":[{"href":"https:\/\/www.enerjigazetesi.ist\/en\/wp-json\/wp\/v2\/media?parent=186478"}],"wp:term":[{"taxonomy":"category","embeddable":true,"href":"https:\/\/www.enerjigazetesi.ist\/en\/wp-json\/wp\/v2\/categories?post=186478"},{"taxonomy":"post_tag","embeddable":true,"href":"https:\/\/www.enerjigazetesi.ist\/en\/wp-json\/wp\/v2\/tags?post=186478"}],"curies":[{"name":"wp","href":"https:\/\/api.w.org\/{rel}","templated":true}]}}