{"id":186425,"date":"2024-03-29T14:12:59","date_gmt":"2024-03-29T11:12:59","guid":{"rendered":"https:\/\/www.enerjigazetesi.ist\/?p=186425"},"modified":"2024-03-29T14:13:26","modified_gmt":"2024-03-29T11:13:26","slug":"tupras-ilk-entegre-faaliyet-raporu-nu-yayimladi","status":"publish","type":"post","link":"https:\/\/www.enerjigazetesi.ist\/en\/tupras-ilk-entegre-faaliyet-raporu-nu-yayimladi\/","title":{"rendered":"(Turkish) &#8217;T\u00fcpra\u015f&#8217; \u0130lk Entegre Faaliyet Raporu\u2019nu Yay\u0131mlad\u0131"},"content":{"rendered":"<p class=\"qtranxs-available-languages-message qtranxs-available-languages-message-en\">Sorry, this entry is only available in <a href=\"https:\/\/www.enerjigazetesi.ist\/tr\/wp-json\/wp\/v2\/posts\/186425\" class=\"qtranxs-available-language-link qtranxs-available-language-link-tr\" title=\"Turkish\">Turkish<\/a>. For the sake of viewer convenience, the content is shown below in the alternative language. You may click the link to switch the active language.<\/p><p><\/p>\n<h2>T\u00fcpra\u015f, finansal ve finansal olmayan performans\u0131n\u0131; \u00e7evresel, sosyal ve y\u00f6neti\u015fim alanlar\u0131ndaki \u00e7al\u0131\u015fmalar\u0131n\u0131 oda\u011f\u0131na alarak 2023 Entegre Faaliyet Raporu\u2019nu kamuoyuna sundu.<\/h2>\n<p>\u015eirket, rapor arac\u0131l\u0131\u011f\u0131yla; y\u0131ll\u0131k faaliyetlerini, \u00e7ifte \u00f6nemlilik yakla\u015f\u0131m\u0131yla belirledi\u011fi \u00f6ncelikli konular\u0131 ve etki boyutlar\u0131n\u0131, S\u00fcrd\u00fcr\u00fclebilir Kalk\u0131nma Ama\u00e7lar\u0131\u2019na katk\u0131lar\u0131n\u0131 ve hedeflerini, payda\u015flar\u0131na \u00fcretti\u011fi <img loading=\"lazy\" class=\"alignright wp-image-186427\" src=\"https:\/\/www.enerjigazetesi.ist\/wp-content\/uploads\/2024\/03\/tupras-ilk-entegre-faaliyet-raporu-nu-yayimladi.jpg\" alt=\"\" width=\"320\" height=\"453\" srcset=\"https:\/\/www.enerjigazetesi.ist\/wp-content\/uploads\/2024\/03\/tupras-ilk-entegre-faaliyet-raporu-nu-yayimladi.jpg 339w, https:\/\/www.enerjigazetesi.ist\/wp-content\/uploads\/2024\/03\/tupras-ilk-entegre-faaliyet-raporu-nu-yayimladi-212x300.jpg 212w, https:\/\/www.enerjigazetesi.ist\/wp-content\/uploads\/2024\/03\/tupras-ilk-entegre-faaliyet-raporu-nu-yayimladi-283x400.jpg 283w, https:\/\/www.enerjigazetesi.ist\/wp-content\/uploads\/2024\/03\/tupras-ilk-entegre-faaliyet-raporu-nu-yayimladi-35x50.jpg 35w\" sizes=\"(max-width: 320px) 100vw, 320px\" \/>de\u011feri, Stratejik D\u00f6n\u00fc\u015f\u00fcm Plan\u0131 kapsam\u0131nda geli\u015fmeleri, kurumsal y\u00f6netim ve risk y\u00f6netimi anlay\u0131\u015f\u0131n\u0131 detayl\u0131 olarak payla\u015ft\u0131.<\/p>\n<h3><strong>T\u00fcpra\u015f\u2019\u0131n &#8216;2023 Entegre Faaliyet Raporu&#8217; Bir\u00e7ok \u00d6nc\u00fc ve \u00d6rnek \u00c7al\u0131\u015fmay\u0131 Bar\u0131nd\u0131r\u0131yor<\/strong><\/h3>\n<p>T\u00fcpra\u015f Entegre Faaliyet Raporu, <strong>IFRS Vakf\u0131 (IFRS) Entegre Raporlama \u00c7er\u00e7evesi<\/strong> dikkate al\u0131narak, <strong>K\u00fcresel Raporlama Giri\u015fimi (GRI)<\/strong> taraf\u0131ndan yay\u0131mlanan <strong>Petrol ve Gaz Sekt\u00f6r\u00fc Standard\u0131<\/strong> ile <strong>S\u00fcrd\u00fcr\u00fclebilirlik Muhasebesi Standartlar\u0131 Kurulu (SASB) Petrol ve Gaz End\u00fcstrisi Rafinaj ve Pazarlama Standard\u0131<\/strong> yakla\u015f\u0131mlar\u0131na uyumlu olarak haz\u0131rland\u0131.<\/p>\n<p>Ba\u011f\u0131ms\u0131z Denetim kapsam\u0131na dahil edilerek do\u011frulat\u0131lan 271 adet s\u00fcrd\u00fcr\u00fclebilirlik performans g\u00f6stergesi de dahil olmak \u00fczere Entegre Faaliyet Raporu\u2019nda yer alan t\u00fcm veriler ilk kez T\u00fcpra\u015f ve ba\u011fl\u0131 ortakl\u0131klar i\u00e7in konsolide edilerek kamuoyuyla payla\u015f\u0131ld\u0131.\u00a0K\u00fcresel s\u00fcrd\u00fcr\u00fclebilirlik endekslerinin beklentilerini kar\u015f\u0131layan toplam 85 yeni performans g\u00f6stergesi raporda ilk defa yer ald\u0131.<\/p>\n<p>T\u00fcpra\u015f, <strong>Sera Gaz\u0131 Protokol\u00fc\u2019ne (GHG Protokol)<\/strong> g\u00f6re toplam <strong>15 kategoride<\/strong> detayl\u0131 bir<strong> Kapsam 3 emisyon analizi<\/strong> ger\u00e7ekle\u015ftirdi ve 2017 baz y\u0131l\u0131ndan itibaren t\u00fcm ge\u00e7mi\u015f emisyonlar\u0131n\u0131 (2017-2023) <strong>ISO14064 standard\u0131<\/strong> do\u011frultusunda, \u00fc\u00e7\u00fcnc\u00fc taraf ba\u011f\u0131ms\u0131z kurulu\u015flara do\u011frulatt\u0131. \u015eirketin operasyonlar\u0131 nedeniyle de\u011fer zincirindeki dolayl\u0131 emisyonlara kar\u015f\u0131l\u0131k gelen <strong>Kapsam 3 emisyonlar\u0131<\/strong> 2023 Entegre Faaliyet Raporu kapsam\u0131nda ilk kez kamuoyuyla payla\u015f\u0131ld\u0131.<\/p>\n<p>Bu y\u0131l ilk kez y\u00fcr\u00fct\u00fclen \u2018\u00c7ifte \u00d6nemlilik \u00c7al\u0131\u015fmas\u0131\u2019 ile T\u00fcpra\u015f\u2019\u0131n \u00f6ncelikli s\u00fcrd\u00fcr\u00fclebilirlik konular\u0131 belirlendi ve \u00e7evresel ve sosyal etkilerinin yan\u0131 s\u0131ra T\u00fcpra\u015f operasyonlar\u0131na olan finansal etkileriyle birlikte de\u011ferlendirmeye al\u0131nd\u0131. Bu do\u011frultuda <strong>Payda\u015f Analizi \u00e7al\u0131\u015fmas\u0131<\/strong> yenilenerek t\u00fcm rapor kurgusunu \u015fekillendiren \u00f6ncelikli konular ilgili payda\u015flar\u0131n g\u00f6r\u00fc\u015fleri al\u0131narak raporda yer ald\u0131.<\/p>\n<p>Ayr\u0131ca, \u015firket yat\u0131r\u0131m harcamalar\u0131, operasyonel harcamalar\u0131 ve gelirleri;<strong> \u00e7evresel s\u00fcrd\u00fcr\u00fclebilir faaliyetleri<\/strong> s\u0131n\u0131fland\u0131ran <strong>Avrupa Birli\u011fi Taksonomisi<\/strong> kapsam\u0131nda ilk kez de\u011ferlendirildi\u00a0ve sonu\u00e7lar\u0131 2023 Entegre Faaliyet Raporu\u2019nda yay\u0131mland\u0131.\u00a0G\u00f6n\u00fcll\u00fc olarak yap\u0131lan bu \u00e7al\u0131\u015fma kapsam\u0131nda \u015firket yat\u0131r\u0131mlar\u0131, operasyonel harcamalar\u0131 ve gelirleri ba\u011fl\u0131 ortakl\u0131klarla konsolide edilerek uluslararas\u0131 \u00f6l\u00e7ekte kabul g\u00f6rm\u00fc\u015f bir metodolojiyle, \u00e7evresel s\u00fcrd\u00fcr\u00fclebilirlik hedeflerine ne derece uyumlu oldu\u011fu kamuoyu ile payla\u015f\u0131ld\u0131.<\/p>\n<h3><strong>\u0130lk Kez Yer Al\u0131nan CDP Karbon Saydaml\u0131k Projesi\u2019nde \u201cB\u201d Y\u00f6netim Seviyesi Notu<\/strong><\/h3>\n<p>T\u00fcpra\u015f\u2019\u0131n\u00a0y\u0131llard\u0131r istikrarl\u0131 olarak raporlad\u0131\u011f\u0131 s\u00fcrd\u00fcr\u00fclebilirlik performans\u0131, ba\u011f\u0131ms\u0131z de\u011ferlendirme kurulu\u015flar\u0131 taraf\u0131ndan de\u011ferlendirilerek skorlarda s\u00fcrekli olarak iyile\u015fme hedefleri aras\u0131nda yer al\u0131yor.<\/p>\n<p>Bu do\u011frultuda ilk kez dahil oldu\u011fu <strong>CDP Karbon Saydaml\u0131k Projesi<\/strong>\u2019nin <strong>\u201cSu G\u00fcvenli\u011fi\u201d ve \u201c\u0130klim De\u011fi\u015fikli\u011fi\u201d<\/strong> programlar\u0131nda<strong> \u201cB\u201d Y\u00f6netim Seviyesi notu<\/strong> ile derecelendirilen T\u00fcpra\u015f, petrol sekt\u00f6r\u00fcnde faaliyet g\u00f6steren ve CDP taraf\u0131ndan<strong> \u201cSu G\u00fcvenli\u011fi\u201d<\/strong> program\u0131nda de\u011ferlendirmeye al\u0131nan \u015firketler aras\u0131nda \u00fcst s\u0131ralarda yerini alm\u0131\u015f oldu.<\/p>\n<p>T\u00fcpra\u015f , 2023 y\u0131l\u0131nda k\u00fcresel arenada en b\u00fcy\u00fck kurumsal s\u00fcrd\u00fcr\u00fclebilirlik giri\u015fimlerinden biri olan <strong>Birle\u015fmi\u015f Milletler K\u00fcresel \u0130lkeler S\u00f6zle\u015fmesi\u2019nin (UN Global Compact)<\/strong> imzac\u0131s\u0131 olarak, s\u00f6zle\u015fmenin insan haklar\u0131, \u00e7al\u0131\u015fma standartlar\u0131, \u00e7evre ve yolsuzlukla m\u00fccadele alanlar\u0131ndaki <strong>10 temel evrensel ilkesine uygun davranaca\u011f\u0131n\u0131n<\/strong> taahh\u00fcd\u00fcn\u00fc de veriyor.<\/p>\n<p>Avrupa su pazar\u0131n\u0131n lider payda\u015f kurulu\u015fu <strong>Water Europe<\/strong>\u2019a kat\u0131lan ilk T\u00fcrk sanayi \u015firketi olan T\u00fcpra\u015f, ayn\u0131 zamanda Avrupa odakl\u0131 <strong>ye\u015fil hidrojen \u00e7al\u0131\u015fmalar\u0131na<\/strong> y\u00f6n veren<strong> Hydrogen Europe \u00fcyesi<\/strong> olarak \u00f6ne \u00e7\u0131k\u0131yor.<\/p>","protected":false},"excerpt":{"rendered":"<p>Sorry, this entry is only available in Turkish. For the sake of viewer convenience, the content is shown below in the alternative language. You may click the link to switch the active language. T\u00fcpra\u015f, finansal ve finansal olmayan performans\u0131n\u0131; \u00e7evresel, sosyal ve y\u00f6neti\u015fim alanlar\u0131ndaki \u00e7al\u0131\u015fmalar\u0131n\u0131 oda\u011f\u0131na alarak 2023 Entegre Faaliyet Raporu\u2019nu kamuoyuna sundu. \u015eirket, rapor [&hellip;]<\/p>\n","protected":false},"author":1,"featured_media":186429,"comment_status":"open","ping_status":"open","sticky":false,"template":"","format":"standard","meta":[],"categories":[53,44],"tags":[113202,72988,1999,97744,28565,67009,1000],"views":47,"_links":{"self":[{"href":"https:\/\/www.enerjigazetesi.ist\/en\/wp-json\/wp\/v2\/posts\/186425"}],"collection":[{"href":"https:\/\/www.enerjigazetesi.ist\/en\/wp-json\/wp\/v2\/posts"}],"about":[{"href":"https:\/\/www.enerjigazetesi.ist\/en\/wp-json\/wp\/v2\/types\/post"}],"author":[{"embeddable":true,"href":"https:\/\/www.enerjigazetesi.ist\/en\/wp-json\/wp\/v2\/users\/1"}],"replies":[{"embeddable":true,"href":"https:\/\/www.enerjigazetesi.ist\/en\/wp-json\/wp\/v2\/comments?post=186425"}],"version-history":[{"count":0,"href":"https:\/\/www.enerjigazetesi.ist\/en\/wp-json\/wp\/v2\/posts\/186425\/revisions"}],"wp:featuredmedia":[{"embeddable":true,"href":"https:\/\/www.enerjigazetesi.ist\/en\/wp-json\/wp\/v2\/media\/186429"}],"wp:attachment":[{"href":"https:\/\/www.enerjigazetesi.ist\/en\/wp-json\/wp\/v2\/media?parent=186425"}],"wp:term":[{"taxonomy":"category","embeddable":true,"href":"https:\/\/www.enerjigazetesi.ist\/en\/wp-json\/wp\/v2\/categories?post=186425"},{"taxonomy":"post_tag","embeddable":true,"href":"https:\/\/www.enerjigazetesi.ist\/en\/wp-json\/wp\/v2\/tags?post=186425"}],"curies":[{"name":"wp","href":"https:\/\/api.w.org\/{rel}","templated":true}]}}