{"id":186406,"date":"2024-03-28T17:25:14","date_gmt":"2024-03-28T14:25:14","guid":{"rendered":"https:\/\/www.enerjigazetesi.ist\/?p=186406"},"modified":"2024-03-28T17:42:54","modified_gmt":"2024-03-28T14:42:54","slug":"kalyon-enerji-den-surdurulebilirlik-yolunda-onemli-adim","status":"publish","type":"post","link":"https:\/\/www.enerjigazetesi.ist\/en\/kalyon-enerji-den-surdurulebilirlik-yolunda-onemli-adim\/","title":{"rendered":"(Turkish) &#8217;Kalyon Enerji\u2019den S\u00fcrd\u00fcr\u00fclebilirlik Yolunda \u00d6nemli Ad\u0131m\u2026"},"content":{"rendered":"<p class=\"qtranxs-available-languages-message qtranxs-available-languages-message-en\">Sorry, this entry is only available in <a href=\"https:\/\/www.enerjigazetesi.ist\/tr\/wp-json\/wp\/v2\/posts\/186406\" class=\"qtranxs-available-language-link qtranxs-available-language-link-tr\" title=\"Turkish\">Turkish<\/a>. For the sake of viewer convenience, the content is shown below in the alternative language. You may click the link to switch the active language.<\/p><p><\/p>\n<h2><strong>Enerjide kendi kendine yeten ve daha sa\u011fl\u0131kl\u0131 bir d\u00fcnya hedefine ula\u015fmak i\u00e7in yenilenebilir ve temiz enerji \u00fcreten Kalyon Enerji, s\u00fcrd\u00fcr\u00fclebilirlik ilkeleri ve kalk\u0131nma ama\u00e7lar\u0131 do\u011frultusunda hayata ge\u00e7irdi\u011fi \u00e7al\u0131\u015fmalara bir yenisini daha ekleyerek\u00a0<\/strong><strong>UN Global Compact\u2019\u0131n imzac\u0131s\u0131 oldu.<\/strong><\/h2>\n<p>Kalyon Enerji,\u00a0UN Global Compact K\u00fcresel \u0130lkeler S\u00f6zle\u015fmesi&#8217;ne imza atarak;\u00a0\u00f6zellikle <strong>S\u00fcrd\u00fcr\u00fclebilir Kalk\u0131nma Ama\u00e7lar\u0131<\/strong> ba\u015fta olmak \u00fczere, Birle\u015fmi\u015f Milletler\u2019in geni\u015f kapsaml\u0131 kalk\u0131nma hedeflerinin geli\u015ftirilmesini destekleyen i\u015f birli\u011fi projelerinde yer almay\u0131 ve hesap verebilirlik saydaml\u0131k ilkeleri ile <strong>UN Global Compact\u2019\u0131n 10 ilkesini<\/strong> \u015firket k\u00fclt\u00fcr\u00fcne entegre edece\u011fi taahh\u00fcd\u00fcn\u00fc verdi.<\/p>\n<h3><strong>Dr. Ata: \u201cToplumun ve Gezegenin S\u00fcrd\u00fcr\u00fclebilir Gelece\u011fi \u0130\u00e7in \u00d6nc\u00fc Rol Oynuyoruz\u201d<\/strong><\/h3>\n<div id=\"attachment_186409\" style=\"width: 510px\" class=\"wp-caption aligncenter\"><img aria-describedby=\"caption-attachment-186409\" loading=\"lazy\" class=\"wp-image-186409\" src=\"https:\/\/www.enerjigazetesi.ist\/wp-content\/uploads\/2024\/03\/kalyon-enerji-den-surdurulebilirlik-yolunda-onemli-adim-1.jpg\" alt=\"\" width=\"500\" height=\"334\" srcset=\"https:\/\/www.enerjigazetesi.ist\/wp-content\/uploads\/2024\/03\/kalyon-enerji-den-surdurulebilirlik-yolunda-onemli-adim-1.jpg 550w, https:\/\/www.enerjigazetesi.ist\/wp-content\/uploads\/2024\/03\/kalyon-enerji-den-surdurulebilirlik-yolunda-onemli-adim-1-300x200.jpg 300w, https:\/\/www.enerjigazetesi.ist\/wp-content\/uploads\/2024\/03\/kalyon-enerji-den-surdurulebilirlik-yolunda-onemli-adim-1-500x334.jpg 500w, https:\/\/www.enerjigazetesi.ist\/wp-content\/uploads\/2024\/03\/kalyon-enerji-den-surdurulebilirlik-yolunda-onemli-adim-1-75x50.jpg 75w, https:\/\/www.enerjigazetesi.ist\/wp-content\/uploads\/2024\/03\/kalyon-enerji-den-surdurulebilirlik-yolunda-onemli-adim-1-450x300.jpg 450w\" sizes=\"(max-width: 500px) 100vw, 500px\" \/><p id=\"caption-attachment-186409\" class=\"wp-caption-text\">Kalyon Enerji Y\u00f6netim Kurulu \u00dcyesi ve CEO\u2019su Dr. Murtaza Ata<\/p><\/div>\n<p>UN Global Compact\u2019\u0131n, 160\u2019\u0131n \u00fczerinde \u00fclkede, 15 binin \u00fczerinde \u015firket ve 5 binin \u00fczerinde \u015firket d\u0131\u015f\u0131 \u00fcyesi ile faaliyet g\u00f6sterdi\u011fini s\u00f6yleyen <strong>Kalyon Enerji Y\u00f6netim Kurulu \u00dcyesi ve CEO\u2019su Dr. Murtaza Ata,\u00a0<\/strong>\u015fu de\u011ferlendirmelerde bulundu;<em>\u00a0\u201cKalyon Enerji&#8217;nin UN Global Compact K\u00fcresel \u0130lkeler S\u00f6zle\u015fmesi&#8217;ne imza atmas\u0131, sadece bir \u015firketin de\u011fil, k\u00fcresel s\u00fcrd\u00fcr\u00fclebilirlik m\u00fccadelesinin de \u00f6nemli bir ad\u0131m\u0131d\u0131r. Bu taahh\u00fct, bizim kendi operasyonlar\u0131m\u0131za odaklanmakla kalm\u0131yor, ayn\u0131 zamanda toplumun ve gezegenin s\u00fcrd\u00fcr\u00fclebilir gelece\u011fi i\u00e7in de \u00f6nc\u00fc rol oynuyor. Kalyon Enerji olarak, imza att\u0131\u011f\u0131m\u0131z ilkelere olan ba\u011fl\u0131l\u0131\u011f\u0131m\u0131z\u0131 ve uygulama stratejimizi payla\u015fmak istiyoruz. \u015eirketimiz, her sene d\u00fczenli olarak yay\u0131nlayaca\u011f\u0131 raporlarla bu ilkelere nas\u0131l uydu\u011funu ve uygulamaya koydu\u011funu a\u00e7\u0131klayacak. Ayr\u0131ca, <strong>S\u00fcrd\u00fcr\u00fclebilir Kalk\u0131nma Ama\u00e7lar\u0131<\/strong> ba\u015fta olmak \u00fczere, BM\u2019nin di\u011fer geni\u015f kapsaml\u0131 kalk\u0131nma hedeflerinin geli\u015ftirilmesini destekleyen i\u015f birli\u011fi projelerinde aktif olarak yer almay\u0131 ve bu ilkeleri; \u015firket stratejimiz, k\u00fclt\u00fcr\u00fcm\u00fcz ve g\u00fcnl\u00fck operasyonlar\u0131m\u0131za entegre etmeyi taahh\u00fct ediyoruz.\u201d<\/em><\/p>\n<p><strong>Dr. Ata, s\u00f6zlerine \u015f\u00f6yle devam etti;\u00a0<\/strong><em>\u201cKalyon Enerji olarak S\u00fcrd\u00fcr\u00fclebilir Kalk\u0131nma Ama\u00e7lar\u0131\u2019n\u0131n g\u00f6stergelerinden <strong>7, 8, 13 ve 15\u2019inci<\/strong> maddelerine do\u011frudan katk\u0131 sa\u011flayan \u00e7al\u0131\u015fmalar\u0131m\u0131z\u0131 s\u00fcrd\u00fcr\u00fcyoruz.<\/em><\/p>\n<p><span style=\"text-decoration: underline;\"><em>Bu maddeleri \u015f\u00f6yle s\u0131ralayabiliriz:\u00a0<\/em><\/span><\/p>\n<p><em>&#8211; <strong>SKA 7<\/strong> ba\u015fl\u0131\u011f\u0131 alt\u0131nda herkes i\u00e7in g\u00fcvenilir ve s\u00fcrd\u00fcr\u00fclebilir enerjiye eri\u015fimi sa\u011fl\u0131yoruz,\u00a0<\/em><\/p>\n<p><em>&#8211; <strong>SKA 8<\/strong> ba\u015fl\u0131\u011f\u0131nda ise istikrarl\u0131 ve kapsay\u0131c\u0131 ekonomik b\u00fcy\u00fcmeye katk\u0131 sa\u011flayarak istihdam\u0131 destekliyoruz,<\/em><\/p>\n<p><em>&#8211; <strong>SKA 13<\/strong> ba\u015fl\u0131\u011f\u0131nda da iklim de\u011fi\u015fikli\u011fi ve etkileri ile m\u00fccadele ediyoruz,<\/em><\/p>\n<p><em>&#8211; <strong>SKA 15<\/strong> ba\u015fl\u0131\u011f\u0131nda biyolojik \u00e7e\u015fitlilik kayb\u0131n\u0131n \u00f6nlenmesi i\u00e7in karasal ekosistemleri koruyacak ve iyile\u015ftirecek \u00e7al\u0131\u015fmalar y\u00fcr\u00fct\u00fcyoruz<\/em>.<\/p>\n<p><em>Kalyon Enerji olarak faaliyetlerimize sadece ticari bir anlam y\u00fcklemiyoruz; daha iyi bir d\u00fcnyada ya\u015famak i\u00e7in, <strong>\u00e7evre ve iklim dostu olman\u0131n<\/strong> yeterli olmad\u0131\u011f\u0131na inan\u0131yoruz. \u0130nsan\u0131n ve do\u011fadaki di\u011fer canl\u0131lar\u0131n uyum i\u00e7inde oldu\u011fu bir gezegende mutlu bir hayat ilkesiyle toplumsal fayday\u0131 oda\u011f\u0131m\u0131za al\u0131yoruz. Bu bak\u0131\u015f a\u00e7\u0131s\u0131yla <strong>UN Global Compact K\u00fcresel \u0130lkeler S\u00f6zle\u015fmesi<\/strong> \u0130mzac\u0131s\u0131 olarak \u00e7al\u0131\u015fmalar\u0131m\u0131z\u0131 devam ettirece\u011fimizi belirtmek isterim\u201d<\/em> dedi.<\/p>\n<p>T\u00fcm yat\u0131r\u0131mlar\u0131n\u0131 <strong>ekolojik unsurlar\u0131<\/strong> ve<strong> iklim de\u011fi\u015fikli\u011fi hassasiyetini<\/strong> dikkate alarak, sekt\u00f6rdeki <strong>en iyi<\/strong> ve <strong>g\u00fcncel uygulamalar\u0131\/teknolojileri<\/strong> kullanarak hayata ge\u00e7irmek hedefiyle \u00e7al\u0131\u015fmalar\u0131n\u0131 s\u00fcrd\u00fcren Kalyon Enerji, gerek \u00e7evre politikalar\u0131 gerek <strong>i\u015f sa\u011fl\u0131\u011f\u0131 ve g\u00fcvenli\u011fi politikas\u0131<\/strong>, gerek<strong> sosyal etki, kapsay\u0131c\u0131l\u0131k ve insan haklar\u0131 politikas\u0131<\/strong> ile <strong>her alanda uluslararas\u0131 s\u00f6zle\u015fmelere<\/strong> <strong>uygun, \u015feffaf, a\u00e7\u0131k, hesap verebilir politikalarla<\/strong> s\u00fcrd\u00fcr\u00fclebilirlik k\u00fclt\u00fcr\u00fcne katk\u0131 sunuyor.<\/p>","protected":false},"excerpt":{"rendered":"<p>Sorry, this entry is only available in Turkish. For the sake of viewer convenience, the content is shown below in the alternative language. You may click the link to switch the active language. Enerjide kendi kendine yeten ve daha sa\u011fl\u0131kl\u0131 bir d\u00fcnya hedefine ula\u015fmak i\u00e7in yenilenebilir ve temiz enerji \u00fcreten Kalyon Enerji, s\u00fcrd\u00fcr\u00fclebilirlik ilkeleri ve [&hellip;]<\/p>\n","protected":false},"author":1,"featured_media":186408,"comment_status":"open","ping_status":"open","sticky":false,"template":"","format":"standard","meta":[],"categories":[51,53,49],"tags":[34920,59867,50397,113198],"views":22,"_links":{"self":[{"href":"https:\/\/www.enerjigazetesi.ist\/en\/wp-json\/wp\/v2\/posts\/186406"}],"collection":[{"href":"https:\/\/www.enerjigazetesi.ist\/en\/wp-json\/wp\/v2\/posts"}],"about":[{"href":"https:\/\/www.enerjigazetesi.ist\/en\/wp-json\/wp\/v2\/types\/post"}],"author":[{"embeddable":true,"href":"https:\/\/www.enerjigazetesi.ist\/en\/wp-json\/wp\/v2\/users\/1"}],"replies":[{"embeddable":true,"href":"https:\/\/www.enerjigazetesi.ist\/en\/wp-json\/wp\/v2\/comments?post=186406"}],"version-history":[{"count":0,"href":"https:\/\/www.enerjigazetesi.ist\/en\/wp-json\/wp\/v2\/posts\/186406\/revisions"}],"wp:featuredmedia":[{"embeddable":true,"href":"https:\/\/www.enerjigazetesi.ist\/en\/wp-json\/wp\/v2\/media\/186408"}],"wp:attachment":[{"href":"https:\/\/www.enerjigazetesi.ist\/en\/wp-json\/wp\/v2\/media?parent=186406"}],"wp:term":[{"taxonomy":"category","embeddable":true,"href":"https:\/\/www.enerjigazetesi.ist\/en\/wp-json\/wp\/v2\/categories?post=186406"},{"taxonomy":"post_tag","embeddable":true,"href":"https:\/\/www.enerjigazetesi.ist\/en\/wp-json\/wp\/v2\/tags?post=186406"}],"curies":[{"name":"wp","href":"https:\/\/api.w.org\/{rel}","templated":true}]}}