{"id":186302,"date":"2024-03-27T15:24:03","date_gmt":"2024-03-27T12:24:03","guid":{"rendered":"https:\/\/www.enerjigazetesi.ist\/?p=186302"},"modified":"2024-03-27T15:28:34","modified_gmt":"2024-03-27T12:28:34","slug":"dicle-elektrik-secim-hazirliklarini-tamamladi-koordinasyon-merkezi-aciliyor","status":"publish","type":"post","link":"https:\/\/www.enerjigazetesi.ist\/en\/dicle-elektrik-secim-hazirliklarini-tamamladi-koordinasyon-merkezi-aciliyor\/","title":{"rendered":"(Turkish) Dicle Elektrik Se\u00e7im Haz\u0131rl\u0131klar\u0131n\u0131 Tamamlad\u0131"},"content":{"rendered":"<p class=\"qtranxs-available-languages-message qtranxs-available-languages-message-en\">Sorry, this entry is only available in <a href=\"https:\/\/www.enerjigazetesi.ist\/tr\/wp-json\/wp\/v2\/posts\/186302\" class=\"qtranxs-available-language-link qtranxs-available-language-link-tr\" title=\"Turkish\">Turkish<\/a>. For the sake of viewer convenience, the content is shown below in the alternative language. You may click the link to switch the active language.<\/p><p><\/p>\n<h2><strong>G\u00fcneydo\u011fu Anadolu B\u00f6lgesi&#8217;nde yer alan alt\u0131 ilde elektrik da\u011f\u0131t\u0131m hizmeti veren Dicle Elektrik, 31 Mart Pazar g\u00fcn\u00fc ger\u00e7ekle\u015ftirilecek yerel se\u00e7imler \u00f6ncesinde, elektrik tedarikinde herhangi bir aksakl\u0131k ya\u015fanmamas\u0131 amac\u0131yla bir Koordinasyon Merkezi kuraca\u011f\u0131n\u0131 duyurdu. \u015eirket, se\u00e7im s\u00fcrecinde olas\u0131 t\u00fcm risklere kar\u015f\u0131 \u00f6nlem al\u0131nd\u0131\u011f\u0131n\u0131 bildirerek, 30 Mart saat 00.00&#8217;dan 1 Nisan saat 17.00&#8217;ye kadar b\u00f6lge genelinde 1.387 personel ve 535 ekiple teyakkuzda olaca\u011f\u0131n\u0131 a\u00e7\u0131klad\u0131.<\/strong><\/h2>\n<p>Dicle Elektrik taraf\u0131ndan da\u011f\u0131t\u0131m hizmeti verilen <strong>Diyarbak\u0131r, \u015eanl\u0131urfa, Mardin, Batman, \u015e\u0131rnak ve Siirt<\/strong>\u2019te <strong>31 Mart Pazar g\u00fcn\u00fc<\/strong> yap\u0131lacak yerel se\u00e7imler \u00f6ncesinde gerekli t\u00fcm tedbirler al\u0131nd\u0131. Olas\u0131 aksakl\u0131klara an\u0131nda m\u00fcdahale edebilmek i\u00e7in sorumluluk b\u00f6lgesinde <strong>1.387 personelden<\/strong> olu\u015fan <strong>535 ekip<\/strong> g\u00f6revlendiren Dicle Elektrik, \u015firket b\u00fcnyesinde <strong>Koordinasyon Merkezi<\/strong> de kuracak.<\/p>\n<h3><strong>Al\u0131nacak Tedbirler Belirlendi<\/strong><\/h3>\n<p><strong>Dicle Elektrik\u2019in \u015eebeke Operasyonlar\u0131ndan Sorumlu Genel M\u00fcd\u00fcr Yard\u0131mc\u0131s\u0131 Nedim<img loading=\"lazy\" class=\"alignright wp-image-186304\" src=\"https:\/\/www.enerjigazetesi.ist\/wp-content\/uploads\/2024\/03\/dicle-elektrik-secim-hazirliklarini-tamamladi-koordinasyon-merkezi-aciliyor-1.jpg\" alt=\"\" width=\"320\" height=\"253\" srcset=\"https:\/\/www.enerjigazetesi.ist\/wp-content\/uploads\/2024\/03\/dicle-elektrik-secim-hazirliklarini-tamamladi-koordinasyon-merkezi-aciliyor-1.jpg 550w, https:\/\/www.enerjigazetesi.ist\/wp-content\/uploads\/2024\/03\/dicle-elektrik-secim-hazirliklarini-tamamladi-koordinasyon-merkezi-aciliyor-1-300x237.jpg 300w, https:\/\/www.enerjigazetesi.ist\/wp-content\/uploads\/2024\/03\/dicle-elektrik-secim-hazirliklarini-tamamladi-koordinasyon-merkezi-aciliyor-1-500x395.jpg 500w, https:\/\/www.enerjigazetesi.ist\/wp-content\/uploads\/2024\/03\/dicle-elektrik-secim-hazirliklarini-tamamladi-koordinasyon-merkezi-aciliyor-1-63x50.jpg 63w\" sizes=\"(max-width: 320px) 100vw, 320px\" \/> T\u00fcz\u00fcn<\/strong>, yerel se\u00e7imler \u00f6ncesinde al\u0131nan \u00f6nlemlerle ilgili bilgi verdi. 31 Mart 2024&#8217;teki Mahalli \u0130dareler Genel Se\u00e7imlerinin problemsiz y\u00fcr\u00fct\u00fclebilmesi i\u00e7in \u015febekeye ait alternatif besleme hatlar\u0131n\u0131n s\u00fcrekli haz\u0131r tutuldu\u011funu belirten T\u00fcz\u00fcn, <em>\u201cCan veya mal g\u00fcvenli\u011fini tehdit eden durumlar haricinde planl\u0131 elektrik kesintileri yap\u0131lmayacak. Ayr\u0131ca, se\u00e7im kurullar\u0131yla yap\u0131lan g\u00f6r\u00fc\u015fmeler ve olas\u0131 ihtiya\u00e7lar i\u00e7in mobil jenerat\u00f6r deste\u011fi sa\u011flanacak.\u201d<\/em> dedi. T\u00fcz\u00fcn, se\u00e7im sand\u0131klar\u0131 ve kurullar\u0131n\u0131n bulundu\u011fu alanlarda ayd\u0131nlatma tesislerinin eksiksiz ve \u00e7al\u0131\u015f\u0131r durumda olmas\u0131 i\u00e7in \u00f6zel \u00f6nlemler al\u0131nd\u0131\u011f\u0131n\u0131 da a\u00e7\u0131klamalar\u0131na ekledi.<\/p>\n<h3><strong>1.387 Personel G\u00f6rev Ba\u015f\u0131nda Olacak<\/strong><\/h3>\n<p>Dicle Elektrik taraf\u0131ndan yap\u0131lan a\u00e7\u0131klamaya g\u00f6re, \u015firketin sorumluluk alan\u0131ndaki 96 il\u00e7e se\u00e7im kurulunda toplam 477 personelin g\u00f6rev alaca\u011f\u0131 belirtildi. \u00d6zellikle <strong>Mardin, \u015eanl\u0131urfa, \u015e\u0131rnak, Siirt, Diyarbak\u0131r ve Batman&#8217;da<\/strong> olmak \u00fczere toplam <strong>246 kritik noktada<\/strong>, muhtemel olumsuz durumlara kar\u015f\u0131 koruyucu \u00f6nlemler al\u0131nd\u0131\u011f\u0131 ifade edildi. Genel M\u00fcd\u00fcr Yard\u0131mc\u0131s\u0131 Nedim T\u00fcz\u00fcn, 6 ilde se\u00e7im s\u00fcresince toplam <strong>535 ekip<\/strong> ve <strong>1.387 personelin<\/strong>, olas\u0131 ar\u0131zalara ve olumsuz hava ko\u015fullar\u0131na kar\u015f\u0131 vardiyal\u0131 bir \u015fekilde haz\u0131r bulunaca\u011f\u0131n\u0131 duyurdu. T\u00fcz\u00fcn, herhangi bir kesinti durumunda m\u00fcdahale edilmek \u00fczere 26 adet jenerat\u00f6r\u00fcn de haz\u0131r tutuldu\u011fu bildirildi.<\/p>\n<h3><strong>Koordinasyon Merkezi Kurulacak<\/strong><\/h3>\n<p>Olas\u0131 aksakl\u0131klara an\u0131nda m\u00fcdahale edilebilmesi i\u00e7in bir Koordinasyon Merkezi olu\u015fturulaca\u011f\u0131n\u0131 ifade eden Nedim T\u00fcz\u00fcn, <em>\u201cBu merkez, bir genel m\u00fcd\u00fcr yard\u0131mc\u0131s\u0131n\u0131n liderli\u011finde, bir m\u00fcd\u00fcr ve bir y\u00f6netici olmak \u00fczere \u00fc\u00e7 ki\u015filik bir ekip taraf\u0131ndan y\u00f6netilecek. Ek olarak, 6 farkl\u0131 lokasyonda, y\u00f6netici ve m\u00fchendis pozisyonlar\u0131nda toplam 18 personel g\u00f6rev alacak. Merkez, TEDA\u015e taraf\u0131ndan kurulan Kriz Merkezi koordinasyonuyla, oy kullan\u0131m\u0131 ve say\u0131m i\u015flemleri s\u0131ras\u0131nda faaliyet g\u00f6sterecek. Bu \u00e7er\u00e7evede, Enerji ve Tabii Kaynaklar Bakanl\u0131\u011f\u0131&#8217;n\u0131n talepleri do\u011frultusunda, <strong>30 Mart saat 00.00<\/strong>&#8216;dan ba\u015flay\u0131p <strong>1 Nisan saat 17.00&#8217;a<\/strong> kadar, yani se\u00e7imlerin tamamen sona ermesine dek sorumluluk alan\u0131m\u0131zda tam teyakkuz halinde olaca\u011f\u0131z.\u201d<\/em> dedi.<\/p>","protected":false},"excerpt":{"rendered":"<p>Sorry, this entry is only available in Turkish. For the sake of viewer convenience, the content is shown below in the alternative language. You may click the link to switch the active language. G\u00fcneydo\u011fu Anadolu B\u00f6lgesi&#8217;nde yer alan alt\u0131 ilde elektrik da\u011f\u0131t\u0131m hizmeti veren Dicle Elektrik, 31 Mart Pazar g\u00fcn\u00fc ger\u00e7ekle\u015ftirilecek yerel se\u00e7imler \u00f6ncesinde, elektrik [&hellip;]<\/p>\n","protected":false},"author":1,"featured_media":186309,"comment_status":"open","ping_status":"open","sticky":false,"template":"","format":"standard","meta":[],"categories":[51,53],"tags":[12240,15016,4546,3833,113161,12809],"views":27,"_links":{"self":[{"href":"https:\/\/www.enerjigazetesi.ist\/en\/wp-json\/wp\/v2\/posts\/186302"}],"collection":[{"href":"https:\/\/www.enerjigazetesi.ist\/en\/wp-json\/wp\/v2\/posts"}],"about":[{"href":"https:\/\/www.enerjigazetesi.ist\/en\/wp-json\/wp\/v2\/types\/post"}],"author":[{"embeddable":true,"href":"https:\/\/www.enerjigazetesi.ist\/en\/wp-json\/wp\/v2\/users\/1"}],"replies":[{"embeddable":true,"href":"https:\/\/www.enerjigazetesi.ist\/en\/wp-json\/wp\/v2\/comments?post=186302"}],"version-history":[{"count":0,"href":"https:\/\/www.enerjigazetesi.ist\/en\/wp-json\/wp\/v2\/posts\/186302\/revisions"}],"wp:featuredmedia":[{"embeddable":true,"href":"https:\/\/www.enerjigazetesi.ist\/en\/wp-json\/wp\/v2\/media\/186309"}],"wp:attachment":[{"href":"https:\/\/www.enerjigazetesi.ist\/en\/wp-json\/wp\/v2\/media?parent=186302"}],"wp:term":[{"taxonomy":"category","embeddable":true,"href":"https:\/\/www.enerjigazetesi.ist\/en\/wp-json\/wp\/v2\/categories?post=186302"},{"taxonomy":"post_tag","embeddable":true,"href":"https:\/\/www.enerjigazetesi.ist\/en\/wp-json\/wp\/v2\/tags?post=186302"}],"curies":[{"name":"wp","href":"https:\/\/api.w.org\/{rel}","templated":true}]}}