{"id":186275,"date":"2024-03-26T18:15:30","date_gmt":"2024-03-26T15:15:30","guid":{"rendered":"https:\/\/www.enerjigazetesi.ist\/?p=186275"},"modified":"2024-03-26T18:15:30","modified_gmt":"2024-03-26T15:15:30","slug":"nitelikli-dogal-koruma-alanlarina-ges-kurulumu-hakkinda-bilgilendirme","status":"publish","type":"post","link":"https:\/\/www.enerjigazetesi.ist\/en\/nitelikli-dogal-koruma-alanlarina-ges-kurulumu-hakkinda-bilgilendirme\/","title":{"rendered":"(Turkish) Nitelikli Do\u011fal Koruma Alanlar\u0131na GES Kurulumu Hakk\u0131nda Bilgilendirme"},"content":{"rendered":"<p class=\"qtranxs-available-languages-message qtranxs-available-languages-message-en\">Sorry, this entry is only available in <a href=\"https:\/\/www.enerjigazetesi.ist\/tr\/wp-json\/wp\/v2\/posts\/186275\" class=\"qtranxs-available-language-link qtranxs-available-language-link-tr\" title=\"Turkish\">Turkish<\/a>. For the sake of viewer convenience, the content is shown below in the alternative language. You may click the link to switch the active language.<\/p><p><\/p>\n<h2><strong>\u00c7evre, \u015eehircilik ve \u0130klim De\u011fi\u015fikli\u011fi Bakanl\u0131\u011f\u0131 Tabiat Varl\u0131klar\u0131n\u0131 Koruma Merkez Komisyonu, yeni bir d\u00fczenlemeye imza att\u0131. Nitelikli do\u011fal koruma alanlar\u0131nda g\u00fcne\u015f enerjisi santrallerinin kurulabilece\u011fine y\u00f6nelik ilke karar\u0131nda d\u00fczenlemeye gidildi.<\/strong><\/h2>\n<p><img loading=\"lazy\" class=\"aligncenter wp-image-186277\" src=\"https:\/\/www.enerjigazetesi.ist\/wp-content\/uploads\/2024\/03\/nitelikli-dogal-koruma-alanlarina-ges-kurulumu-hakkinda-bilgilendirme.jpg\" alt=\"\" width=\"500\" height=\"366\" srcset=\"https:\/\/www.enerjigazetesi.ist\/wp-content\/uploads\/2024\/03\/nitelikli-dogal-koruma-alanlarina-ges-kurulumu-hakkinda-bilgilendirme.jpg 550w, https:\/\/www.enerjigazetesi.ist\/wp-content\/uploads\/2024\/03\/nitelikli-dogal-koruma-alanlarina-ges-kurulumu-hakkinda-bilgilendirme-300x220.jpg 300w, https:\/\/www.enerjigazetesi.ist\/wp-content\/uploads\/2024\/03\/nitelikli-dogal-koruma-alanlarina-ges-kurulumu-hakkinda-bilgilendirme-500x366.jpg 500w, https:\/\/www.enerjigazetesi.ist\/wp-content\/uploads\/2024\/03\/nitelikli-dogal-koruma-alanlarina-ges-kurulumu-hakkinda-bilgilendirme-68x50.jpg 68w\" sizes=\"(max-width: 500px) 100vw, 500px\" \/><\/p>\n<p>Komisyon, nitelikli do\u011fal koruma alanlar\u0131nda g\u00fcne\u015f enerjisi santrallerinin (GES) kurulabilece\u011fine y\u00f6nelik ilke karar\u0131nda d\u00fczenlemeye gitti. Resmi Gazete\u2019nin 26 Mart 2024 tarihli say\u0131s\u0131nda yay\u0131nlanan ve 100 say\u0131l\u0131 do\u011fal S\u0130T alanlar\u0131nda GES ilke karar\u0131nda de\u011fi\u015fiklik yapan kararla, karar\u0131n <strong>\u201cnitelikli do\u011fal koruma alanlar\u0131nda\u201d<\/strong> GES kurulamayaca\u011f\u0131na ili\u015fkin b\u00f6l\u00fcm\u00fc uygulamadan kald\u0131r\u0131ld\u0131.<\/p>\n<h3><strong>Nitelikli Do\u011fal Koruma Alanlar\u0131nda GES Kurulabiliyordu<\/strong><\/h3>\n<p>Bakanl\u0131k, 20 Temmuz 2022 tarihli Resmi Gazete\u2019de yay\u0131nlanan ve ayn\u0131 adl\u0131 ilke karar\u0131ndan yapt\u0131\u011f\u0131 d\u00fczenlemeyle, nitelikli do\u011fal koruma alanlar\u0131nda GES kurulmas\u0131na izin verilebilmesine imkan tan\u0131m\u0131\u015f, bu alanlara kurulacak <strong>GES\u2019lerin<\/strong> en az<strong> 1 MWe<\/strong> kurulu g\u00fcce sahip olmas\u0131na y\u00f6nelik karar alm\u0131\u015ft\u0131.<\/p>\n<p>Bug\u00fcn yay\u0131nlanan karar kapsam\u0131nda, <strong>Tabiat Varl\u0131klar\u0131n\u0131 Koruma Merkez Komisyonu<\/strong>, daha \u00f6nce al\u0131nan bu karar gere\u011fince uygulama imkan\u0131 kalmayan s\u00f6z konusu ibarenin ilke karar\u0131ndan \u00e7\u0131kar\u0131lmas\u0131na oy birli\u011fiyle karar verdi. Yeni d\u00fczenleme ile bundan b\u00f6yle <strong>GES projesi<\/strong> yap\u0131lmas\u0131n\u0131n m\u00fcmk\u00fcn olmad\u0131\u011f\u0131 alanlar; <strong>1. Derece Do\u011fal Sit Alanlar\u0131 ve Kesin Korunacak Hassas Alanlar<\/strong> olacak.<\/p>\n<div class=\"post-body xt-post-content\">\n<p><strong>\u0130lgili Karara Ula\u015fmak \u0130\u00e7in <a href=\"https:\/\/www.resmigazete.gov.tr\/eskiler\/2024\/03\/20240326-3.pdf\" target=\"_blank\" rel=\"noopener\">T\u0131klay\u0131n&gt;&gt;<\/a><\/strong><\/p>\n<\/div>\n<p><\/p>","protected":false},"excerpt":{"rendered":"<p>Sorry, this entry is only available in Turkish. For the sake of viewer convenience, the content is shown below in the alternative language. You may click the link to switch the active language. \u00c7evre, \u015eehircilik ve \u0130klim De\u011fi\u015fikli\u011fi Bakanl\u0131\u011f\u0131 Tabiat Varl\u0131klar\u0131n\u0131 Koruma Merkez Komisyonu, yeni bir d\u00fczenlemeye imza att\u0131. Nitelikli do\u011fal koruma alanlar\u0131nda g\u00fcne\u015f enerjisi [&hellip;]<\/p>\n","protected":false},"author":1,"featured_media":186277,"comment_status":"open","ping_status":"open","sticky":false,"template":"","format":"standard","meta":[],"categories":[53,49],"tags":[2326,2569,113149],"views":33,"_links":{"self":[{"href":"https:\/\/www.enerjigazetesi.ist\/en\/wp-json\/wp\/v2\/posts\/186275"}],"collection":[{"href":"https:\/\/www.enerjigazetesi.ist\/en\/wp-json\/wp\/v2\/posts"}],"about":[{"href":"https:\/\/www.enerjigazetesi.ist\/en\/wp-json\/wp\/v2\/types\/post"}],"author":[{"embeddable":true,"href":"https:\/\/www.enerjigazetesi.ist\/en\/wp-json\/wp\/v2\/users\/1"}],"replies":[{"embeddable":true,"href":"https:\/\/www.enerjigazetesi.ist\/en\/wp-json\/wp\/v2\/comments?post=186275"}],"version-history":[{"count":0,"href":"https:\/\/www.enerjigazetesi.ist\/en\/wp-json\/wp\/v2\/posts\/186275\/revisions"}],"wp:featuredmedia":[{"embeddable":true,"href":"https:\/\/www.enerjigazetesi.ist\/en\/wp-json\/wp\/v2\/media\/186277"}],"wp:attachment":[{"href":"https:\/\/www.enerjigazetesi.ist\/en\/wp-json\/wp\/v2\/media?parent=186275"}],"wp:term":[{"taxonomy":"category","embeddable":true,"href":"https:\/\/www.enerjigazetesi.ist\/en\/wp-json\/wp\/v2\/categories?post=186275"},{"taxonomy":"post_tag","embeddable":true,"href":"https:\/\/www.enerjigazetesi.ist\/en\/wp-json\/wp\/v2\/tags?post=186275"}],"curies":[{"name":"wp","href":"https:\/\/api.w.org\/{rel}","templated":true}]}}