{"id":186267,"date":"2024-03-26T17:40:57","date_gmt":"2024-03-26T14:40:57","guid":{"rendered":"https:\/\/www.enerjigazetesi.ist\/?p=186267"},"modified":"2024-03-26T17:40:57","modified_gmt":"2024-03-26T14:40:57","slug":"karadeniz-de-37-milyon-metrekup-uretim-rakamina-ulastik","status":"publish","type":"post","link":"https:\/\/www.enerjigazetesi.ist\/en\/karadeniz-de-37-milyon-metrekup-uretim-rakamina-ulastik\/","title":{"rendered":"(Turkish) Karadeniz\u2019de 3,7 Milyon Metrek\u00fcp \u00dcretim Rakam\u0131na Ula\u015ft\u0131k"},"content":{"rendered":"<p class=\"qtranxs-available-languages-message qtranxs-available-languages-message-en\">Sorry, this entry is only available in <a href=\"https:\/\/www.enerjigazetesi.ist\/tr\/wp-json\/wp\/v2\/posts\/186267\" class=\"qtranxs-available-language-link qtranxs-available-language-link-tr\" title=\"Turkish\">Turkish<\/a>. For the sake of viewer convenience, the content is shown below in the alternative language. You may click the link to switch the active language.<\/p><p><\/p>\n<h2>Enerji ve Tabii Kaynaklar Bakan\u0131 Alparslan Bayraktar, Karadeniz\u2019deki Sakarya Gaz Sahas\u0131\u2019nda \u00fcretilen do\u011fal gaz miktar\u0131yla ilgili g\u00fcncel rakam\u0131 a\u00e7\u0131klad\u0131. \u015eu anda evlerde kullan\u0131lan gaz\u0131n bir miktar\u0131n\u0131n Karadeniz&#8217;de \u00fcretildi\u011fini kaydeden Bakan Bayraktar, <em>\u201cBu tabii daha ba\u015flang\u0131\u00e7. Bug\u00fcn itibariyle 3,7 milyon metrek\u00fcpl\u00fck bir \u00fcretim rakam\u0131na ula\u015fm\u0131\u015f durumday\u0131z. 2024 y\u0131l\u0131nda \u00f6zellikle Karadeniz&#8217;de \u00fc\u00e7 lokasyonda aramalar\u0131 h\u0131zland\u0131raca\u011f\u0131z.\u201d<\/em> dedi.<\/h2>\n<p style=\"text-align: center;\"><img loading=\"lazy\" class=\"aligncenter wp-image-186269\" src=\"https:\/\/www.enerjigazetesi.ist\/wp-content\/uploads\/2024\/03\/karadeniz-de-37-milyon-metrekup-uretim-rakamina-ulastik.jpg\" alt=\"\" width=\"500\" height=\"329\" srcset=\"https:\/\/www.enerjigazetesi.ist\/wp-content\/uploads\/2024\/03\/karadeniz-de-37-milyon-metrekup-uretim-rakamina-ulastik.jpg 550w, https:\/\/www.enerjigazetesi.ist\/wp-content\/uploads\/2024\/03\/karadeniz-de-37-milyon-metrekup-uretim-rakamina-ulastik-300x197.jpg 300w, https:\/\/www.enerjigazetesi.ist\/wp-content\/uploads\/2024\/03\/karadeniz-de-37-milyon-metrekup-uretim-rakamina-ulastik-500x329.jpg 500w, https:\/\/www.enerjigazetesi.ist\/wp-content\/uploads\/2024\/03\/karadeniz-de-37-milyon-metrekup-uretim-rakamina-ulastik-76x50.jpg 76w\" sizes=\"(max-width: 500px) 100vw, 500px\" \/><\/p>\n<h3><strong>D\u0131\u015fa Ba\u011f\u0131ml\u0131l\u0131k<\/strong><\/h3>\n<p>Adana\u2019da ticaret odas\u0131 y\u00f6netim kurulu ve \u00fcyeleriyle bir araya gelen Bakan Bayraktar, T\u00fcrkiye Y\u00fczy\u0131l\u0131nda hayata ge\u00e7irece\u011fi enerji politikalar\u0131yla ilgili de\u011ferlendirmelerde bulundu. Bayraktar, T\u00fcrkiye&#8217;nin cari a\u00e7\u0131k problemini \u00e7\u00f6zmesi i\u00e7in daha katma de\u011ferli \u00fcr\u00fcnler \u00fcretmesi ve enerjide d\u0131\u015fa ba\u011f\u0131ml\u0131l\u0131\u011f\u0131n\u0131 d\u00fc\u015f\u00fcrmesi gerekti\u011fini ifade ederek <em>\u201cT\u00fcrkiye Y\u00fczy\u0131l\u0131\u2019nda \u00f6n\u00fcm\u00fczdeki 30 y\u0131lda, enerjide ve tabii kaynaklar alan\u0131nda mutlak suretle d\u0131\u015fa ba\u011f\u0131ml\u0131l\u0131\u011f\u0131n\u0131 bitirme hedefiyle \u00e7al\u0131\u015f\u0131yoruz.\u201d<\/em> dedi.<\/p>\n<h3><strong>\u0130htiya\u00e7 Art\u0131yor<\/strong><\/h3>\n<p>T\u00fcrkiye\u2019nin enerji ihtiyac\u0131n\u0131n b\u00fcy\u00fcd\u00fc\u011f\u00fcn\u00fc an\u0131msatan Bayraktar, <em>\u201c\u00d6n\u00fcm\u00fczdeki s\u00fcre\u00e7te 2040&#8217;lara kadar biz T\u00fcrkiye&#8217;deki talebin artmaya devam edece\u011fini \u00f6ng\u00f6r\u00fcyoruz. Ki\u015fi ba\u015f\u0131 elektrik t\u00fcketimimiz yakla\u015f\u0131k 4 bin kilovat saat. Dolay\u0131s\u0131yla hem talebimiz art\u0131yor. Hem de d\u0131\u015fa ba\u011f\u0131ml\u0131l\u0131\u011f\u0131m\u0131z\u0131 d\u00fc\u015f\u00fcrmeye \u00e7al\u0131\u015f\u0131yoruz.\u201d<\/em> diye konu\u015ftu.<\/p>\n<h3><strong>Denklemdeki Stratejiler<\/strong><\/h3>\n<p>Bayraktar, bu denklemde yenilenebilir enerji ba\u015fta olmak \u00fczere baz\u0131 stratejileri ortaya koyduklar\u0131n\u0131 kaydederek <em>\u201cT\u00fcrkiye mutlaka yerli ve yenilenebilir kaynaklar\u0131n\u0131 buna tabii yerli k\u00f6m\u00fcr\u00fcm\u00fcz\u00fc de dahil etmek durumunday\u0131z. \u0130kinci \u00f6nemli \u00f6nceli\u011fimiz, enerji verimlili\u011fi konusu. Yani T\u00fcrkiye enerjiyi bu kadar ithal ederek bu kadar artan talebini s\u00fcrd\u00fcr\u00fcrken mutlaka enerjisini verimli kullanmas\u0131 laz\u0131m.\u201d<\/em> dedi.<\/p>\n<h3><strong>Enerjide D\u00f6n\u00fc\u015f\u00fcm<\/strong><\/h3>\n<p>Burada bir di\u011fer unsurun enerji d\u00f6n\u00fc\u015f\u00fcm\u00fc oldu\u011funu vurgulayan Bayraktar, <em>\u201cDaha ye\u015fil kaynaklara y\u00f6nelim devam ederken biliyoruz ki \u00f6n\u00fcm\u00fczdeki 10 y\u0131llarda petrol\u00fcn ve do\u011fal gaz\u0131n mutlaka ekonomilerde yeri olmaya devam edecek. Dolay\u0131s\u0131yla bunlar bir g\u00fcnde s\u0131f\u0131rlanmayaca\u011f\u0131 i\u00e7in, T\u00fcrkiye&#8217;nin mutlaka kendi petrol\u00fcn\u00fc ve do\u011fal gaz\u0131n\u0131 bulmas\u0131 laz\u0131m.\u201d<\/em> diye konu\u015ftu.<\/p>\n<h3><strong>Aramalar H\u0131zlanacak<\/strong><\/h3>\n<p>Bayraktar, bu \u00e7er\u00e7evede 2020 y\u0131l\u0131 A\u011fustos ay\u0131nda Cumhuriyet tarihinin en b\u00fcy\u00fck do\u011fal gaz ke\u015ffinini Karadeniz\u2019de ger\u00e7ekle\u015ftirdiklerini s\u00f6yleyerek <em>\u201c\u015eu anda evlerimizde kullan\u0131lan gaz\u0131n bir miktar\u0131 Karadeniz&#8217;de kendi gaz\u0131m\u0131z olarak \u00fcretilmekte. Bu tabii daha ba\u015flang\u0131\u00e7. \u015eu anda bug\u00fcn itibariyle 3,7 milyon metrek\u00fcpl\u00fck bir \u00fcretim rakam\u0131na ula\u015fm\u0131\u015f durumday\u0131z. 2024 y\u0131l\u0131nda \u00f6zellikle Karadeniz&#8217;de \u00fc\u00e7 lokasyonda aramalar\u0131 h\u0131zland\u0131raca\u011f\u0131z.\u201d<\/em> dedi.<\/p>\n<h3><strong>En Kaliteli Petrol<\/strong><\/h3>\n<p>2021 y\u0131l\u0131nda ad\u0131 ter\u00f6rle an\u0131lan <strong>Gabar\u2019da<\/strong> T\u00fcrkiye\u2019nin<strong> en kaliteli petrol\u00fcn\u00fc<\/strong> bulduklar\u0131na de\u011finen Bayraktar, <em>\u201cYakla\u015f\u0131k 38 ila 42 API aras\u0131nda hakikaten neredeyse arac\u0131n\u0131za koyun ve y\u00fcr\u00fcy\u00fcn diyebilece\u011fimiz \u00f6l\u00e7ekte bir kalitede petrol\u00fc orada bulduk. Ciddi bir rezerv. G\u00fcnl\u00fck \u00fcretimimizi \u00e7ok k\u0131sa bir s\u00fcre i\u00e7erisinde 37 bin varil g\u00fcne \u00e7\u0131kard\u0131k. Orada da hedef in\u015fallah 100 bin varil g\u00fcne \u00e7\u0131kabilmek.\u201d<\/em> diye konu\u015ftu.<\/p>\n<p>Kaynak: <a href=\"https:\/\/enerji.gov.tr\/haber-detay?id=21265\" target=\"_blank\" rel=\"noopener\">ETKB<\/a><\/p>","protected":false},"excerpt":{"rendered":"<p>Sorry, this entry is only available in Turkish. For the sake of viewer convenience, the content is shown below in the alternative language. You may click the link to switch the active language. Enerji ve Tabii Kaynaklar Bakan\u0131 Alparslan Bayraktar, Karadeniz\u2019deki Sakarya Gaz Sahas\u0131\u2019nda \u00fcretilen do\u011fal gaz miktar\u0131yla ilgili g\u00fcncel rakam\u0131 a\u00e7\u0131klad\u0131. \u015eu anda evlerde [&hellip;]<\/p>\n","protected":false},"author":1,"featured_media":186269,"comment_status":"open","ping_status":"open","sticky":false,"template":"","format":"standard","meta":[],"categories":[46,53],"tags":[14004,43848,4713,1389,2007,78789],"views":38,"_links":{"self":[{"href":"https:\/\/www.enerjigazetesi.ist\/en\/wp-json\/wp\/v2\/posts\/186267"}],"collection":[{"href":"https:\/\/www.enerjigazetesi.ist\/en\/wp-json\/wp\/v2\/posts"}],"about":[{"href":"https:\/\/www.enerjigazetesi.ist\/en\/wp-json\/wp\/v2\/types\/post"}],"author":[{"embeddable":true,"href":"https:\/\/www.enerjigazetesi.ist\/en\/wp-json\/wp\/v2\/users\/1"}],"replies":[{"embeddable":true,"href":"https:\/\/www.enerjigazetesi.ist\/en\/wp-json\/wp\/v2\/comments?post=186267"}],"version-history":[{"count":0,"href":"https:\/\/www.enerjigazetesi.ist\/en\/wp-json\/wp\/v2\/posts\/186267\/revisions"}],"wp:featuredmedia":[{"embeddable":true,"href":"https:\/\/www.enerjigazetesi.ist\/en\/wp-json\/wp\/v2\/media\/186269"}],"wp:attachment":[{"href":"https:\/\/www.enerjigazetesi.ist\/en\/wp-json\/wp\/v2\/media?parent=186267"}],"wp:term":[{"taxonomy":"category","embeddable":true,"href":"https:\/\/www.enerjigazetesi.ist\/en\/wp-json\/wp\/v2\/categories?post=186267"},{"taxonomy":"post_tag","embeddable":true,"href":"https:\/\/www.enerjigazetesi.ist\/en\/wp-json\/wp\/v2\/tags?post=186267"}],"curies":[{"name":"wp","href":"https:\/\/api.w.org\/{rel}","templated":true}]}}