{"id":186240,"date":"2024-03-26T16:14:13","date_gmt":"2024-03-26T13:14:13","guid":{"rendered":"https:\/\/www.enerjigazetesi.ist\/?p=186240"},"modified":"2024-03-26T16:14:13","modified_gmt":"2024-03-26T13:14:13","slug":"karbon-ayak-izini-azaltmamanin-ihracattaki-yillik-maliyeti-3-3-milyar-euro","status":"publish","type":"post","link":"https:\/\/www.enerjigazetesi.ist\/en\/karbon-ayak-izini-azaltmamanin-ihracattaki-yillik-maliyeti-3-3-milyar-euro\/","title":{"rendered":"(Turkish) Karbon Ayak \u0130zini Azaltmaman\u0131n \u0130hracattaki Y\u0131ll\u0131k Maliyeti 3.3 Milyar Euro"},"content":{"rendered":"<p class=\"qtranxs-available-languages-message qtranxs-available-languages-message-en\">Sorry, this entry is only available in <a href=\"https:\/\/www.enerjigazetesi.ist\/tr\/wp-json\/wp\/v2\/posts\/186240\" class=\"qtranxs-available-language-link qtranxs-available-language-link-tr\" title=\"Turkish\">Turkish<\/a>. For the sake of viewer convenience, the content is shown below in the alternative language. You may click the link to switch the active language.<\/p><p><\/p>\n<h2><strong>T\u00fcrkiye\u2019nin ilk s\u00fcrd\u00fcr\u00fclebilirlik y\u00f6netim \u015firketi Altensis\u2019in Y\u00f6netici Orta\u011f\u0131 Dr. Emre Il\u0131cal\u0131, <em>\u201c<\/em><\/strong><strong><em>Karbon maliyetlerinin 2022 y\u0131l\u0131 d\u00fczeyinde kalmas\u0131 durumunda SKDM\u2019nin T\u00fcrkiye&#8217;nin AB-27&#8217;ye ihracat\u0131na olas\u0131 etkisi, y\u0131ll\u0131k yakla\u015f\u0131k 3.3 milyar euro. \u00c7imentodan tar\u0131ma kadar pek \u00e7ok sekt\u00f6r\u00fc bir dizi \u00f6nlem bekliyor\u201d<\/em> dedi.<\/strong><\/h2>\n<p>Avrupa Birli\u011fi\u2019nin (AB) iklim de\u011fi\u015fikli\u011fiyle m\u00fccadele \u00e7abas\u0131n\u0131 k\u00fcresel d\u00fczeyde art\u0131rmak amac\u0131yla <strong>karbon emisyonlar\u0131n\u0131 azaltmak<\/strong> i\u00e7in getirdi\u011fi <strong>\u2018S\u0131n\u0131rda Karbon D\u00fczenlemesi Mekanizmas\u0131\u2019 (SKDM)<\/strong>,\u00a02026 y\u0131l\u0131nda tamamen hayata ge\u00e7irilecek. Bu mekanizma ile AB i\u00e7inde uygulanan <strong>Emisyon Ticaret Sistemi<\/strong>\u2019ne e\u015fde\u011fer bir karbon fiyatland\u0131rmas\u0131n\u0131n SKDM kapsam\u0131na giren \u00fcr\u00fcnlerin ithalat\u0131 a\u015famas\u0131nda da uygulanmas\u0131, T\u00fcrkiye\u2019yi ihracatta \u00f6nemli bir e\u015fi\u011fi ge\u00e7meye haz\u0131rl\u0131yor.<\/p>\n<h3><strong>Emisyon Ticaret Sistemi Kurulup Uyum Sa\u011flanmal\u0131\u00a0<\/strong><\/h3>\n<div id=\"attachment_186243\" style=\"width: 330px\" class=\"wp-caption alignright\"><img aria-describedby=\"caption-attachment-186243\" loading=\"lazy\" class=\"wp-image-186243\" src=\"https:\/\/www.enerjigazetesi.ist\/wp-content\/uploads\/2024\/03\/karbon-ayak-izini-azaltmamanin-ihracattaki-yillik-maliyeti-3-3-milyar-euro-1.jpg\" alt=\"\" width=\"320\" height=\"329\" srcset=\"https:\/\/www.enerjigazetesi.ist\/wp-content\/uploads\/2024\/03\/karbon-ayak-izini-azaltmamanin-ihracattaki-yillik-maliyeti-3-3-milyar-euro-1.jpg 467w, https:\/\/www.enerjigazetesi.ist\/wp-content\/uploads\/2024\/03\/karbon-ayak-izini-azaltmamanin-ihracattaki-yillik-maliyeti-3-3-milyar-euro-1-292x300.jpg 292w, https:\/\/www.enerjigazetesi.ist\/wp-content\/uploads\/2024\/03\/karbon-ayak-izini-azaltmamanin-ihracattaki-yillik-maliyeti-3-3-milyar-euro-1-389x400.jpg 389w, https:\/\/www.enerjigazetesi.ist\/wp-content\/uploads\/2024\/03\/karbon-ayak-izini-azaltmamanin-ihracattaki-yillik-maliyeti-3-3-milyar-euro-1-49x50.jpg 49w\" sizes=\"(max-width: 320px) 100vw, 320px\" \/><p id=\"caption-attachment-186243\" class=\"wp-caption-text\">&#8216;Altensis&#8217; Y\u00f6netici Orta\u011f\u0131 Dr. Emre Il\u0131cal\u0131<\/p><\/div>\n<p>Ye\u015fil binalar ve s\u00fcrd\u00fcr\u00fclebilirlik alan\u0131nda dan\u0131\u015fmanl\u0131k veren <strong>Altensis\u2019in Y\u00f6netici Orta\u011f\u0131 Dr. Emre Il\u0131cal\u0131<\/strong>, \u00fclkemizin 2023 y\u0131l\u0131nda ba\u015flayan haz\u0131rl\u0131k ve ge\u00e7i\u015f s\u00fcrecini tamamlamas\u0131 i\u00e7in sadece 2 y\u0131l kald\u0131\u011f\u0131n\u0131, bu s\u00fcrede emisyon ticaret sistemi kurmas\u0131 ve uyum sa\u011flamas\u0131 gerekti\u011fini hat\u0131rlatt\u0131.<\/p>\n<p>T\u00fcrkiye&#8217;nin SKDM s\u00fcrecini sorunsuz atlatmak i\u00e7in herhangi bir mali y\u00fck\u00fcml\u00fcl\u00fc\u011f\u00fcn s\u00f6z konusu olmad\u0131\u011f\u0131 bu d\u00f6nemde gerekli olan \u00f6nlemleri almas\u0131n\u0131n elzem oldu\u011funa dikkat \u00e7eken Il\u0131cal\u0131, \u201cYap\u0131lan ara\u015ft\u0131rmalar, karbon maliyetlerinin 2022 y\u0131l\u0131 d\u00fczeyinde kalmas\u0131 durumunda SKDM\u2019nin T\u00fcrkiye&#8217;nin AB-27&#8217;ye ihracat\u0131na olas\u0131 etkisinin, y\u0131ll\u0131k yakla\u015f\u0131k 3.3 milyar euro olarak hesapland\u0131\u011f\u0131n\u0131 g\u00f6steriyor. Bu durum, \u00f6zellikle \u00e7imento, elektrik, di\u011fer mineral \u00fcr\u00fcnleri, tar\u0131m ve demir-\u00e7elik sekt\u00f6rlerinde ihracat gelirinde d\u00fc\u015f\u00fc\u015f ya\u015fanabilece\u011fini bize g\u00f6steriyor\u201d de\u011ferlendirmesini yapt\u0131.<\/p>\n<h3><strong>Enerji Yo\u011fun Sekt\u00f6rler, Nelerle Kar\u015f\u0131la\u015facak?<\/strong><\/h3>\n<p>Il\u0131cal\u0131, bu d\u00fczenlemenin ba\u015fta demir-\u00e7elik, \u00e7imento, al\u00fcminyum, g\u00fcbre ve elektrik olmak \u00fczere karbon ka\u00e7a\u011f\u0131 riskinin en y\u00fcksek oldu\u011fu, enerji yo\u011fun sekt\u00f6rlerde faaliyet g\u00f6steren sekt\u00f6rlerdeki i\u015fletmeleri etkileyece\u011fini kaydetti. SKDM\u2019nin AB&#8217;ye ihracat yapan \u00fclkelerin \u00fcr\u00fcnlerinin pazardaki rekabet\u00e7ili\u011fini etkileyebilecek maliyet art\u0131\u015flar\u0131 ya\u015fayaca\u011f\u0131n\u0131 ifade eden Il\u0131cal\u0131, \u201c\u0130hracat\u00e7\u0131lar, AB&#8217;nin karbon d\u00fczenlemesine uyum sa\u011flamak i\u00e7in karbon yo\u011fun \u00fcretim s\u00fcre\u00e7lerini iyile\u015ftirmek, karbon emisyonlar\u0131n\u0131 azaltma yat\u0131r\u0131mlar\u0131 yapmak veya SKDM kapsam\u0131nda vergi \u00f6demek gibi ek maliyetlerle kar\u015f\u0131la\u015fabilirler\u201d dedi.<\/p>\n<h3><strong>\u015eirketler \u0130\u00e7in \u0130lk Kritik Ad\u0131m, Karbon Ayak \u0130zini \u00d6l\u00e7mek\u00a0<\/strong><\/h3>\n<p>Enerji yo\u011fun sekt\u00f6rlerdeki \u015firketlerin karbon ayak izlerini \u00f6l\u00e7meye ba\u015flamas\u0131n\u0131n \u00e7ok \u00f6nemli bir ad\u0131m olaca\u011f\u0131n\u0131 vurgulayan Il\u0131cal\u0131, bunun i\u00e7in piyasada farkl\u0131 kapsam ve \u00f6l\u00e7eklere g\u00f6re hizmet veren bir\u00e7ok yaz\u0131l\u0131m \u00e7\u00f6z\u00fcm\u00fc bulundu\u011funu belirtti. Il\u0131cal\u0131, at\u0131lmas\u0131 gereken di\u011fer ad\u0131mlar\u0131 \u015f\u00f6yle aktard\u0131: \u201c\u0130kinci ad\u0131mda \u015firketler, \u00f6l\u00e7\u00fcm sonu\u00e7lar\u0131n\u0131 analiz ettikten sonra \u00fcretim s\u00fcre\u00e7lerini daha verimli hale getirmeli ve yenilenebilir enerji kaynaklar\u0131 ile daha az karbon emisyonu \u00fcreten teknolojilere yat\u0131r\u0131m yaparak karbon ayak izlerini azaltmal\u0131. Tedarik zincirindeki karbon emisyonlar\u0131n\u0131 azaltmaya y\u00f6nelik stratejilerin geli\u015ftirilebilmesi i\u00e7in tedarik\u00e7i ve son kullan\u0131c\u0131 taraf\u0131nda da gerekli takip mekanizmas\u0131n\u0131n kurularak bilgi ak\u0131\u015f\u0131n\u0131n sa\u011flanmas\u0131 \u00f6nceliklendirilmeli.\u201d<\/p>\n<h3><strong>H\u00fck\u00fcmet Te\u015fvikleri ve Uluslararas\u0131 \u0130\u015f Birlikleri, S\u00fcreci Desteklemeli\u00a0<\/strong><\/h3>\n<p>T\u00fcrkiye&#8217;nin bu s\u00fcreci sorunsuz atlatmas\u0131 i\u00e7in kamu d\u00fczeyinde at\u0131lmas\u0131 gereken ad\u0131mlara da de\u011finen Il\u0131cal\u0131, ye\u015fil teknolojilere ge\u00e7i\u015f ve karbon sal\u0131m\u0131n\u0131 azaltma \u00e7abalar\u0131n\u0131n h\u00fck\u00fcmet taraf\u0131ndan verilecek mali te\u015fvikler ve desteklerle \u00f6zendirilmesi gerekti\u011finin alt\u0131n\u0131 \u00e7izdi. Bunun \u00f6zellikle y\u00fcksek ba\u015flang\u0131\u00e7 maliyetleri nedeniyle ye\u015fil d\u00f6n\u00fc\u015f\u00fcme ge\u00e7i\u015fte teredd\u00fct eden \u015firketler i\u00e7in \u00f6nemli bir motivasyon kayna\u011f\u0131 olabilece\u011fine i\u015faret eden Il\u0131cal\u0131, T\u00fcrkiye&#8217;nin kendi karbon vergilendirme ve ticaret sistemlerini geli\u015ftirmesinin de SKDM&#8217;ye uyum s\u00fcrecini kolayla\u015ft\u0131rarak uluslararas\u0131 normlara uyumu te\u015fvik edebilece\u011fini kaydetti.<\/p>\n<p>T\u00fcrkiye\u2019nin SKDM gibi k\u00fcresel \u00e7apta \u00f6nemli d\u00fczenlemelere uyum sa\u011flama konusunda di\u011fer \u00fclkelerle ve uluslararas\u0131 kurulu\u015flarla i\u015f birli\u011fi yapmas\u0131n\u0131n gerekli oldu\u011funu belirten Il\u0131cal\u0131, \u015f\u00f6yle devam etti: \u201cBu t\u00fcr i\u015fbirlikleri, en iyi uygulamalar\u0131n payla\u015f\u0131lmas\u0131 ve teknik destek al\u0131nmas\u0131 a\u00e7\u0131s\u0131ndan de\u011ferli olabilir. Bununla birlikte d\u00fc\u015f\u00fck karbonlu teknolojilerin geli\u015ftirilmesi ve uygulanmas\u0131 kadar; \u015firketlerin ve t\u00fcketicilerin karbon d\u00fczenlemesi konusunda bilgilendirilmesi de olduk\u00e7a \u00f6nemli. Bu konudaki fark\u0131ndal\u0131klar\u0131n\u0131n art\u0131r\u0131lmas\u0131 gerekiyor. Bu sayede, s\u00fcrd\u00fcr\u00fclebilir t\u00fcketim ve \u00fcretim pratikleri konusunda daha bilin\u00e7li kararlar al\u0131nabilir.\u201d<\/p>\n<h3><strong>\u2018S\u00fcrd\u00fcr\u00fclebilir Kalk\u0131nmaya Giden Yolda \u00d6nemli Bir E\u015fikteyiz\u2019<\/strong><\/h3>\n<p>T\u00fcrkiye\u2019nin SKDM gibi \u00f6nemli \u00e7evresel d\u00fczenlemelere uyum sa\u011flarken ayn\u0131 zamanda s\u00fcrd\u00fcr\u00fclebilir kalk\u0131nma hedeflerine ula\u015fma yolunda \u00f6nemli ad\u0131mlar atm\u0131\u015f olaca\u011f\u0131n\u0131 kaydeden Il\u0131cal\u0131, \u201cBu s\u00fcre\u00e7te, \u00e7evresel s\u00fcrd\u00fcr\u00fclebilirli\u011fi ekonomik b\u00fcy\u00fcme ile entegre etmenin \u00fclkemizin uzun vadeli refah\u0131 i\u00e7in hayati \u00f6neme sahip oldu\u011funu d\u00fc\u015f\u00fcn\u00fcyorum. AB ile ticarette \u00f6nemli bir yere sahip olan T\u00fcrkiye\u2019nin, SKDM gibi d\u00fczenlemelere proaktif bir yakla\u015f\u0131m sergileyerek, hem ekonomik \u00e7\u0131karlar\u0131n\u0131 korumas\u0131 hem de s\u00fcrd\u00fcr\u00fclebilir kalk\u0131nma hedeflerine ula\u015fmas\u0131 \u00f6nem arz ediyor. Bu s\u00fcrecin, T\u00fcrk sanayisinin d\u00f6n\u00fc\u015f\u00fcm\u00fcn\u00fc h\u0131zland\u0131rmas\u0131 ve uluslararas\u0131 ticarette rekabet\u00e7ili\u011fini korumas\u0131na yard\u0131mc\u0131 olaca\u011f\u0131na inan\u0131yorum\u201d de\u011ferlendirmesini yapt\u0131.<\/p>","protected":false},"excerpt":{"rendered":"<p>Sorry, this entry is only available in Turkish. For the sake of viewer convenience, the content is shown below in the alternative language. You may click the link to switch the active language. T\u00fcrkiye\u2019nin ilk s\u00fcrd\u00fcr\u00fclebilirlik y\u00f6netim \u015firketi Altensis\u2019in Y\u00f6netici Orta\u011f\u0131 Dr. Emre Il\u0131cal\u0131, \u201cKarbon maliyetlerinin 2022 y\u0131l\u0131 d\u00fczeyinde kalmas\u0131 durumunda SKDM\u2019nin T\u00fcrkiye&#8217;nin AB-27&#8217;ye ihracat\u0131na [&hellip;]<\/p>\n","protected":false},"author":1,"featured_media":186242,"comment_status":"open","ping_status":"open","sticky":false,"template":"","format":"standard","meta":[],"categories":[51,53,52],"tags":[2203,88452,4595,4578,110971,109416],"views":35,"_links":{"self":[{"href":"https:\/\/www.enerjigazetesi.ist\/en\/wp-json\/wp\/v2\/posts\/186240"}],"collection":[{"href":"https:\/\/www.enerjigazetesi.ist\/en\/wp-json\/wp\/v2\/posts"}],"about":[{"href":"https:\/\/www.enerjigazetesi.ist\/en\/wp-json\/wp\/v2\/types\/post"}],"author":[{"embeddable":true,"href":"https:\/\/www.enerjigazetesi.ist\/en\/wp-json\/wp\/v2\/users\/1"}],"replies":[{"embeddable":true,"href":"https:\/\/www.enerjigazetesi.ist\/en\/wp-json\/wp\/v2\/comments?post=186240"}],"version-history":[{"count":0,"href":"https:\/\/www.enerjigazetesi.ist\/en\/wp-json\/wp\/v2\/posts\/186240\/revisions"}],"wp:featuredmedia":[{"embeddable":true,"href":"https:\/\/www.enerjigazetesi.ist\/en\/wp-json\/wp\/v2\/media\/186242"}],"wp:attachment":[{"href":"https:\/\/www.enerjigazetesi.ist\/en\/wp-json\/wp\/v2\/media?parent=186240"}],"wp:term":[{"taxonomy":"category","embeddable":true,"href":"https:\/\/www.enerjigazetesi.ist\/en\/wp-json\/wp\/v2\/categories?post=186240"},{"taxonomy":"post_tag","embeddable":true,"href":"https:\/\/www.enerjigazetesi.ist\/en\/wp-json\/wp\/v2\/tags?post=186240"}],"curies":[{"name":"wp","href":"https:\/\/api.w.org\/{rel}","templated":true}]}}