{"id":186236,"date":"2024-03-26T15:40:37","date_gmt":"2024-03-26T12:40:37","guid":{"rendered":"https:\/\/www.enerjigazetesi.ist\/?p=186236"},"modified":"2024-03-26T15:40:37","modified_gmt":"2024-03-26T12:40:37","slug":"nynas-tan-omrunu-tamamlamis-transformator-yaglari-icin-guc-birligi","status":"publish","type":"post","link":"https:\/\/www.enerjigazetesi.ist\/en\/nynas-tan-omrunu-tamamlamis-transformator-yaglari-icin-guc-birligi\/","title":{"rendered":"(Turkish) &#8217;Nynas\u2019tan \u00d6mr\u00fcn\u00fc Tamamlam\u0131\u015f Transformat\u00f6r Ya\u011flar\u0131 \u0130\u00e7in G\u00fc\u00e7 Birli\u011fi"},"content":{"rendered":"<p class=\"qtranxs-available-languages-message qtranxs-available-languages-message-en\">Sorry, this entry is only available in <a href=\"https:\/\/www.enerjigazetesi.ist\/tr\/wp-json\/wp\/v2\/posts\/186236\" class=\"qtranxs-available-language-link qtranxs-available-language-link-tr\" title=\"Turkish\">Turkish<\/a>. For the sake of viewer convenience, the content is shown below in the alternative language. You may click the link to switch the active language.<\/p><p><\/p>\n<h2>Nynas ve Stena Recycling stratejik bir i\u015f birli\u011fi kurarak Nynas\u2019\u0131n birinci s\u0131n\u0131f rafinasyon teknolojisini ve pazar lideri d\u00f6ng\u00fcsel trafo s\u0131v\u0131s\u0131n\u0131 Stena\u2019n\u0131n geni\u015f at\u0131k toplama a\u011f\u0131 ve modern geri d\u00f6n\u00fc\u015f\u00fcm hizmetleri ile bir araya getirdi.<\/h2>\n<p style=\"text-align: center;\"><img loading=\"lazy\" class=\"aligncenter wp-image-186238\" src=\"https:\/\/www.enerjigazetesi.ist\/wp-content\/uploads\/2024\/03\/nynas-tan-omrunu-tamamlamis-transformator-yaglari-icin-guc-birligi.jpg\" alt=\"\" width=\"500\" height=\"328\" srcset=\"https:\/\/www.enerjigazetesi.ist\/wp-content\/uploads\/2024\/03\/nynas-tan-omrunu-tamamlamis-transformator-yaglari-icin-guc-birligi.jpg 550w, https:\/\/www.enerjigazetesi.ist\/wp-content\/uploads\/2024\/03\/nynas-tan-omrunu-tamamlamis-transformator-yaglari-icin-guc-birligi-300x197.jpg 300w, https:\/\/www.enerjigazetesi.ist\/wp-content\/uploads\/2024\/03\/nynas-tan-omrunu-tamamlamis-transformator-yaglari-icin-guc-birligi-500x328.jpg 500w, https:\/\/www.enerjigazetesi.ist\/wp-content\/uploads\/2024\/03\/nynas-tan-omrunu-tamamlamis-transformator-yaglari-icin-guc-birligi-76x50.jpg 76w\" sizes=\"(max-width: 500px) 100vw, 500px\" \/><\/p>\n<p><strong>Trafo ya\u011f\u0131 \u00fcreticisi<\/strong> ve yeniden rafinasyon \u015firketi <strong>Nynas<\/strong>, elektrik end\u00fcstrisinde d\u00f6ng\u00fcsel ekonomi i\u00e7in <strong>s\u00fcrd\u00fcr\u00fclebilir \u00e7\u00f6z\u00fcmler sa\u011flamak<\/strong> amac\u0131yla \u0130sve\u00e7\u2019in lider geri d\u00f6n\u00fc\u015f\u00fcm \u015firketi <strong>Stena Recycling<\/strong> ile bir i\u015f birli\u011fi i\u00e7ine giriyor. Bu i\u015f birli\u011fi Nynas\u2019\u0131n birinci s\u0131n\u0131f rafinasyon teknolojisini ve s\u00fcrd\u00fcr\u00fclebilir \u00fcr\u00fcn geli\u015ftirme \u00e7al\u0131\u015fmalar\u0131n\u0131 Stena\u2019n\u0131n <strong>trafo ya\u011f\u0131 toplama<\/strong> ve <strong>d\u00f6n\u00fc\u015ft\u00fcrme<\/strong> konusundaki uzmanl\u0131\u011f\u0131 ile bir \u00fcst seviyeye ta\u015f\u0131yacak.<\/p>\n<p>Avrupa\u2019da geni\u015f bir a\u011fa sahip olan Stena Recycling, kullan\u0131mdan kald\u0131r\u0131lan elektrik trafolar\u0131n\u0131 ve di\u011fer hizmet ekipmanlar\u0131n\u0131 topluyor. Yeni i\u015f birli\u011fi ile Stena, bu trafolardan elde etti\u011fi kullan\u0131lm\u0131\u015f mineral yal\u0131t\u0131m ya\u011flar\u0131n\u0131 Nynas\u2019a teslim edecek ve bunlar da \u015firketin <strong>d\u00f6ng\u00fcsel trafo s\u0131v\u0131lar\u0131<\/strong> i\u00e7in ham madde olarak kullan\u0131lacak.<\/p>\n<p><strong>Nynas Sat\u0131\u015f ve Pazarlama Ba\u015fkan Yard\u0131mc\u0131s\u0131 Simon Day<\/strong> <em>\u201cNynas, trafo \u00fcreticilerine ve kamu hizmeti \u015firketlerine d\u00f6ng\u00fcsel ekonomiye kat\u0131lma f\u0131rsat\u0131 sa\u011flayan y\u00fcksek kaliteli yeniden rafine edilmi\u015f trafo ya\u011f\u0131 olan <strong>NYTRO\u00ae RR 900X<\/strong> \u00fcr\u00fcn\u00fcn\u00fc 2022 y\u0131l\u0131nda ba\u015far\u0131yla piyasaya s\u00fcrd\u00fc,\u201d <\/em>diyor. <em>\u201cBiz mevcut halleriyle art\u0131k hizmete uygun olmayan, kullan\u0131m \u00f6mr\u00fcn\u00fc tamamlam\u0131\u015f trafo ya\u011flar\u0131n\u0131 yeniden rafine ederken, <strong>NYTRO RR 900X<\/strong> Nynas markalar\u0131n\u0131n bilinen \u00fcst\u00fcn kalite standartlar\u0131ndan \u00f6d\u00fcn vermiyor.\u201d<\/em><\/p>\n<p><strong>Nynas NYTRO RR 900X<\/strong>, yeniden rafine edilen ya\u011flar\u0131n ham maddesinin <strong>%100 oran\u0131nda elektrik ekipman\u0131ndan tedarik edilmesini<\/strong> gerektiren <strong>IEC 60296 s\u00fcr\u00fcm 5 (2020) \u015fartnamesinin<\/strong> en y\u00fcksek gereksinimlerini kar\u015f\u0131l\u0131yor. Ayr\u0131ca bu \u00fcr\u00fcn yak\u0131nda <strong>ISCC Plus belgelendirmesi<\/strong> ile de sunulmaya ba\u015flanacak.<\/p>\n<p><strong>Nynas S\u00fcrd\u00fcr\u00fclebilirlik M\u00fcd\u00fcr\u00fc Marika Rangstedt<\/strong>, <em>\u201cNYTRO RR 900X, Nynas\u2019\u0131n kullan\u0131mdan kald\u0131r\u0131lm\u0131\u015f trafolardan elde edilen ve aksi durumda yanma ve bo\u015fa harcanma riski ta\u015f\u0131yan mineral ya\u011flar\u0131 yeniden kullanan g\u00fc\u00e7l\u00fc katalitik hidrojenasyon teknolojisi ile yeniden rafine ediliyor. NYTRO RR 900X, saf ya\u011f ile de\u011fi\u015fim yap\u0131l\u0131rken kaynaklar\u0131n korunmas\u0131na katk\u0131da bulunmas\u0131n\u0131n yan\u0131 s\u0131ra, kullan\u0131m \u00f6mr\u00fc boyunca saf Nynas ya\u011f\u0131na k\u0131yasla sera gaz\u0131 emisyonlar\u0131nda %70\u2019in \u00fczerinde d\u00fc\u015f\u00fc\u015f sa\u011fl\u0131yor,\u201d<\/em> diye belirtiyor.<\/p>\n<p><strong>Nynas ve Stena Recycling aras\u0131ndaki i\u015f birli\u011fi<\/strong>, orijinal ekipman \u00fcreticilerini (OEM), elektrik \u015firketlerini ve iletim sistemi operat\u00f6rlerini (TSO) <strong>s\u00fcrd\u00fcr\u00fclebilir d\u00f6ng\u00fcsel \u00e7\u00f6z\u00fcmlere ge\u00e7i\u015f<\/strong> konusunda destekleyecek.<\/p>\n<p><strong>Stena Recycling Tehlikeli At\u0131klar M\u00fcd\u00fcr\u00fc Jan-Erik Andersson,<\/strong> <em>\u201cKuzey Avrupa\u2019da t\u00fcm at\u0131k t\u00fcrlerini kapsayan 100\u2019\u00fcn \u00fczerindeki <strong>at\u0131k toplama merkezi<\/strong> ve <strong>trafo ya\u011f\u0131 i\u00e7in<\/strong> \u00e7ok say\u0131daki depolama noktas\u0131 ile Stena Recycling, sekt\u00f6re eksiksiz ve esnek bir \u015fekilde<strong> at\u0131k toplama \u00e7\u00f6z\u00fcmleri sunma<\/strong> kapasitesine sahip,\u201d<\/em> diyor.<\/p>","protected":false},"excerpt":{"rendered":"<p>Sorry, this entry is only available in Turkish. For the sake of viewer convenience, the content is shown below in the alternative language. You may click the link to switch the active language. Nynas ve Stena Recycling stratejik bir i\u015f birli\u011fi kurarak Nynas\u2019\u0131n birinci s\u0131n\u0131f rafinasyon teknolojisini ve pazar lideri d\u00f6ng\u00fcsel trafo s\u0131v\u0131s\u0131n\u0131 Stena\u2019n\u0131n geni\u015f [&hellip;]<\/p>\n","protected":false},"author":1,"featured_media":186238,"comment_status":"open","ping_status":"open","sticky":false,"template":"","format":"standard","meta":[],"categories":[53,44],"tags":[113139,2529,85017,113140,109291,113137,101738,109293,113138,109922,95559],"views":28,"_links":{"self":[{"href":"https:\/\/www.enerjigazetesi.ist\/en\/wp-json\/wp\/v2\/posts\/186236"}],"collection":[{"href":"https:\/\/www.enerjigazetesi.ist\/en\/wp-json\/wp\/v2\/posts"}],"about":[{"href":"https:\/\/www.enerjigazetesi.ist\/en\/wp-json\/wp\/v2\/types\/post"}],"author":[{"embeddable":true,"href":"https:\/\/www.enerjigazetesi.ist\/en\/wp-json\/wp\/v2\/users\/1"}],"replies":[{"embeddable":true,"href":"https:\/\/www.enerjigazetesi.ist\/en\/wp-json\/wp\/v2\/comments?post=186236"}],"version-history":[{"count":0,"href":"https:\/\/www.enerjigazetesi.ist\/en\/wp-json\/wp\/v2\/posts\/186236\/revisions"}],"wp:featuredmedia":[{"embeddable":true,"href":"https:\/\/www.enerjigazetesi.ist\/en\/wp-json\/wp\/v2\/media\/186238"}],"wp:attachment":[{"href":"https:\/\/www.enerjigazetesi.ist\/en\/wp-json\/wp\/v2\/media?parent=186236"}],"wp:term":[{"taxonomy":"category","embeddable":true,"href":"https:\/\/www.enerjigazetesi.ist\/en\/wp-json\/wp\/v2\/categories?post=186236"},{"taxonomy":"post_tag","embeddable":true,"href":"https:\/\/www.enerjigazetesi.ist\/en\/wp-json\/wp\/v2\/tags?post=186236"}],"curies":[{"name":"wp","href":"https:\/\/api.w.org\/{rel}","templated":true}]}}