{"id":186203,"date":"2024-03-25T18:15:27","date_gmt":"2024-03-25T15:15:27","guid":{"rendered":"https:\/\/www.enerjigazetesi.ist\/?p=186203"},"modified":"2024-03-25T18:37:29","modified_gmt":"2024-03-25T15:37:29","slug":"dijital-olceklenmenin-yolu-yapay-zeka-altyapisindan-geciyor","status":"publish","type":"post","link":"https:\/\/www.enerjigazetesi.ist\/en\/dijital-olceklenmenin-yolu-yapay-zeka-altyapisindan-geciyor\/","title":{"rendered":"(Turkish) &#8221;Dijital \u00d6l\u00e7eklenmenin Yolu Yapay Zeka Altyap\u0131s\u0131ndan Ge\u00e7iyor&#8221;"},"content":{"rendered":"<p class=\"qtranxs-available-languages-message qtranxs-available-languages-message-en\">Sorry, this entry is only available in <a href=\"https:\/\/www.enerjigazetesi.ist\/tr\/wp-json\/wp\/v2\/posts\/186203\" class=\"qtranxs-available-language-link qtranxs-available-language-link-tr\" title=\"Turkish\">Turkish<\/a>. For the sake of viewer convenience, the content is shown below in the alternative language. You may click the link to switch the active language.<\/p><p><\/p>\n<h2>Dijital ve yapay zeka d\u00f6n\u00fc\u015f\u00fcm\u00fcn\u00fc, 5 ana stratejik \u00f6nceli\u011finden biri olarak g\u00f6ren Sabanc\u0131 Toplulu\u011fu, bu alanda d\u00fczenlenen uluslararas\u0131 organizasyonlarda da T\u00fcrk i\u015f d\u00fcnyas\u0131n\u0131 temsil etmeyi s\u00fcrd\u00fcr\u00fcyor.<\/h2>\n<p style=\"text-align: center;\"><img loading=\"lazy\" class=\"aligncenter wp-image-186206\" src=\"https:\/\/www.enerjigazetesi.ist\/wp-content\/uploads\/2024\/03\/dijital-olceklenmenin-yolu-yapay-zeka-altyapisindan-geciyor-2.jpg\" alt=\"\" width=\"500\" height=\"333\" srcset=\"https:\/\/www.enerjigazetesi.ist\/wp-content\/uploads\/2024\/03\/dijital-olceklenmenin-yolu-yapay-zeka-altyapisindan-geciyor-2.jpg 550w, https:\/\/www.enerjigazetesi.ist\/wp-content\/uploads\/2024\/03\/dijital-olceklenmenin-yolu-yapay-zeka-altyapisindan-geciyor-2-300x200.jpg 300w, https:\/\/www.enerjigazetesi.ist\/wp-content\/uploads\/2024\/03\/dijital-olceklenmenin-yolu-yapay-zeka-altyapisindan-geciyor-2-500x333.jpg 500w, https:\/\/www.enerjigazetesi.ist\/wp-content\/uploads\/2024\/03\/dijital-olceklenmenin-yolu-yapay-zeka-altyapisindan-geciyor-2-75x50.jpg 75w, https:\/\/www.enerjigazetesi.ist\/wp-content\/uploads\/2024\/03\/dijital-olceklenmenin-yolu-yapay-zeka-altyapisindan-geciyor-2-450x300.jpg 450w\" sizes=\"(max-width: 500px) 100vw, 500px\" \/><\/p>\n<p>D\u00fcnyan\u0131n \u00f6nde gelen yay\u0131n gruplar\u0131ndan The Economist taraf\u0131ndan \u0130ngiltere\u2019nin ba\u015fkenti Londra\u2019da <strong>\u201cYapay Zek\u00e2y\u0131 Ku\u015fanmak: Korkudan Servete\u201d<\/strong> temas\u0131yla d\u00fczenlenen <strong>Y\u0131ll\u0131k \u0130\u015f D\u00fcnyas\u0131 \u0130novasyon Zirvesi\u2019ne<\/strong> kat\u0131lan <strong>Sabanc\u0131 Holding Dijital Grup Ba\u015fkan\u0131 Max Speur,<\/strong> \u201cVerinin \u00d6nc\u00fcleri: \u0130\u015ften Sa\u011flanan Veriyi Yapay Zek\u00e2 i\u00e7in Kullanmak\u201d panelinde konu\u015ftu. Veri kalitesi ve eri\u015febilirli\u011fi hakk\u0131nda de\u011ferlendirmelerde bulunan Max Speur, yapay zek\u00e2 modellerini \u00e7al\u0131\u015ft\u0131rmak i\u00e7in gerekli altyap\u0131lar\u0131n \u00f6nemine dikkat \u00e7ekti.<\/p>\n<p>Bug\u00fcn\u00fcn d\u00fcnyas\u0131nda verinin art\u0131k yeni hammadde oldu\u011funu ifade eden <strong>Max Speur<\/strong>, <em>\u201cFakat dijital d\u00f6n\u00fc\u015f\u00fcm\u00fcn do\u011fru \u015fekilde uygulanabilmesi i\u00e7in verinin kalitesi kadar ortam de\u011fi\u015fkenleri de \u00e7ok \u00f6nemli. Kamuoyunda s\u0131kl\u0131kla kullan\u0131lan bir ifade var: <strong>\u2018Veri art\u0131k yeni petrol.\u2019<\/strong> Bu ifade, verinin<img loading=\"lazy\" class=\"alignright wp-image-186207\" src=\"https:\/\/www.enerjigazetesi.ist\/wp-content\/uploads\/2024\/03\/dijital-olceklenmenin-yolu-yapay-zeka-altyapisindan-geciyor-1.jpg\" alt=\"\" width=\"320\" height=\"271\" srcset=\"https:\/\/www.enerjigazetesi.ist\/wp-content\/uploads\/2024\/03\/dijital-olceklenmenin-yolu-yapay-zeka-altyapisindan-geciyor-1.jpg 550w, https:\/\/www.enerjigazetesi.ist\/wp-content\/uploads\/2024\/03\/dijital-olceklenmenin-yolu-yapay-zeka-altyapisindan-geciyor-1-300x254.jpg 300w, https:\/\/www.enerjigazetesi.ist\/wp-content\/uploads\/2024\/03\/dijital-olceklenmenin-yolu-yapay-zeka-altyapisindan-geciyor-1-473x400.jpg 473w, https:\/\/www.enerjigazetesi.ist\/wp-content\/uploads\/2024\/03\/dijital-olceklenmenin-yolu-yapay-zeka-altyapisindan-geciyor-1-59x50.jpg 59w, https:\/\/www.enerjigazetesi.ist\/wp-content\/uploads\/2024\/03\/dijital-olceklenmenin-yolu-yapay-zeka-altyapisindan-geciyor-1-500x423.jpg 500w\" sizes=\"(max-width: 320px) 100vw, 320px\" \/> de\u011ferini anlatmak i\u00e7in do\u011fru olabilir. Ama tek ba\u015f\u0131na yeterli de\u011fil. \u00c7\u00fcnk\u00fc petrolle arabay\u0131 \u00e7al\u0131\u015ft\u0131rabilirsiniz ama o araban\u0131n istedi\u011finiz yere gidebilmesi i\u00e7in do\u011fru lojistik, i\u015fletme ve teslimat altyap\u0131s\u0131na ihtiyac\u0131n\u0131z var\u201d<\/em> ifadelerini kulland\u0131.<\/p>\n<p>Son y\u0131llarda i\u015f d\u00fcnyas\u0131n\u0131n yapay zek\u00e2 oda\u011f\u0131nda b\u00fcy\u00fck bir d\u00f6n\u00fc\u015f\u00fcmden ge\u00e7ti\u011fini ifade eden Max Speur, <em>\u201cBu d\u00f6n\u00fc\u015f\u00fcm sa\u011flad\u0131\u011f\u0131 b\u00fcy\u00fck teknolojik ilerlemenin yan\u0131nda, kaynak kullan\u0131m\u0131 konusunda da ciddi soru i\u015faretlerini beraberinde getiriyor. Bug\u00fcn bu alanda yap\u0131lan \u00e7al\u0131\u015fmalar\u0131 \u015fu soru e\u015fli\u011finde ger\u00e7ekle\u015ftirmek zorunday\u0131z: <strong>\u2018Yapay zek\u00e2 modellerini do\u011fru ve etkin \u015fekilde \u00e7al\u0131\u015ft\u0131rabilmek i\u00e7in gerekli altyap\u0131ya ve yetkinliklere sahip miyiz?\u2019<\/strong> Yapay zek\u00e2 \u00e7ok ciddi bir i\u015fletim g\u00fcc\u00fc, depolama kabiliyeti ve enerji gerektiriyor. Fakat bulut teknolojileri ve veri merkezlerini de b\u00fcnyesinde bar\u0131nd\u0131ran altyap\u0131 hizmetleri, orta vadede ihtiyac\u0131 kar\u015f\u0131lamaktan \u00e7ok uzak. Dolay\u0131s\u0131yla yapay zek\u00e2 odakl\u0131 dijital d\u00f6n\u00fc\u015f\u00fcm i\u00e7in bu kaynaklar\u0131 sa\u011flayabilecek altyap\u0131 yat\u0131r\u0131mlar\u0131n\u0131n b\u00fcy\u00fck \u00f6nemli bulunuyor\u201d<\/em> \u015feklinde konu\u015ftu.<\/p>\n<h3><strong>\u201cMAX SPEUR: K\u00dcRESEL \u00d6L\u00c7EKTE 38 GW\u2019L\u0130K \u0130LAVE B\u0130R KAPAS\u0130TEYE \u0130HT\u0130YA\u00c7 VAR\u201d<\/strong><\/h3>\n<p>Yap\u0131lan bilimsel ara\u015ft\u0131rmalara g\u00f6re, yapay zek\u00e2 modellerinin getirdi\u011fi ilave y\u00fckleri \u00e7al\u0131\u015ft\u0131rabilmek i\u00e7in, yak\u0131n gelecekte <strong>38 GW<\/strong>&#8216;lik ilave bir kapasiteye ihtiya\u00e7 duyulaca\u011f\u0131n\u0131 ifade eden Max Speur \u015funlar\u0131 kaydetti: <em>\u201cAncak ne veri merkezi end\u00fcstrisi ne de kurumsal \u015firketler taraf\u0131nda, bu y\u00f6nde b\u00fcy\u00fck yat\u0131r\u0131mlar g\u00f6rm\u00fcyoruz. Sabanc\u0131 olarak, bizim bu alana odaklanmam\u0131z\u0131n ana nedenlerinden biri de bu. Burada ikili bir hedef setinden bahsedebiliriz. Birinci olarak, burada bir \u00f6l\u00e7eklenme f\u0131rsat\u0131 g\u00f6r\u00fcyoruz. Ve bu yat\u0131r\u0131mlar\u0131n, Sabanc\u0131\u2019n\u0131n dijitale bak\u0131\u015f a\u00e7\u0131s\u0131n\u0131, gelecek teknolojilerin geli\u015ftiricisi olma vizyonunu \u00e7ok iyi yans\u0131tt\u0131\u011f\u0131n\u0131 d\u00fc\u015f\u00fcn\u00fcyoruz. Di\u011fer yandan da, bulut teknolojilerinin, \u00f6l\u00e7eklenebilir dijital teknoloji platformlar\u0131n ve ye\u015fil hiper \u00f6l\u00e7ekli veri merkezlerinin, d\u00fcnyadaki ye\u015fil d\u00f6n\u00fc\u015f\u00fcm\u00fcn de ana motoru olaca\u011f\u0131na inan\u0131yoruz. Bu d\u00f6n\u00fc\u015f\u00fcm, Sabanc\u0131 olarak bizim Topluluk Vaadimizin de tam merkezinde yer al\u0131yor. Di\u011fer yandan, dijitali ger\u00e7ek anlamda bir i\u015f k\u00fclt\u00fcr\u00fc haline getirmenin, dijital i\u015fletmeler olu\u015fturman\u0131n ve silolar\u0131 kal\u0131c\u0131 \u015fekilde ortadan kald\u0131rman\u0131n yolu da bu yat\u0131r\u0131mlardan ge\u00e7iyor.\u201d<\/em><\/p>","protected":false},"excerpt":{"rendered":"<p>Sorry, this entry is only available in Turkish. For the sake of viewer convenience, the content is shown below in the alternative language. You may click the link to switch the active language. Dijital ve yapay zeka d\u00f6n\u00fc\u015f\u00fcm\u00fcn\u00fc, 5 ana stratejik \u00f6nceli\u011finden biri olarak g\u00f6ren Sabanc\u0131 Toplulu\u011fu, bu alanda d\u00fczenlenen uluslararas\u0131 organizasyonlarda da T\u00fcrk i\u015f [&hellip;]<\/p>\n","protected":false},"author":1,"featured_media":186205,"comment_status":"open","ping_status":"open","sticky":false,"template":"","format":"standard","meta":[],"categories":[53,157],"tags":[31910,98653,50959,23777,30764],"views":29,"_links":{"self":[{"href":"https:\/\/www.enerjigazetesi.ist\/en\/wp-json\/wp\/v2\/posts\/186203"}],"collection":[{"href":"https:\/\/www.enerjigazetesi.ist\/en\/wp-json\/wp\/v2\/posts"}],"about":[{"href":"https:\/\/www.enerjigazetesi.ist\/en\/wp-json\/wp\/v2\/types\/post"}],"author":[{"embeddable":true,"href":"https:\/\/www.enerjigazetesi.ist\/en\/wp-json\/wp\/v2\/users\/1"}],"replies":[{"embeddable":true,"href":"https:\/\/www.enerjigazetesi.ist\/en\/wp-json\/wp\/v2\/comments?post=186203"}],"version-history":[{"count":0,"href":"https:\/\/www.enerjigazetesi.ist\/en\/wp-json\/wp\/v2\/posts\/186203\/revisions"}],"wp:featuredmedia":[{"embeddable":true,"href":"https:\/\/www.enerjigazetesi.ist\/en\/wp-json\/wp\/v2\/media\/186205"}],"wp:attachment":[{"href":"https:\/\/www.enerjigazetesi.ist\/en\/wp-json\/wp\/v2\/media?parent=186203"}],"wp:term":[{"taxonomy":"category","embeddable":true,"href":"https:\/\/www.enerjigazetesi.ist\/en\/wp-json\/wp\/v2\/categories?post=186203"},{"taxonomy":"post_tag","embeddable":true,"href":"https:\/\/www.enerjigazetesi.ist\/en\/wp-json\/wp\/v2\/tags?post=186203"}],"curies":[{"name":"wp","href":"https:\/\/api.w.org\/{rel}","templated":true}]}}