{"id":186181,"date":"2024-03-25T15:22:17","date_gmt":"2024-03-25T12:22:17","guid":{"rendered":"https:\/\/www.enerjigazetesi.ist\/?p=186181"},"modified":"2024-03-25T15:22:53","modified_gmt":"2024-03-25T12:22:53","slug":"yenilenebilir-enerji-sektoru-daha-etkin-idari-izin-sureclerine-ihtiyac-duyuyor","status":"publish","type":"post","link":"https:\/\/www.enerjigazetesi.ist\/en\/yenilenebilir-enerji-sektoru-daha-etkin-idari-izin-sureclerine-ihtiyac-duyuyor\/","title":{"rendered":"(Turkish) &#8221;Yenilenebilir Sekt\u00f6r\u00fc Daha Etkin \u0130dari \u0130zin S\u00fcre\u00e7lerine \u0130htiya\u00e7 Duyuyor&#8221;"},"content":{"rendered":"<p class=\"qtranxs-available-languages-message qtranxs-available-languages-message-en\">Sorry, this entry is only available in <a href=\"https:\/\/www.enerjigazetesi.ist\/tr\/wp-json\/wp\/v2\/posts\/186181\" class=\"qtranxs-available-language-link qtranxs-available-language-link-tr\" title=\"Turkish\">Turkish<\/a>. For the sake of viewer convenience, the content is shown below in the alternative language. You may click the link to switch the active language.<\/p><p><\/p>\n<h2><strong>T\u00fcrkiye\u2019nin temiz enerji d\u00f6n\u00fc\u015f\u00fcm\u00fcne b\u00fcy\u00fck katk\u0131lar sunan \u015firketlerden Eksim Enerji\u2019nin CEO&#8217;su Ark\u0131n Akbay, \u00fclkemizin enerji \u00fcretimindeki geli\u015fmelerini payla\u015farak yenilenebilir d\u00f6n\u00fc\u015f\u00fcm\u00fcn ula\u015ft\u0131\u011f\u0131 son noktay\u0131 de\u011ferlendirdi. YEKDEM uygulamalar\u0131 ve yenilenebilir enerji yat\u0131r\u0131mlar\u0131n\u0131n mevcut durumu \u00fczerine d\u00fc\u015f\u00fcncelerini payla\u015fan Akbay,<\/strong> <strong>yenilenebilir enerji santrallerinin kapasite art\u0131\u015f\u0131 ve hibrit \u00fcretim tesisleri yat\u0131r\u0131mlar\u0131 a\u00e7\u0131s\u0131ndan daha etkin idari izin s\u00fcre\u00e7leri y\u00f6netimine ihtiya\u00e7 duydu\u011funu belirtti.<\/strong><\/h2>\n<p>T\u00fcrkiye\u2019nin sahip oldu\u011fu yenilenebilir enerji kaynaklar\u0131n\u0131n etkin kullan\u0131m\u0131n\u0131 esas alan \u201cYenilenebilir Enerji Kaynaklar\u0131n\u0131 Destekleme Mekanizmas\u0131\u201d (YEKDEM) ile son y\u0131llarda sekt\u00f6r\u00fcn geli\u015fimine ciddi <img loading=\"lazy\" class=\"alignright wp-image-186184\" src=\"https:\/\/www.enerjigazetesi.ist\/wp-content\/uploads\/2024\/03\/yenilenebilir-enerji-sektoru-daha-etkin-idari-izin-sureclerine-ihtiyac-duyuyor-1.jpg\" alt=\"\" width=\"320\" height=\"301\" data-wp-editing=\"1\" srcset=\"https:\/\/www.enerjigazetesi.ist\/wp-content\/uploads\/2024\/03\/yenilenebilir-enerji-sektoru-daha-etkin-idari-izin-sureclerine-ihtiyac-duyuyor-1.jpg 510w, https:\/\/www.enerjigazetesi.ist\/wp-content\/uploads\/2024\/03\/yenilenebilir-enerji-sektoru-daha-etkin-idari-izin-sureclerine-ihtiyac-duyuyor-1-300x282.jpg 300w, https:\/\/www.enerjigazetesi.ist\/wp-content\/uploads\/2024\/03\/yenilenebilir-enerji-sektoru-daha-etkin-idari-izin-sureclerine-ihtiyac-duyuyor-1-425x400.jpg 425w, https:\/\/www.enerjigazetesi.ist\/wp-content\/uploads\/2024\/03\/yenilenebilir-enerji-sektoru-daha-etkin-idari-izin-sureclerine-ihtiyac-duyuyor-1-53x50.jpg 53w, https:\/\/www.enerjigazetesi.ist\/wp-content\/uploads\/2024\/03\/yenilenebilir-enerji-sektoru-daha-etkin-idari-izin-sureclerine-ihtiyac-duyuyor-1-500x471.jpg 500w\" sizes=\"(max-width: 320px) 100vw, 320px\" \/>katk\u0131 sa\u011fland\u0131. D\u00fcnya\u2019da uygulanan yenilenebilir enerji \u00fcretim trendlerini de\u011ferlendiren <strong>Eksim Enerji CEO&#8217;su Ark\u0131n Akbay<\/strong> yapt\u0131\u011f\u0131 a\u00e7\u0131klamada; <em>\u201cYEKDEM, enerji \u00fcretim tesislerinin yat\u0131r\u0131ma d\u00f6n\u00fc\u015f\u00fcm s\u00fcre\u00e7lerinde kritik rol oynuyor. Son t\u00fcketiciye y\u00f6nelik uzun vadeli elektrik sat\u0131\u015f anla\u015fmalar\u0131na g\u00f6sterge olan sistem, projelerde finansman kaynaklar\u0131na daha ekonomik ula\u015f\u0131m\u0131na da imkan sa\u011fl\u0131yor. Ayr\u0131ca yat\u0131r\u0131mlar\u0131n yap\u0131labilir seviyede fiyat olu\u015fumuna da olanak sa\u011flayan sistem, arz g\u00fcvenli\u011fi ve elektrifikasyonda ekonomik b\u00fcy\u00fcmenin \u00f6n\u00fcn\u00fc a\u00e7\u0131yor. E-mobilitenin, kay\u0131t zinciri madencili\u011finin ve veri merkezleri kurulumunun h\u0131zla artt\u0131\u011f\u0131 bu d\u00f6nemde yenilenebilir d\u00f6n\u00fc\u015f\u00fcme katk\u0131 sa\u011flayan sistem, uzun vadeli elektrik fiyatlar\u0131n\u0131 t\u00fcketici ve \u00fcreticinin memnun olaca\u011f\u0131 seviyede tutarak temiz enerjiyi eri\u015filebilir k\u0131l\u0131yor.\u201d<\/em> dedi.<\/p>\n<p>Enerjide ye\u015fil d\u00f6n\u00fc\u015f\u00fcm kapsam\u0131nda yenilenebilir enerji alan\u0131ndaki \u00fcretimlerin <strong>hidrolik, r\u00fczgar, g\u00fcne\u015f, jeotermal, biyok\u00fctle ve biyogaz<\/strong> gibi \u00e7e\u015fitli tesis t\u00fcrlerine da\u011f\u0131t\u0131ld\u0131\u011f\u0131n\u0131 ifade eden Akbay; mevcut tesislerin kapasite art\u0131\u015flar\u0131n\u0131 da ayr\u0131ca projelendirerek \u00f6zellikle elektrik iletim hatlar\u0131nda kapasite kullan\u0131m\u0131n\u0131n art\u0131r\u0131labilece\u011finin ve bu sayede iletim hatlar\u0131na yat\u0131r\u0131m\u0131n daha ekonomik konumland\u0131r\u0131labilece\u011finin de alt\u0131n\u0131 \u00e7izdi. Bu durumun, elektrik maliyetlerinin azalmas\u0131 sonucu t\u00fcketicinin refah pay\u0131na do\u011frudan olumlu \u015fekilde yans\u0131yaca\u011f\u0131n\u0131 da ekleyen Akbay, <em>\u201cMevcut \u00fcretim kayna\u011f\u0131n\u0131 ek \u00fcretim kapasitesi yat\u0131r\u0131mlar\u0131yla b\u00fcy\u00fctmek, ekonomik olarak avantajl\u0131 oldu\u011fu gibi arz g\u00fcvenli\u011fine de h\u0131zl\u0131 destek sa\u011flayacakt\u0131r.\u201d<\/em> ifadelerini kulland\u0131.<\/p>\n<h3><strong>Kamu y\u00f6netiminin deste\u011fi kritik\u00a0<\/strong><\/h3>\n<p>T\u00fcrkiye&#8217;nin, enerji gibi kritik sekt\u00f6rlerde proje izin s\u00fcre\u00e7lerini h\u0131zland\u0131racak yeni uygulamalara ihtiyac\u0131 oldu\u011funu vurgulayan Akbay, <em>\u201cYenilenebilir enerji ekosistemi ile iklim de\u011fi\u015fikli\u011fini tersine \u00e7evirmeye \u00e7al\u0131\u015fan ve t\u00fcketiciyi koruyan \u00fcretim santralleri, \u00f6zellikle kapasite art\u0131\u015f\u0131 ve hibrit \u00fcretim tesisleri yat\u0131r\u0131mlar\u0131n\u0131n h\u0131zl\u0131 devreye girebilmesi i\u00e7in daha etkin idari izin s\u00fcre\u00e7lerine ihtiya\u00e7 duyuyor. Bu durum, enerjide arz g\u00fcvenli\u011finin sa\u011flanmas\u0131 a\u00e7\u0131s\u0131ndan da \u00f6nem arz ediyor.\u201d<\/em> ifadelerine yer verdi.<\/p>\n<p>Hibrit uygulamalar\u0131n ve YEKA modeliyle yap\u0131lan yat\u0131r\u0131mlar\u0131n avantajlar\u0131n\u0131 aktaran<strong> Akbay,<\/strong> <em>\u201cYenilenebilir enerji kaynaklar\u0131ndan elektrik \u00fcreten \u015firketler; birim alanda daha fazla enerjiyi daha d\u00fc\u015f\u00fck maliyetle \u00fcretebilmek i\u00e7in \u00f6zellikle kapasite art\u0131\u015f\u0131, hibrit \u00fcretim tesisi yat\u0131r\u0131m\u0131 ve yeniden g\u00fc\u00e7lendirme yat\u0131r\u0131mlar\u0131 gibi \u00e7ok \u00e7e\u015fitli ve teknik konularda ara\u015ft\u0131rma-geli\u015ftirme faaliyetlerine mesai harc\u0131yor. Mevcut tesislerin kapasite art\u0131\u015flar\u0131 ve hibrit uygulamalar, sadece birim alanda daha fazla enerji \u00fcretilmesini sa\u011flamakla kalmay\u0131p, ayn\u0131 zamanda enerjinin en uygun maliyetle \u00fcretilmesini de m\u00fcmk\u00fcn k\u0131l\u0131yor. Bu yat\u0131r\u0131mlar\u0131n h\u0131zla ekonomiye kazand\u0131r\u0131lmas\u0131 i\u00e7in idari izin s\u00fcre\u00e7lerini kolayla\u015ft\u0131r\u0131c\u0131 d\u00fczenlemelerin ger\u00e7ekle\u015ftirilmesi, yat\u0131r\u0131mlar\u0131n daha seri hayata ge\u00e7irilmesine imk\u00e2n sa\u011flayacakt\u0131r. Daha spesifik olmak gerekirse, \u00f6zellikle \u00f6n ve kesin izin s\u00fcre\u00e7lerinde kurumlar\u0131n ayn\u0131 proje i\u00e7in pek \u00e7ok kez farkl\u0131 kamu kurulu\u015flar\u0131n\u0131n g\u00f6r\u00fc\u015flerini almas\u0131 ve yerel b\u00f6lge ile i\u015fletmelerde verilmesi, daha uygun olan izinlerin, direk merkezi idarenin g\u00f6r\u00fc\u015flerine sunulmas\u0131; ayn\u0131 izinler i\u00e7in hem b\u00f6lgelerde hem de merkezi idarede komisyonlar kurulmak suretiyle onay mekanizmalar\u0131n\u0131n i\u015fletilmesi; imza s\u00fcre\u00e7lerinde yer alan onay makamlar\u0131n\u0131n yo\u011funluklar\u0131 sebebiyle uzun s\u00fcrmesi gibi temel konularda \u00f6nemli iyile\u015ftirme potansiyeli bulunuyor.\u201d<\/em> dedi.<\/p>\n<h3><strong>\u201cYap\u0131lan her yat\u0131r\u0131m elektri\u011fin temiz ve eri\u015filebilirli\u011fine imkan sa\u011fl\u0131yor\u201d<\/strong><\/h3>\n<p>Akbay, s\u00f6zlerine \u015f\u00f6yle devam etti: <em>\u201cBakanl\u0131\u011f\u0131m\u0131z, EPDK ve\u00a0TE\u0130A\u015e, global enerji ekosistemi a\u00e7\u0131s\u0131ndan \u00f6rnek te\u015fkil edecek \u00e7al\u0131\u015fmalar\u0131yla \u00fclkemizin yerli imkanlarla enerji \u00fcretimine y\u00f6nelik deste\u011fine devam ediyor. Elektronik imza s\u00fcre\u00e7leri bu i\u015flemlere h\u0131z katm\u0131\u015f olsa da bahsetti\u011fim alanlardaki d\u00fczenlemeler, projelerin devreye giri\u015f h\u0131zlar\u0131na katk\u0131 sa\u011flayacakt\u0131r. Geciken yat\u0131r\u0131m\u0131n elektrik ar\u0131za etkisi, b\u00fcy\u00fcme d\u00f6nemlerinde elektrik fiyat\u0131n\u0131n art\u0131\u015f\u0131 gibi bir sarmal olu\u015fturma potansiyeline sahip. Neticede yap\u0131lan her yat\u0131r\u0131m, elektri\u011fin temiz ve eri\u015filebilirli\u011fine imkan sa\u011flayarak t\u00fcketicinin lehine sonu\u00e7lar do\u011furuyor. Hen\u00fcz etkilerini kuvvetli ya\u015famad\u0131k ancak karbon sal\u0131m\u0131 olan geli\u015fmi\u015f \u00fclkelerin piyasalar\u0131nda fiyat art\u0131\u015flar\u0131 ya\u015fan\u0131yor. Bu art\u0131\u015flar\u0131n bizim sanayimize de yans\u0131d\u0131\u011f\u0131 ve ilerleyen s\u00fcre\u00e7te daha fazla hissedilece\u011fi a\u015fikar. Re\u00e7etenin ba\u015f\u0131nda yenilenebilir enerjiye d\u00f6n\u00fc\u015f\u00fcm geliyor.\u201d<\/em> ifadelerini kulland\u0131.<\/p>\n<h3><strong>\u00a0\u201cSanayinin b\u00fcy\u00fcme sermayesini olumsuz etkileyebilir\u201d<\/strong><\/h3>\n<p>Lisanss\u0131z \u00fcretim tesisleri konusunda da de\u011ferlendirmelerde bulunan Akbay, \u00f6z t\u00fcketime dayal\u0131 yenilenebilir enerji santrallerinin, lisansl\u0131 \u00fcretim tesisleri ile ayn\u0131 maliyet yap\u0131s\u0131 ve uzla\u015ft\u0131rma zamanlamas\u0131na sahip oldu\u011funa de\u011finerek, <em>\u201c\u00d6z t\u00fcketim hedefiyle, t\u00fcketimin oldu\u011fu tesisten farkl\u0131 bir yerde kurulmas\u0131 planlanan \u00fcretim tesislerinin, verimsiz \u00fcretime sebebiyet verecek yerlerde konumland\u0131r\u0131lmas\u0131 ihtimali dikkate al\u0131nmal\u0131. Bu da d\u00fc\u015f\u00fck kapasite kullan\u0131m\u0131 ve enerji kalitesinin g\u00fcvenli\u011fi gibi bug\u00fcn var olmayan sorunlar\u0131n \u00f6n\u00fcn\u00fc a\u00e7abilir. Bu tip se\u00e7imler, yat\u0131r\u0131mlar\u0131n fizibilitesini d\u00fc\u015f\u00fcrerek \u00fclkemizde sanayinin b\u00fcy\u00fcme sermayesini olumsuz etkileyebilir.\u201d dedi. Akbay, \u201cYenilenebilir enerji santrallerine uzun y\u0131llar yat\u0131r\u0131m yaparak y\u00fcksek tecr\u00fcbe kazanm\u0131\u015f olan \u00fcretim \u015firketleri, ilk kez bu alana yat\u0131r\u0131m yapmay\u0131 planlayan i\u015fletmelere k\u0131yasla en verimli alanlar\u0131 se\u00e7ebilme ve i\u015fletebilme kabiliyetine sahip. B\u00f6ylece, daha<strong> \u2018d\u00fc\u015f\u00fck maliyet-\u00fcst\u00fcn kapasite\u2019 dengesini<\/strong> kuran tedarik g\u00fcvencesi sa\u011flanabilecektir. Bu potansiyelin \u00f6n\u00fcn\u00fc a\u00e7acak reg\u00fclatif d\u00fczenlemelerin h\u0131zl\u0131ca hayata ge\u00e7irilmesi, sekt\u00f6r\u00fcn geli\u015fmesi a\u00e7\u0131s\u0131ndan y\u00fcksek \u00f6neme sahip.\u201d<\/em> \u015feklinde konu\u015ftu.<\/p>\n<h3>\u201c<strong>Lisansl\u0131 \u00fcreticilere ek mali y\u00fckler olu\u015fturulmamal\u0131\u201d\u00a0<\/strong><\/h3>\n<p>Lisanss\u0131z \u00fcretim tesislerinin \u00f6z t\u00fcketim odakl\u0131 yenilenebilir enerji santralleri olarak geli\u015ftirilmesi gerekti\u011fini ve bu konuda yap\u0131lacak d\u00fczenlemelerin sekt\u00f6r\u00fcn b\u00fcy\u00fcmesine \u00f6nemli katk\u0131 sa\u011flayaca\u011f\u0131n\u0131 belirten Akbay,<em> \u201cUzun vadeli yenilenebilir enerji tedarik anla\u015fmalar\u0131n\u0131n te\u015fvik edilmesi, finansman kurulu\u015flar\u0131n\u0131n projelere daha uygun maliyetli kredi sa\u011flamas\u0131 a\u00e7\u0131s\u0131ndan \u00f6nem ta\u015f\u0131yor. Depolama entegreli yenilenebilir enerji tesislerine y\u00f6nelik idari izin s\u00fcre\u00e7lerinin s\u0131k\u0131 takibi, projelerin etkinli\u011fini ve \u015febeke kalitesini art\u0131racakt\u0131r. Ayr\u0131ca lisanss\u0131z \u00fcretim tesislerinin \u015febeke enerji kalitesi \u00fczerindeki etkisinin dengelenmesi de gerekiyor. Lisanss\u0131z \u00fcretimin yaratabilece\u011fi enerji dengesizli\u011finin, lisansl\u0131 \u00fcreticiler taraf\u0131ndan \u00fcstlenilmemesi ve bundan kaynakl\u0131 olarak lisans sahibi tesislere ek mali y\u00fckler olu\u015fturulmamas\u0131 \u00f6nem arz ediyor. Lisanss\u0131z tesis \u00fcreticisi, \u00f6zellikle t\u00fcketim noktas\u0131ndan farkl\u0131 bir yerde tesis in\u015fa etmesi halinde \u00fcretim plan\u0131ndaki sapman\u0131n maliyetlerini \u00fcstlenmeli ve gerekirse kendi depolama tesisleri ile kesintili \u00fcretimlerini y\u00f6netmeye sevk edilmelidir.\u201d<\/em> a\u00e7\u0131klamalar\u0131n\u0131 yapt\u0131.<\/p>","protected":false},"excerpt":{"rendered":"<p>Sorry, this entry is only available in Turkish. For the sake of viewer convenience, the content is shown below in the alternative language. You may click the link to switch the active language. T\u00fcrkiye\u2019nin temiz enerji d\u00f6n\u00fc\u015f\u00fcm\u00fcne b\u00fcy\u00fck katk\u0131lar sunan \u015firketlerden Eksim Enerji\u2019nin CEO&#8217;su Ark\u0131n Akbay, \u00fclkemizin enerji \u00fcretimindeki geli\u015fmelerini payla\u015farak yenilenebilir d\u00f6n\u00fc\u015f\u00fcm\u00fcn ula\u015ft\u0131\u011f\u0131 son [&hellip;]<\/p>\n","protected":false},"author":1,"featured_media":186183,"comment_status":"open","ping_status":"open","sticky":false,"template":"","format":"standard","meta":[],"categories":[51,53,50],"tags":[113127,97192,113128,113126,113125,1245],"views":39,"_links":{"self":[{"href":"https:\/\/www.enerjigazetesi.ist\/en\/wp-json\/wp\/v2\/posts\/186181"}],"collection":[{"href":"https:\/\/www.enerjigazetesi.ist\/en\/wp-json\/wp\/v2\/posts"}],"about":[{"href":"https:\/\/www.enerjigazetesi.ist\/en\/wp-json\/wp\/v2\/types\/post"}],"author":[{"embeddable":true,"href":"https:\/\/www.enerjigazetesi.ist\/en\/wp-json\/wp\/v2\/users\/1"}],"replies":[{"embeddable":true,"href":"https:\/\/www.enerjigazetesi.ist\/en\/wp-json\/wp\/v2\/comments?post=186181"}],"version-history":[{"count":0,"href":"https:\/\/www.enerjigazetesi.ist\/en\/wp-json\/wp\/v2\/posts\/186181\/revisions"}],"wp:featuredmedia":[{"embeddable":true,"href":"https:\/\/www.enerjigazetesi.ist\/en\/wp-json\/wp\/v2\/media\/186183"}],"wp:attachment":[{"href":"https:\/\/www.enerjigazetesi.ist\/en\/wp-json\/wp\/v2\/media?parent=186181"}],"wp:term":[{"taxonomy":"category","embeddable":true,"href":"https:\/\/www.enerjigazetesi.ist\/en\/wp-json\/wp\/v2\/categories?post=186181"},{"taxonomy":"post_tag","embeddable":true,"href":"https:\/\/www.enerjigazetesi.ist\/en\/wp-json\/wp\/v2\/tags?post=186181"}],"curies":[{"name":"wp","href":"https:\/\/api.w.org\/{rel}","templated":true}]}}